{"id":1279,"date":"2024-09-17T08:53:16","date_gmt":"2024-09-17T08:53:16","guid":{"rendered":"https:\/\/carpathiacenter.ro\/?p=1279"},"modified":"2024-09-17T08:53:16","modified_gmt":"2024-09-17T08:53:16","slug":"parlamentare2024-bec-alegatorii-care-in-ziua-alegerilor-se-afla-in-strainatate-nu-pot-vota-cu-urna-speciala","status":"publish","type":"post","link":"https:\/\/carpathiacenter.ro\/en\/parlamentare2024-bec-alegatorii-care-in-ziua-alegerilor-se-afla-in-strainatate-nu-pot-vota-cu-urna-speciala\/","title":{"rendered":"Parlamentare2024\/ BEC: Aleg\u0103torii care \u00een ziua alegerilor se afl\u0103 \u00een str\u0103in\u0103tate nu pot vota cu urna special\u0103"},"content":{"rendered":"<div class=\"tdb-block-inner td-fix-index\">\n<p><strong>Biroul Electoral Central pentru alegerea Senatului \u015fi a Camerei Deputa\u0163ilor a adoptat, luni, o decizie privind exercitarea dreptului de vot prin intermediul urnei speciale.<\/strong><\/p>\n<p>Conform deciziei, aleg\u0103torul, care, din motive obiective, cauzate de boal\u0103 sau invaliditate, atestate prin \u00eenscrisuri, nu se poate deplasa la sediul sec\u0163iei de votare organizate \u00een \u0163ar\u0103, poate depune cerere de vot prin intermediul urnei speciale, dac\u0103 are domiciliul sau re\u015fedin\u0163a \u00een circumscrip\u0163ia electoral\u0103 din \u0163ar\u0103 \u00een care se afl\u0103 sec\u0163ia de votare.<\/p>\n<p>\u201cAleg\u0103torii care \u00een ziua alegerilor se afl\u0103 \u00een str\u0103in\u0103tate nu \u00ee\u015fi pot exercita dreptul de vot prin intermediul urnei speciale\u201d, prevede documentul adoptat.<\/p>\n<p>Cererea de vot prin intermediul urnei speciale se va depune la cea mai apropiat\u0103 sec\u0163ie de votare, \u00een preziua vot\u0103rii, \u00eentre orele 18,00 \u015fi 20,00.<\/p>\n<p>Prin excep\u0163ie de la aceste prevederi, cererile de vot prin intermediul urnei speciale vor putea fi depuse la biroul electoral de circumscrip\u0163ie de la nivel jude\u0163ean sau la oficiul electoral de sector al municipiului Bucure\u015fti cel mai t\u00e2rziu la data de 29 noiembrie 2024, ora 17,00, fizic sau prin mijloace electronice.<\/p>\n<p>Totodat\u0103, cererea de vot cu ajutorul urnei speciale poate fi depus\u0103 prin intermediul oric\u0103rei persoane, trebuie s\u0103 fie datat\u0103 \u015fi semnat\u0103 olograf de c\u0103tre aleg\u0103torul care solicit\u0103 urna special\u0103 \u015fi cuprinde, \u00een mod obligatoriu, numele, prenumele, codul numeric personal, domiciliul sau re\u015fedin\u0163a aleg\u0103torului netransportabil (conform men\u0163iunilor din actul de identitate ori din dovada de re\u015fedin\u0163\u0103, dup\u0103 caz), adresa imobilului unde se solicit\u0103 deplasarea echipei, seria \u015fi num\u0103rul actului de identitate, precum \u015fi num\u0103rul de telefon. Lipsa num\u0103rului de telefon nu atrage respingerea cererii.<\/p>\n<p>Cererea de vot prin intermediul urnei speciale trebuie s\u0103 fie \u00eenso\u0163it\u0103 de copii ale oric\u0103rui act din care rezult\u0103 boala, starea de s\u0103n\u0103tate ori de invaliditate; din con\u0163inutul \u00eenscrisurilor primite trebuie s\u0103 se poat\u0103 stabili lipsa posibilit\u0103\u0163ii aleg\u0103torului de a se autodeplasa la sediul sec\u0163iei de votare, nefiind necesar ca acestea s\u0103 cuprind\u0103 \u00een mod expres sintagma \u201cpersoan\u0103 netransportabil\u0103\u201d.<\/p>\n<p>Nu este obligatorie prezentarea unei adeverin\u0163e medicale care s\u0103 fie eliberat\u0103 de medicul de familie al aleg\u0103torului, a mai stabilit BEC. AGERPRES\/(AS \u2013 autor: Alina Nov\u0103ceanu, editor: Andreea Rotaru, editor online: Gabriela Badea)&nbsp;<\/p>\n<p>Sursa: <a href=\"https:\/\/www.agerpres.ro\/politica\/2024\/09\/16\/parlamentare2024-bec-alegatorii-care-in-ziua-alegerilor-se-afla-in-strainatate-nu-pot-vota-cu-urna-speciala--1355708\" target=\"_blank\" rel=\"noopener\" title=\"\">https:\/\/www.agerpres.ro\/politica\/2024\/09\/16\/parlamentare2024-bec-alegatorii-care-in-ziua-alegerilor-se-afla-in-strainatate-nu-pot-vota-cu-urna-speciala\u20131355708<\/a><\/p>\n<\/div>","protected":false},"excerpt":{"rendered":"<p>Biroul Electoral Central pentru alegerea Senatului \u015fi a Camerei Deputa\u0163ilor a adoptat, luni, o decizie privind exercitarea dreptului de vot prin intermediul urnei speciale. Conform deciziei, aleg\u0103torul, care, din motive obiective, cauzate de boal\u0103 sau invaliditate, atestate prin \u00eenscrisuri, nu se poate deplasa la sediul sec\u0163iei de votare organizate \u00een \u0163ar\u0103, poate depune cerere de&#8230;<\/p>","protected":false},"author":4,"featured_media":1280,"comment_status":"open","ping_status":"open","sticky":false,"template":"","format":"standard","meta":{"footnotes":""},"categories":[1],"tags":[],"class_list":["post-1279","post","type-post","status-publish","format-standard","has-post-thumbnail","hentry","category-uncategorized"],"yoast_head":"<!-- This site is optimized with the Yoast SEO plugin v26.1.1 - https:\/\/yoast.com\/wordpress\/plugins\/seo\/ -->\n<title>Parlamentare2024\/ BEC: Aleg\u0103torii care \u00een ziua alegerilor se afl\u0103 \u00een str\u0103in\u0103tate nu pot vota cu urna special\u0103 - Carpathia Center Romania<\/title>\n<meta name=\"robots\" content=\"index, follow, max-snippet:-1, max-image-preview:large, max-video-preview:-1\" \/>\n<link rel=\"canonical\" href=\"https:\/\/carpathiacenter.ro\/en\/parlamentare2024-bec-alegatorii-care-in-ziua-alegerilor-se-afla-in-strainatate-nu-pot-vota-cu-urna-speciala\/\" \/>\n<meta property=\"og:locale\" content=\"en_GB\" \/>\n<meta property=\"og:type\" content=\"article\" \/>\n<meta property=\"og:title\" content=\"Parlamentare2024\/ BEC: Aleg\u0103torii care \u00een ziua alegerilor se afl\u0103 \u00een str\u0103in\u0103tate nu pot vota cu urna special\u0103 - Carpathia Center Romania\" \/>\n<meta property=\"og:description\" content=\"Biroul Electoral Central pentru alegerea Senatului \u015fi a Camerei Deputa\u0163ilor a adoptat, luni, o decizie privind exercitarea dreptului de vot prin intermediul urnei speciale. Conform deciziei, aleg\u0103torul, care, din motive obiective, cauzate de boal\u0103 sau invaliditate, atestate prin \u00eenscrisuri, nu se poate deplasa la sediul sec\u0163iei de votare organizate \u00een \u0163ar\u0103, poate depune cerere de...\" \/>\n<meta property=\"og:url\" content=\"https:\/\/carpathiacenter.ro\/en\/parlamentare2024-bec-alegatorii-care-in-ziua-alegerilor-se-afla-in-strainatate-nu-pot-vota-cu-urna-speciala\/\" \/>\n<meta property=\"og:site_name\" content=\"Carpathia Center Romania\" \/>\n<meta property=\"article:publisher\" content=\"https:\/\/www.facebook.com\/fdpscarpathia\/\" \/>\n<meta property=\"article:published_time\" content=\"2024-09-17T08:53:16+00:00\" \/>\n<meta property=\"og:image\" content=\"https:\/\/carpathiacenter.ro\/wp-content\/uploads\/2024\/09\/Cutie_voturi.jpg\" \/>\n\t<meta property=\"og:image:width\" content=\"1920\" \/>\n\t<meta property=\"og:image:height\" content=\"1080\" \/>\n\t<meta property=\"og:image:type\" content=\"image\/jpeg\" \/>\n<meta name=\"author\" content=\"creativebitsolutions\" \/>\n<meta name=\"twitter:card\" content=\"summary_large_image\" \/>\n<meta name=\"twitter:label1\" content=\"Written by\" \/>\n\t<meta name=\"twitter:data1\" content=\"creativebitsolutions\" \/>\n\t<meta name=\"twitter:label2\" content=\"Estimated reading time\" \/>\n\t<meta name=\"twitter:data2\" content=\"2 minutes\" \/>\n<script type=\"application\/ld+json\" class=\"yoast-schema-graph\">{\"@context\":\"https:\/\/schema.org\",\"@graph\":[{\"@type\":\"Article\",\"@id\":\"https:\/\/carpathiacenter.ro\/parlamentare2024-bec-alegatorii-care-in-ziua-alegerilor-se-afla-in-strainatate-nu-pot-vota-cu-urna-speciala\/#article\",\"isPartOf\":{\"@id\":\"https:\/\/carpathiacenter.ro\/parlamentare2024-bec-alegatorii-care-in-ziua-alegerilor-se-afla-in-strainatate-nu-pot-vota-cu-urna-speciala\/\"},\"author\":{\"name\":\"creativebitsolutions\",\"@id\":\"https:\/\/carpathiacenter.ro\/#\/schema\/person\/03d9f58202fee8379268f34afa195006\"},\"headline\":\"Parlamentare2024\/ BEC: Aleg\u0103torii care \u00een ziua alegerilor se afl\u0103 \u00een str\u0103in\u0103tate nu pot vota cu urna special\u0103\",\"datePublished\":\"2024-09-17T08:53:16+00:00\",\"mainEntityOfPage\":{\"@id\":\"https:\/\/carpathiacenter.ro\/parlamentare2024-bec-alegatorii-care-in-ziua-alegerilor-se-afla-in-strainatate-nu-pot-vota-cu-urna-speciala\/\"},\"wordCount\":414,\"commentCount\":0,\"publisher\":{\"@id\":\"https:\/\/carpathiacenter.ro\/#organization\"},\"image\":{\"@id\":\"https:\/\/carpathiacenter.ro\/parlamentare2024-bec-alegatorii-care-in-ziua-alegerilor-se-afla-in-strainatate-nu-pot-vota-cu-urna-speciala\/#primaryimage\"},\"thumbnailUrl\":\"https:\/\/carpathiacenter.ro\/wp-content\/uploads\/2024\/09\/Cutie_voturi.jpg\",\"articleSection\":[\"Uncategorized\"],\"inLanguage\":\"en-GB\",\"potentialAction\":[{\"@type\":\"CommentAction\",\"name\":\"Comment\",\"target\":[\"https:\/\/carpathiacenter.ro\/parlamentare2024-bec-alegatorii-care-in-ziua-alegerilor-se-afla-in-strainatate-nu-pot-vota-cu-urna-speciala\/#respond\"]}]},{\"@type\":\"WebPage\",\"@id\":\"https:\/\/carpathiacenter.ro\/parlamentare2024-bec-alegatorii-care-in-ziua-alegerilor-se-afla-in-strainatate-nu-pot-vota-cu-urna-speciala\/\",\"url\":\"https:\/\/carpathiacenter.ro\/parlamentare2024-bec-alegatorii-care-in-ziua-alegerilor-se-afla-in-strainatate-nu-pot-vota-cu-urna-speciala\/\",\"name\":\"Parlamentare2024\/ BEC: Aleg\u0103torii care \u00een ziua alegerilor se afl\u0103 \u00een str\u0103in\u0103tate nu pot vota cu urna special\u0103 - Carpathia Center Romania\",\"isPartOf\":{\"@id\":\"https:\/\/carpathiacenter.ro\/#website\"},\"primaryImageOfPage\":{\"@id\":\"https:\/\/carpathiacenter.ro\/parlamentare2024-bec-alegatorii-care-in-ziua-alegerilor-se-afla-in-strainatate-nu-pot-vota-cu-urna-speciala\/#primaryimage\"},\"image\":{\"@id\":\"https:\/\/carpathiacenter.ro\/parlamentare2024-bec-alegatorii-care-in-ziua-alegerilor-se-afla-in-strainatate-nu-pot-vota-cu-urna-speciala\/#primaryimage\"},\"thumbnailUrl\":\"https:\/\/carpathiacenter.ro\/wp-content\/uploads\/2024\/09\/Cutie_voturi.jpg\",\"datePublished\":\"2024-09-17T08:53:16+00:00\",\"breadcrumb\":{\"@id\":\"https:\/\/carpathiacenter.ro\/parlamentare2024-bec-alegatorii-care-in-ziua-alegerilor-se-afla-in-strainatate-nu-pot-vota-cu-urna-speciala\/#breadcrumb\"},\"inLanguage\":\"en-GB\",\"potentialAction\":[{\"@type\":\"ReadAction\",\"target\":[\"https:\/\/carpathiacenter.ro\/parlamentare2024-bec-alegatorii-care-in-ziua-alegerilor-se-afla-in-strainatate-nu-pot-vota-cu-urna-speciala\/\"]}]},{\"@type\":\"ImageObject\",\"inLanguage\":\"en-GB\",\"@id\":\"https:\/\/carpathiacenter.ro\/parlamentare2024-bec-alegatorii-care-in-ziua-alegerilor-se-afla-in-strainatate-nu-pot-vota-cu-urna-speciala\/#primaryimage\",\"url\":\"https:\/\/carpathiacenter.ro\/wp-content\/uploads\/2024\/09\/Cutie_voturi.jpg\",\"contentUrl\":\"https:\/\/carpathiacenter.ro\/wp-content\/uploads\/2024\/09\/Cutie_voturi.jpg\",\"width\":1920,\"height\":1080},{\"@type\":\"BreadcrumbList\",\"@id\":\"https:\/\/carpathiacenter.ro\/parlamentare2024-bec-alegatorii-care-in-ziua-alegerilor-se-afla-in-strainatate-nu-pot-vota-cu-urna-speciala\/#breadcrumb\",\"itemListElement\":[{\"@type\":\"ListItem\",\"position\":1,\"name\":\"Prima pagin\u0103\",\"item\":\"https:\/\/carpathiacenter.ro\/\"},{\"@type\":\"ListItem\",\"position\":2,\"name\":\"Parlamentare2024\/ BEC: Aleg\u0103torii care \u00een ziua alegerilor se afl\u0103 \u00een str\u0103in\u0103tate nu pot vota cu urna special\u0103\"}]},{\"@type\":\"WebSite\",\"@id\":\"https:\/\/carpathiacenter.ro\/#website\",\"url\":\"https:\/\/carpathiacenter.ro\/\",\"name\":\"Carpathia Center Romania\",\"description\":\"Impossible made possible!\",\"publisher\":{\"@id\":\"https:\/\/carpathiacenter.ro\/#organization\"},\"potentialAction\":[{\"@type\":\"SearchAction\",\"target\":{\"@type\":\"EntryPoint\",\"urlTemplate\":\"https:\/\/carpathiacenter.ro\/?s={search_term_string}\"},\"query-input\":{\"@type\":\"PropertyValueSpecification\",\"valueRequired\":true,\"valueName\":\"search_term_string\"}}],\"inLanguage\":\"en-GB\"},{\"@type\":\"Organization\",\"@id\":\"https:\/\/carpathiacenter.ro\/#organization\",\"name\":\"Carpathia Center Romania\",\"url\":\"https:\/\/carpathiacenter.ro\/\",\"logo\":{\"@type\":\"ImageObject\",\"inLanguage\":\"en-GB\",\"@id\":\"https:\/\/carpathiacenter.ro\/#\/schema\/logo\/image\/\",\"url\":\"https:\/\/carpathiacenter.ro\/wp-content\/uploads\/2024\/07\/logo-carpathia_bg_white-1024x941.png\",\"contentUrl\":\"https:\/\/carpathiacenter.ro\/wp-content\/uploads\/2024\/07\/logo-carpathia_bg_white-1024x941.png\",\"width\":1024,\"height\":941,\"caption\":\"Carpathia Center Romania\"},\"image\":{\"@id\":\"https:\/\/carpathiacenter.ro\/#\/schema\/logo\/image\/\"},\"sameAs\":[\"https:\/\/www.facebook.com\/fdpscarpathia\/\"]},{\"@type\":\"Person\",\"@id\":\"https:\/\/carpathiacenter.ro\/#\/schema\/person\/03d9f58202fee8379268f34afa195006\",\"name\":\"creativebitsolutions\",\"image\":{\"@type\":\"ImageObject\",\"inLanguage\":\"en-GB\",\"@id\":\"https:\/\/carpathiacenter.ro\/#\/schema\/person\/image\/\",\"url\":\"https:\/\/secure.gravatar.com\/avatar\/1b1a13e37f847c635dab78348f1dff2f07651ee2a3d77a5c355a4b8c75f9165a?s=96&d=mm&r=g\",\"contentUrl\":\"https:\/\/secure.gravatar.com\/avatar\/1b1a13e37f847c635dab78348f1dff2f07651ee2a3d77a5c355a4b8c75f9165a?s=96&d=mm&r=g\",\"caption\":\"creativebitsolutions\"},\"url\":\"https:\/\/carpathiacenter.ro\/en\/author\/creativebitsolutions\/\"}]}<\/script>\n<!-- \/ Yoast SEO plugin. -->","yoast_head_json":{"title":"Parlamentare2024\/ BEC: Aleg\u0103torii care \u00een ziua alegerilor se afl\u0103 \u00een str\u0103in\u0103tate nu pot vota cu urna special\u0103 - Carpathia Center Romania","robots":{"index":"index","follow":"follow","max-snippet":"max-snippet:-1","max-image-preview":"max-image-preview:large","max-video-preview":"max-video-preview:-1"},"canonical":"https:\/\/carpathiacenter.ro\/en\/parlamentare2024-bec-alegatorii-care-in-ziua-alegerilor-se-afla-in-strainatate-nu-pot-vota-cu-urna-speciala\/","og_locale":"en_GB","og_type":"article","og_title":"Parlamentare2024\/ BEC: Aleg\u0103torii care \u00een ziua alegerilor se afl\u0103 \u00een str\u0103in\u0103tate nu pot vota cu urna special\u0103 - Carpathia Center Romania","og_description":"Biroul Electoral Central pentru alegerea Senatului \u015fi a Camerei Deputa\u0163ilor a adoptat, luni, o decizie privind exercitarea dreptului de vot prin intermediul urnei speciale. Conform deciziei, aleg\u0103torul, care, din motive obiective, cauzate de boal\u0103 sau invaliditate, atestate prin \u00eenscrisuri, nu se poate deplasa la sediul sec\u0163iei de votare organizate \u00een \u0163ar\u0103, poate depune cerere de...","og_url":"https:\/\/carpathiacenter.ro\/en\/parlamentare2024-bec-alegatorii-care-in-ziua-alegerilor-se-afla-in-strainatate-nu-pot-vota-cu-urna-speciala\/","og_site_name":"Carpathia Center Romania","article_publisher":"https:\/\/www.facebook.com\/fdpscarpathia\/","article_published_time":"2024-09-17T08:53:16+00:00","og_image":[{"width":1920,"height":1080,"url":"https:\/\/carpathiacenter.ro\/wp-content\/uploads\/2024\/09\/Cutie_voturi.jpg","type":"image\/jpeg"}],"author":"creativebitsolutions","twitter_card":"summary_large_image","twitter_misc":{"Written by":"creativebitsolutions","Estimated reading time":"2 minutes"},"schema":{"@context":"https:\/\/schema.org","@graph":[{"@type":"Article","@id":"https:\/\/carpathiacenter.ro\/parlamentare2024-bec-alegatorii-care-in-ziua-alegerilor-se-afla-in-strainatate-nu-pot-vota-cu-urna-speciala\/#article","isPartOf":{"@id":"https:\/\/carpathiacenter.ro\/parlamentare2024-bec-alegatorii-care-in-ziua-alegerilor-se-afla-in-strainatate-nu-pot-vota-cu-urna-speciala\/"},"author":{"name":"creativebitsolutions","@id":"https:\/\/carpathiacenter.ro\/#\/schema\/person\/03d9f58202fee8379268f34afa195006"},"headline":"Parlamentare2024\/ BEC: Aleg\u0103torii care \u00een ziua alegerilor se afl\u0103 \u00een str\u0103in\u0103tate nu pot vota cu urna special\u0103","datePublished":"2024-09-17T08:53:16+00:00","mainEntityOfPage":{"@id":"https:\/\/carpathiacenter.ro\/parlamentare2024-bec-alegatorii-care-in-ziua-alegerilor-se-afla-in-strainatate-nu-pot-vota-cu-urna-speciala\/"},"wordCount":414,"commentCount":0,"publisher":{"@id":"https:\/\/carpathiacenter.ro\/#organization"},"image":{"@id":"https:\/\/carpathiacenter.ro\/parlamentare2024-bec-alegatorii-care-in-ziua-alegerilor-se-afla-in-strainatate-nu-pot-vota-cu-urna-speciala\/#primaryimage"},"thumbnailUrl":"https:\/\/carpathiacenter.ro\/wp-content\/uploads\/2024\/09\/Cutie_voturi.jpg","articleSection":["Uncategorized"],"inLanguage":"en-GB","potentialAction":[{"@type":"CommentAction","name":"Comment","target":["https:\/\/carpathiacenter.ro\/parlamentare2024-bec-alegatorii-care-in-ziua-alegerilor-se-afla-in-strainatate-nu-pot-vota-cu-urna-speciala\/#respond"]}]},{"@type":"WebPage","@id":"https:\/\/carpathiacenter.ro\/parlamentare2024-bec-alegatorii-care-in-ziua-alegerilor-se-afla-in-strainatate-nu-pot-vota-cu-urna-speciala\/","url":"https:\/\/carpathiacenter.ro\/parlamentare2024-bec-alegatorii-care-in-ziua-alegerilor-se-afla-in-strainatate-nu-pot-vota-cu-urna-speciala\/","name":"Parlamentare2024\/ BEC: Aleg\u0103torii care \u00een ziua alegerilor se afl\u0103 \u00een str\u0103in\u0103tate nu pot vota cu urna special\u0103 - Carpathia Center Romania","isPartOf":{"@id":"https:\/\/carpathiacenter.ro\/#website"},"primaryImageOfPage":{"@id":"https:\/\/carpathiacenter.ro\/parlamentare2024-bec-alegatorii-care-in-ziua-alegerilor-se-afla-in-strainatate-nu-pot-vota-cu-urna-speciala\/#primaryimage"},"image":{"@id":"https:\/\/carpathiacenter.ro\/parlamentare2024-bec-alegatorii-care-in-ziua-alegerilor-se-afla-in-strainatate-nu-pot-vota-cu-urna-speciala\/#primaryimage"},"thumbnailUrl":"https:\/\/carpathiacenter.ro\/wp-content\/uploads\/2024\/09\/Cutie_voturi.jpg","datePublished":"2024-09-17T08:53:16+00:00","breadcrumb":{"@id":"https:\/\/carpathiacenter.ro\/parlamentare2024-bec-alegatorii-care-in-ziua-alegerilor-se-afla-in-strainatate-nu-pot-vota-cu-urna-speciala\/#breadcrumb"},"inLanguage":"en-GB","potentialAction":[{"@type":"ReadAction","target":["https:\/\/carpathiacenter.ro\/parlamentare2024-bec-alegatorii-care-in-ziua-alegerilor-se-afla-in-strainatate-nu-pot-vota-cu-urna-speciala\/"]}]},{"@type":"ImageObject","inLanguage":"en-GB","@id":"https:\/\/carpathiacenter.ro\/parlamentare2024-bec-alegatorii-care-in-ziua-alegerilor-se-afla-in-strainatate-nu-pot-vota-cu-urna-speciala\/#primaryimage","url":"https:\/\/carpathiacenter.ro\/wp-content\/uploads\/2024\/09\/Cutie_voturi.jpg","contentUrl":"https:\/\/carpathiacenter.ro\/wp-content\/uploads\/2024\/09\/Cutie_voturi.jpg","width":1920,"height":1080},{"@type":"BreadcrumbList","@id":"https:\/\/carpathiacenter.ro\/parlamentare2024-bec-alegatorii-care-in-ziua-alegerilor-se-afla-in-strainatate-nu-pot-vota-cu-urna-speciala\/#breadcrumb","itemListElement":[{"@type":"ListItem","position":1,"name":"Prima pagin\u0103","item":"https:\/\/carpathiacenter.ro\/"},{"@type":"ListItem","position":2,"name":"Parlamentare2024\/ BEC: Aleg\u0103torii care \u00een ziua alegerilor se afl\u0103 \u00een str\u0103in\u0103tate nu pot vota cu urna special\u0103"}]},{"@type":"WebSite","@id":"https:\/\/carpathiacenter.ro\/#website","url":"https:\/\/carpathiacenter.ro\/","name":"Carpathia Center Romania","description":"Impossible made possible!","publisher":{"@id":"https:\/\/carpathiacenter.ro\/#organization"},"potentialAction":[{"@type":"SearchAction","target":{"@type":"EntryPoint","urlTemplate":"https:\/\/carpathiacenter.ro\/?s={search_term_string}"},"query-input":{"@type":"PropertyValueSpecification","valueRequired":true,"valueName":"search_term_string"}}],"inLanguage":"en-GB"},{"@type":"Organization","@id":"https:\/\/carpathiacenter.ro\/#organization","name":"Carpathia Center Romania","url":"https:\/\/carpathiacenter.ro\/","logo":{"@type":"ImageObject","inLanguage":"en-GB","@id":"https:\/\/carpathiacenter.ro\/#\/schema\/logo\/image\/","url":"https:\/\/carpathiacenter.ro\/wp-content\/uploads\/2024\/07\/logo-carpathia_bg_white-1024x941.png","contentUrl":"https:\/\/carpathiacenter.ro\/wp-content\/uploads\/2024\/07\/logo-carpathia_bg_white-1024x941.png","width":1024,"height":941,"caption":"Carpathia Center Romania"},"image":{"@id":"https:\/\/carpathiacenter.ro\/#\/schema\/logo\/image\/"},"sameAs":["https:\/\/www.facebook.com\/fdpscarpathia\/"]},{"@type":"Person","@id":"https:\/\/carpathiacenter.ro\/#\/schema\/person\/03d9f58202fee8379268f34afa195006","name":"creativebitsolutions","image":{"@type":"ImageObject","inLanguage":"en-GB","@id":"https:\/\/carpathiacenter.ro\/#\/schema\/person\/image\/","url":"https:\/\/secure.gravatar.com\/avatar\/1b1a13e37f847c635dab78348f1dff2f07651ee2a3d77a5c355a4b8c75f9165a?s=96&d=mm&r=g","contentUrl":"https:\/\/secure.gravatar.com\/avatar\/1b1a13e37f847c635dab78348f1dff2f07651ee2a3d77a5c355a4b8c75f9165a?s=96&d=mm&r=g","caption":"creativebitsolutions"},"url":"https:\/\/carpathiacenter.ro\/en\/author\/creativebitsolutions\/"}]}},"_links":{"self":[{"href":"https:\/\/carpathiacenter.ro\/en\/wp-json\/wp\/v2\/posts\/1279","targetHints":{"allow":["GET"]}}],"collection":[{"href":"https:\/\/carpathiacenter.ro\/en\/wp-json\/wp\/v2\/posts"}],"about":[{"href":"https:\/\/carpathiacenter.ro\/en\/wp-json\/wp\/v2\/types\/post"}],"author":[{"embeddable":true,"href":"https:\/\/carpathiacenter.ro\/en\/wp-json\/wp\/v2\/users\/4"}],"replies":[{"embeddable":true,"href":"https:\/\/carpathiacenter.ro\/en\/wp-json\/wp\/v2\/comments?post=1279"}],"version-history":[{"count":2,"href":"https:\/\/carpathiacenter.ro\/en\/wp-json\/wp\/v2\/posts\/1279\/revisions"}],"predecessor-version":[{"id":1282,"href":"https:\/\/carpathiacenter.ro\/en\/wp-json\/wp\/v2\/posts\/1279\/revisions\/1282"}],"wp:featuredmedia":[{"embeddable":true,"href":"https:\/\/carpathiacenter.ro\/en\/wp-json\/wp\/v2\/media\/1280"}],"wp:attachment":[{"href":"https:\/\/carpathiacenter.ro\/en\/wp-json\/wp\/v2\/media?parent=1279"}],"wp:term":[{"taxonomy":"category","embeddable":true,"href":"https:\/\/carpathiacenter.ro\/en\/wp-json\/wp\/v2\/categories?post=1279"},{"taxonomy":"post_tag","embeddable":true,"href":"https:\/\/carpathiacenter.ro\/en\/wp-json\/wp\/v2\/tags?post=1279"}],"curies":[{"name":"wp","href":"https:\/\/api.w.org\/{rel}","templated":true}]}}