{"id":1275,"date":"2024-09-17T08:51:54","date_gmt":"2024-09-17T08:51:54","guid":{"rendered":"https:\/\/carpathiacenter.ro\/?p=1275"},"modified":"2024-09-17T08:51:54","modified_gmt":"2024-09-17T08:51:54","slug":"ccr-ia-in-discutie-sesizarea-presedintelui-iohannis-in-cazul-legii-privind-executorii-judecatoresti","status":"publish","type":"post","link":"https:\/\/carpathiacenter.ro\/en\/ccr-ia-in-discutie-sesizarea-presedintelui-iohannis-in-cazul-legii-privind-executorii-judecatoresti\/","title":{"rendered":"CCR ia \u00een discu\u0163ie sesizarea pre\u015fedintelui Iohannis \u00een cazul Legii privind executorii judec\u0103tore\u015fti"},"content":{"rendered":"<div class=\"tdb-block-inner td-fix-index\">\n<p><strong>Curtea Constitu\u0163ional\u0103 a Rom\u00e2niei (CCR) urmeaz\u0103 s\u0103 dezbat\u0103, mar\u0163i, sesizarea pre\u015fedintelui Klaus Iohannis \u00een cazul Legii privind executorii judec\u0103tore\u015fti.<\/strong><\/p>\n<p>\u015eeful statului invoc\u0103 \u00een sesizare, printre altele, condi\u0163iile de numire a unui executor, onorariul primit de acesta \u015fi normele de administrare \u015fi conservare a arhivei notariale.<\/p>\n<p>\u201cUn executor judec\u0103toresc are sediul \u00een circumscrip\u0163ia unei Judec\u0103torii, \u00eens\u0103 competen\u0163a sa teritorial\u0103 se \u00eentinde pe \u00eentreaga circumscrip\u0163ie a Cur\u0163ii de apel \u00een care se afl\u0103 sediul acestuia. Din aceast\u0103 perspectiv\u0103, este neclar dac\u0103 schimbarea temporar\u0103 a sediului echivaleaz\u0103 cu o extindere a competen\u0163ei executorului judec\u0103toresc \u00eentr-o alt\u0103 circumscrip\u0163ie a unei Cur\u0163i de apel, \u00een cazul \u00een care Judec\u0103toriile \u00een care executorii asocia\u0163i se afl\u0103 \u00een circumscrip\u0163ii ale unor Cur\u0163i de apel diferite\u201d, apreciaz\u0103 \u015feful statului.<\/p>\n<p>De asemenea, Iohannis afirm\u0103 c\u0103 mecanismul de ocupare a posturilor vacante evocat de legea trimis\u0103 la CCR \u201cinstituie un privilegiu pentru executorii judec\u0103tore\u015fti asocia\u0163i, \u00een detrimentul celor neasocia\u0163i\u201d.<\/p>\n<p>\u201cExecutorii judec\u0103tore\u015fti se afl\u0103 \u00een aceea\u015fi situa\u0163ie juridic\u0103, av\u00e2nd dreptul de a ocupa un post vacant prin concurs. De altfel, legea nu instituie niciun fel de criterii referitoare la durata minim\u0103 a asocierii sau alte criterii de natur\u0103 s\u0103 justifice un astfel de tratament diferen\u0163iat pentru executorii judec\u0103tore\u015fti asocia\u0163i, aspect ce deschide posibilitatea ocup\u0103rii unor posturi vacantate din anumite circumscrip\u0163ii pe criterii preferen\u0163iale, \u00een absen\u0163a oric\u0103ror reguli care s\u0103 asigure un acces egal al membrilor acestei profesii la respectivele posturi\u201d, spune Iohannis.<\/p>\n<p>Un alt aspect supus analizei CCR este cel al actualiz\u0103rii num\u0103rului de posturi pentru executori judec\u0103tore\u015fti.<\/p>\n<p>\u201cNu rezult\u0103 f\u0103r\u0103 echivoc care este tipul de competen\u0163\u0103 care se instituie pentru ministrul Justi\u0163iei \u00een actualizarea anual\u0103 a num\u0103rului de posturi, respectiv dac\u0103 acesta are o competen\u0163\u0103 legat\u0103 sau p\u0103streaz\u0103 o marj\u0103 discre\u0163ionar\u0103 \u00een stabilirea num\u0103rului de posturi de executori judec\u0103tore\u015fti\u201d, se arat\u0103 \u00een sesizare.<\/p>\n<p>Mai sunt, de asemenea, abordate \u015fi normele privind onorariul executorului judec\u0103toresc, respectiv condi\u0163iile de angajare a acestuia.<\/p>\n<p>\u201c\u00cen prezent, reglement\u0103rile \u00een materie de onorarii ale executorilor sau \u00een materie de taxe de timbru nu sunt toate exprimate \u00een cot\u0103 procentual\u0103, fiind stabilite \u015fi sub forma unor sume fixe, tocmai pentru o protec\u0163ie adecvat\u0103 a justi\u0163iabililor \u015fi a dreptului acestora de acces la justi\u0163ie\u201d, se mai arat\u0103 \u00een sesizare.<\/p>\n<p>Pre\u015fedintele precizeaz\u0103 c\u0103, prin modific\u0103rile aduse de normele legii trimise la CCR, \u201clegiuitorul a realizat o reconfigurare a condi\u0163iilor privind numirea \u00een func\u0163ia de executor judec\u0103toresc, \u00eencetarea func\u0163iei de executor judec\u0103toresc, respectiv suspendarea din func\u0163ia de executor judec\u0103toresc\u201d.<\/p>\n<p>\u201cAnaliz\u00e2nd normele men\u0163ionate, se constat\u0103 o restr\u00e2ngere a sferei infrac\u0163iunilor care atrag imposibilitatea numirii \u00een func\u0163ia de executor judec\u0103toresc la sfera celor de corup\u0163ie, de serviciu sau a infrac\u0163iunilor s\u0103v\u00e2r\u015fite cu inten\u0163ie, \u00een forma aflat\u0103 la promulgare men\u0163in\u00e2ndu-se condi\u0163ia de a nu avea anumite antecedente penale \u015fi de a se bucura de o bun\u0103 reputa\u0163ie\u201d, adaug\u0103 Iohannis.<\/p>\n<p>Mai mult, este criticat\u0103 \u015fi modificarea legislativ\u0103 propus\u0103 prin care \u201cse elimin\u0103 un standard de integritate pentru executorii judec\u0103tore\u015fti \u00een func\u0163ie, care au ac\u0163iuni penale \u00een curs de judecat\u0103, condamna\u0163i fiind \u00een prim\u0103 instan\u0163\u0103\u201d.<\/p>\n<p>\u201cPractic, prin efectul interven\u0163iilor legislative, sunt de drept repu\u015fi \u00een exerci\u0163iul func\u0163iei, cu excep\u0163ia celor priva\u0163i de libertate, care, oricum, nu ar putea fizic s\u0103-\u015fi exercite atribu\u0163iile\u201d, se eviden\u0163iaz\u0103 \u00een sesizarea c\u0103tre CCR.<\/p>\n<p>Este abordat \u015fi aspectul arhivei notariale.<\/p>\n<p>\u201cGaran\u0163ia ca arhiva notarial\u0103, proprietate a statului, s\u0103 fie de\u0163inut\u0103, administrat\u0103, conservat\u0103 sau protejat\u0103 doar de birourile notariale, camerele notarilor publici sau Uniunea Na\u0163ional\u0103 a Notarilor Publici din Rom\u00e2nia nu reprezint\u0103 o simpl\u0103 norm\u0103 tehnic\u0103 care vizeaz\u0103 gestiunea unor documente, ci o garan\u0163ie a principiului legalit\u0103\u0163ii \u015fi a securit\u0103\u0163ii raporturilor juridice\u201d, transmite \u015feful statului judec\u0103torilor constitu\u0163ionali.<\/p>\n<p>\u201cDin aceast\u0103 perspectiv\u0103, abrogarea acestei garan\u0163ii, \u00een absen\u0163a oric\u0103ror alte norme care s\u0103 suplineasc\u0103 aceast\u0103 interven\u0163ie legislativ\u0103, echivaleaz\u0103 cu \u00eenc\u0103lcarea unei obliga\u0163ii pozitive a statului de a asigura \u015fi garanta, prin mijloace adecvate, securitatea raporturilor juridice \u015fi principiul legalit\u0103\u0163ii, cu implica\u0163ii directe asupra unui domeniu foarte important al rela\u0163iilor sociale\u201d, explic\u0103 pre\u015fedintele Iohannis. AGERPRES\/(AS \u2013 autor: Mihai Stoica, editor: Florin Marin, editor online: Alexandru Cojocaru)<\/p>\n<p>Sursa: <a href=\"https:\/\/www.agerpres.ro\/justitie\/2024\/09\/17\/ccr-ia-in-discutie-sesizarea-presedintelui-iohannis-in-cazul-legii-privind-executorii-judecatoresti--1355726\" target=\"_blank\" rel=\"noopener\" title=\"\">https:\/\/www.agerpres.ro\/justitie\/2024\/09\/17\/ccr-ia-in-discutie-sesizarea-presedintelui-iohannis-in-cazul-legii-privind-executorii-judecatoresti\u20131355726<\/a><\/p>\n<\/p>\n<\/div>","protected":false},"excerpt":{"rendered":"<p>Curtea Constitu\u0163ional\u0103 a Rom\u00e2niei (CCR) urmeaz\u0103 s\u0103 dezbat\u0103, mar\u0163i, sesizarea pre\u015fedintelui Klaus Iohannis \u00een cazul Legii privind executorii judec\u0103tore\u015fti. \u015eeful statului invoc\u0103 \u00een sesizare, printre altele, condi\u0163iile de numire a unui executor, onorariul primit de acesta \u015fi normele de administrare \u015fi conservare a arhivei notariale. \u201cUn executor judec\u0103toresc are sediul \u00een circumscrip\u0163ia unei Judec\u0103torii, \u00eens\u0103&#8230;<\/p>","protected":false},"author":4,"featured_media":1276,"comment_status":"open","ping_status":"open","sticky":false,"template":"","format":"standard","meta":{"footnotes":""},"categories":[1],"tags":[],"class_list":["post-1275","post","type-post","status-publish","format-standard","has-post-thumbnail","hentry","category-uncategorized"],"yoast_head":"<!-- This site is optimized with the Yoast SEO plugin v26.1.1 - https:\/\/yoast.com\/wordpress\/plugins\/seo\/ -->\n<title>CCR ia \u00een discu\u0163ie sesizarea pre\u015fedintelui Iohannis \u00een cazul Legii privind executorii judec\u0103tore\u015fti - Carpathia Center Romania<\/title>\n<meta name=\"robots\" content=\"index, follow, max-snippet:-1, max-image-preview:large, max-video-preview:-1\" \/>\n<link rel=\"canonical\" href=\"https:\/\/carpathiacenter.ro\/en\/ccr-ia-in-discutie-sesizarea-presedintelui-iohannis-in-cazul-legii-privind-executorii-judecatoresti\/\" \/>\n<meta property=\"og:locale\" content=\"en_GB\" \/>\n<meta property=\"og:type\" content=\"article\" \/>\n<meta property=\"og:title\" content=\"CCR ia \u00een discu\u0163ie sesizarea pre\u015fedintelui Iohannis \u00een cazul Legii privind executorii judec\u0103tore\u015fti - Carpathia Center Romania\" \/>\n<meta property=\"og:description\" content=\"Curtea Constitu\u0163ional\u0103 a Rom\u00e2niei (CCR) urmeaz\u0103 s\u0103 dezbat\u0103, mar\u0163i, sesizarea pre\u015fedintelui Klaus Iohannis \u00een cazul Legii privind executorii judec\u0103tore\u015fti. \u015eeful statului invoc\u0103 \u00een sesizare, printre altele, condi\u0163iile de numire a unui executor, onorariul primit de acesta \u015fi normele de administrare \u015fi conservare a arhivei notariale. \u201cUn executor judec\u0103toresc are sediul \u00een circumscrip\u0163ia unei Judec\u0103torii, \u00eens\u0103...\" \/>\n<meta property=\"og:url\" content=\"https:\/\/carpathiacenter.ro\/en\/ccr-ia-in-discutie-sesizarea-presedintelui-iohannis-in-cazul-legii-privind-executorii-judecatoresti\/\" \/>\n<meta property=\"og:site_name\" content=\"Carpathia Center Romania\" \/>\n<meta property=\"article:publisher\" content=\"https:\/\/www.facebook.com\/fdpscarpathia\/\" \/>\n<meta property=\"article:published_time\" content=\"2024-09-17T08:51:54+00:00\" \/>\n<meta property=\"og:image\" content=\"https:\/\/carpathiacenter.ro\/wp-content\/uploads\/2024\/09\/curtea-constitutionala.jpg\" \/>\n\t<meta property=\"og:image:width\" content=\"820\" \/>\n\t<meta property=\"og:image:height\" content=\"545\" \/>\n\t<meta property=\"og:image:type\" content=\"image\/jpeg\" \/>\n<meta name=\"author\" content=\"creativebitsolutions\" \/>\n<meta name=\"twitter:card\" content=\"summary_large_image\" \/>\n<meta name=\"twitter:label1\" content=\"Written by\" \/>\n\t<meta name=\"twitter:data1\" content=\"creativebitsolutions\" \/>\n\t<meta name=\"twitter:label2\" content=\"Estimated reading time\" \/>\n\t<meta name=\"twitter:data2\" content=\"4 minutes\" \/>\n<script type=\"application\/ld+json\" class=\"yoast-schema-graph\">{\"@context\":\"https:\/\/schema.org\",\"@graph\":[{\"@type\":\"Article\",\"@id\":\"https:\/\/carpathiacenter.ro\/ccr-ia-in-discutie-sesizarea-presedintelui-iohannis-in-cazul-legii-privind-executorii-judecatoresti\/#article\",\"isPartOf\":{\"@id\":\"https:\/\/carpathiacenter.ro\/ccr-ia-in-discutie-sesizarea-presedintelui-iohannis-in-cazul-legii-privind-executorii-judecatoresti\/\"},\"author\":{\"name\":\"creativebitsolutions\",\"@id\":\"https:\/\/carpathiacenter.ro\/#\/schema\/person\/03d9f58202fee8379268f34afa195006\"},\"headline\":\"CCR ia \u00een discu\u0163ie sesizarea pre\u015fedintelui Iohannis \u00een cazul Legii privind executorii judec\u0103tore\u015fti\",\"datePublished\":\"2024-09-17T08:51:54+00:00\",\"mainEntityOfPage\":{\"@id\":\"https:\/\/carpathiacenter.ro\/ccr-ia-in-discutie-sesizarea-presedintelui-iohannis-in-cazul-legii-privind-executorii-judecatoresti\/\"},\"wordCount\":791,\"commentCount\":0,\"publisher\":{\"@id\":\"https:\/\/carpathiacenter.ro\/#organization\"},\"image\":{\"@id\":\"https:\/\/carpathiacenter.ro\/ccr-ia-in-discutie-sesizarea-presedintelui-iohannis-in-cazul-legii-privind-executorii-judecatoresti\/#primaryimage\"},\"thumbnailUrl\":\"https:\/\/carpathiacenter.ro\/wp-content\/uploads\/2024\/09\/curtea-constitutionala.jpg\",\"articleSection\":[\"Uncategorized\"],\"inLanguage\":\"en-GB\",\"potentialAction\":[{\"@type\":\"CommentAction\",\"name\":\"Comment\",\"target\":[\"https:\/\/carpathiacenter.ro\/ccr-ia-in-discutie-sesizarea-presedintelui-iohannis-in-cazul-legii-privind-executorii-judecatoresti\/#respond\"]}]},{\"@type\":\"WebPage\",\"@id\":\"https:\/\/carpathiacenter.ro\/ccr-ia-in-discutie-sesizarea-presedintelui-iohannis-in-cazul-legii-privind-executorii-judecatoresti\/\",\"url\":\"https:\/\/carpathiacenter.ro\/ccr-ia-in-discutie-sesizarea-presedintelui-iohannis-in-cazul-legii-privind-executorii-judecatoresti\/\",\"name\":\"CCR ia \u00een discu\u0163ie sesizarea pre\u015fedintelui Iohannis \u00een cazul Legii privind executorii judec\u0103tore\u015fti - Carpathia Center Romania\",\"isPartOf\":{\"@id\":\"https:\/\/carpathiacenter.ro\/#website\"},\"primaryImageOfPage\":{\"@id\":\"https:\/\/carpathiacenter.ro\/ccr-ia-in-discutie-sesizarea-presedintelui-iohannis-in-cazul-legii-privind-executorii-judecatoresti\/#primaryimage\"},\"image\":{\"@id\":\"https:\/\/carpathiacenter.ro\/ccr-ia-in-discutie-sesizarea-presedintelui-iohannis-in-cazul-legii-privind-executorii-judecatoresti\/#primaryimage\"},\"thumbnailUrl\":\"https:\/\/carpathiacenter.ro\/wp-content\/uploads\/2024\/09\/curtea-constitutionala.jpg\",\"datePublished\":\"2024-09-17T08:51:54+00:00\",\"breadcrumb\":{\"@id\":\"https:\/\/carpathiacenter.ro\/ccr-ia-in-discutie-sesizarea-presedintelui-iohannis-in-cazul-legii-privind-executorii-judecatoresti\/#breadcrumb\"},\"inLanguage\":\"en-GB\",\"potentialAction\":[{\"@type\":\"ReadAction\",\"target\":[\"https:\/\/carpathiacenter.ro\/ccr-ia-in-discutie-sesizarea-presedintelui-iohannis-in-cazul-legii-privind-executorii-judecatoresti\/\"]}]},{\"@type\":\"ImageObject\",\"inLanguage\":\"en-GB\",\"@id\":\"https:\/\/carpathiacenter.ro\/ccr-ia-in-discutie-sesizarea-presedintelui-iohannis-in-cazul-legii-privind-executorii-judecatoresti\/#primaryimage\",\"url\":\"https:\/\/carpathiacenter.ro\/wp-content\/uploads\/2024\/09\/curtea-constitutionala.jpg\",\"contentUrl\":\"https:\/\/carpathiacenter.ro\/wp-content\/uploads\/2024\/09\/curtea-constitutionala.jpg\",\"width\":820,\"height\":545},{\"@type\":\"BreadcrumbList\",\"@id\":\"https:\/\/carpathiacenter.ro\/ccr-ia-in-discutie-sesizarea-presedintelui-iohannis-in-cazul-legii-privind-executorii-judecatoresti\/#breadcrumb\",\"itemListElement\":[{\"@type\":\"ListItem\",\"position\":1,\"name\":\"Prima pagin\u0103\",\"item\":\"https:\/\/carpathiacenter.ro\/\"},{\"@type\":\"ListItem\",\"position\":2,\"name\":\"CCR ia \u00een discu\u0163ie sesizarea pre\u015fedintelui Iohannis \u00een cazul Legii privind executorii judec\u0103tore\u015fti\"}]},{\"@type\":\"WebSite\",\"@id\":\"https:\/\/carpathiacenter.ro\/#website\",\"url\":\"https:\/\/carpathiacenter.ro\/\",\"name\":\"Carpathia Center Romania\",\"description\":\"Impossible made possible!\",\"publisher\":{\"@id\":\"https:\/\/carpathiacenter.ro\/#organization\"},\"potentialAction\":[{\"@type\":\"SearchAction\",\"target\":{\"@type\":\"EntryPoint\",\"urlTemplate\":\"https:\/\/carpathiacenter.ro\/?s={search_term_string}\"},\"query-input\":{\"@type\":\"PropertyValueSpecification\",\"valueRequired\":true,\"valueName\":\"search_term_string\"}}],\"inLanguage\":\"en-GB\"},{\"@type\":\"Organization\",\"@id\":\"https:\/\/carpathiacenter.ro\/#organization\",\"name\":\"Carpathia Center Romania\",\"url\":\"https:\/\/carpathiacenter.ro\/\",\"logo\":{\"@type\":\"ImageObject\",\"inLanguage\":\"en-GB\",\"@id\":\"https:\/\/carpathiacenter.ro\/#\/schema\/logo\/image\/\",\"url\":\"https:\/\/carpathiacenter.ro\/wp-content\/uploads\/2024\/07\/logo-carpathia_bg_white-1024x941.png\",\"contentUrl\":\"https:\/\/carpathiacenter.ro\/wp-content\/uploads\/2024\/07\/logo-carpathia_bg_white-1024x941.png\",\"width\":1024,\"height\":941,\"caption\":\"Carpathia Center Romania\"},\"image\":{\"@id\":\"https:\/\/carpathiacenter.ro\/#\/schema\/logo\/image\/\"},\"sameAs\":[\"https:\/\/www.facebook.com\/fdpscarpathia\/\"]},{\"@type\":\"Person\",\"@id\":\"https:\/\/carpathiacenter.ro\/#\/schema\/person\/03d9f58202fee8379268f34afa195006\",\"name\":\"creativebitsolutions\",\"image\":{\"@type\":\"ImageObject\",\"inLanguage\":\"en-GB\",\"@id\":\"https:\/\/carpathiacenter.ro\/#\/schema\/person\/image\/\",\"url\":\"https:\/\/secure.gravatar.com\/avatar\/1b1a13e37f847c635dab78348f1dff2f07651ee2a3d77a5c355a4b8c75f9165a?s=96&d=mm&r=g\",\"contentUrl\":\"https:\/\/secure.gravatar.com\/avatar\/1b1a13e37f847c635dab78348f1dff2f07651ee2a3d77a5c355a4b8c75f9165a?s=96&d=mm&r=g\",\"caption\":\"creativebitsolutions\"},\"url\":\"https:\/\/carpathiacenter.ro\/en\/author\/creativebitsolutions\/\"}]}<\/script>\n<!-- \/ Yoast SEO plugin. -->","yoast_head_json":{"title":"CCR ia \u00een discu\u0163ie sesizarea pre\u015fedintelui Iohannis \u00een cazul Legii privind executorii judec\u0103tore\u015fti - Carpathia Center Romania","robots":{"index":"index","follow":"follow","max-snippet":"max-snippet:-1","max-image-preview":"max-image-preview:large","max-video-preview":"max-video-preview:-1"},"canonical":"https:\/\/carpathiacenter.ro\/en\/ccr-ia-in-discutie-sesizarea-presedintelui-iohannis-in-cazul-legii-privind-executorii-judecatoresti\/","og_locale":"en_GB","og_type":"article","og_title":"CCR ia \u00een discu\u0163ie sesizarea pre\u015fedintelui Iohannis \u00een cazul Legii privind executorii judec\u0103tore\u015fti - Carpathia Center Romania","og_description":"Curtea Constitu\u0163ional\u0103 a Rom\u00e2niei (CCR) urmeaz\u0103 s\u0103 dezbat\u0103, mar\u0163i, sesizarea pre\u015fedintelui Klaus Iohannis \u00een cazul Legii privind executorii judec\u0103tore\u015fti. \u015eeful statului invoc\u0103 \u00een sesizare, printre altele, condi\u0163iile de numire a unui executor, onorariul primit de acesta \u015fi normele de administrare \u015fi conservare a arhivei notariale. \u201cUn executor judec\u0103toresc are sediul \u00een circumscrip\u0163ia unei Judec\u0103torii, \u00eens\u0103...","og_url":"https:\/\/carpathiacenter.ro\/en\/ccr-ia-in-discutie-sesizarea-presedintelui-iohannis-in-cazul-legii-privind-executorii-judecatoresti\/","og_site_name":"Carpathia Center Romania","article_publisher":"https:\/\/www.facebook.com\/fdpscarpathia\/","article_published_time":"2024-09-17T08:51:54+00:00","og_image":[{"width":820,"height":545,"url":"https:\/\/carpathiacenter.ro\/wp-content\/uploads\/2024\/09\/curtea-constitutionala.jpg","type":"image\/jpeg"}],"author":"creativebitsolutions","twitter_card":"summary_large_image","twitter_misc":{"Written by":"creativebitsolutions","Estimated reading time":"4 minutes"},"schema":{"@context":"https:\/\/schema.org","@graph":[{"@type":"Article","@id":"https:\/\/carpathiacenter.ro\/ccr-ia-in-discutie-sesizarea-presedintelui-iohannis-in-cazul-legii-privind-executorii-judecatoresti\/#article","isPartOf":{"@id":"https:\/\/carpathiacenter.ro\/ccr-ia-in-discutie-sesizarea-presedintelui-iohannis-in-cazul-legii-privind-executorii-judecatoresti\/"},"author":{"name":"creativebitsolutions","@id":"https:\/\/carpathiacenter.ro\/#\/schema\/person\/03d9f58202fee8379268f34afa195006"},"headline":"CCR ia \u00een discu\u0163ie sesizarea pre\u015fedintelui Iohannis \u00een cazul Legii privind executorii judec\u0103tore\u015fti","datePublished":"2024-09-17T08:51:54+00:00","mainEntityOfPage":{"@id":"https:\/\/carpathiacenter.ro\/ccr-ia-in-discutie-sesizarea-presedintelui-iohannis-in-cazul-legii-privind-executorii-judecatoresti\/"},"wordCount":791,"commentCount":0,"publisher":{"@id":"https:\/\/carpathiacenter.ro\/#organization"},"image":{"@id":"https:\/\/carpathiacenter.ro\/ccr-ia-in-discutie-sesizarea-presedintelui-iohannis-in-cazul-legii-privind-executorii-judecatoresti\/#primaryimage"},"thumbnailUrl":"https:\/\/carpathiacenter.ro\/wp-content\/uploads\/2024\/09\/curtea-constitutionala.jpg","articleSection":["Uncategorized"],"inLanguage":"en-GB","potentialAction":[{"@type":"CommentAction","name":"Comment","target":["https:\/\/carpathiacenter.ro\/ccr-ia-in-discutie-sesizarea-presedintelui-iohannis-in-cazul-legii-privind-executorii-judecatoresti\/#respond"]}]},{"@type":"WebPage","@id":"https:\/\/carpathiacenter.ro\/ccr-ia-in-discutie-sesizarea-presedintelui-iohannis-in-cazul-legii-privind-executorii-judecatoresti\/","url":"https:\/\/carpathiacenter.ro\/ccr-ia-in-discutie-sesizarea-presedintelui-iohannis-in-cazul-legii-privind-executorii-judecatoresti\/","name":"CCR ia \u00een discu\u0163ie sesizarea pre\u015fedintelui Iohannis \u00een cazul Legii privind executorii judec\u0103tore\u015fti - Carpathia Center Romania","isPartOf":{"@id":"https:\/\/carpathiacenter.ro\/#website"},"primaryImageOfPage":{"@id":"https:\/\/carpathiacenter.ro\/ccr-ia-in-discutie-sesizarea-presedintelui-iohannis-in-cazul-legii-privind-executorii-judecatoresti\/#primaryimage"},"image":{"@id":"https:\/\/carpathiacenter.ro\/ccr-ia-in-discutie-sesizarea-presedintelui-iohannis-in-cazul-legii-privind-executorii-judecatoresti\/#primaryimage"},"thumbnailUrl":"https:\/\/carpathiacenter.ro\/wp-content\/uploads\/2024\/09\/curtea-constitutionala.jpg","datePublished":"2024-09-17T08:51:54+00:00","breadcrumb":{"@id":"https:\/\/carpathiacenter.ro\/ccr-ia-in-discutie-sesizarea-presedintelui-iohannis-in-cazul-legii-privind-executorii-judecatoresti\/#breadcrumb"},"inLanguage":"en-GB","potentialAction":[{"@type":"ReadAction","target":["https:\/\/carpathiacenter.ro\/ccr-ia-in-discutie-sesizarea-presedintelui-iohannis-in-cazul-legii-privind-executorii-judecatoresti\/"]}]},{"@type":"ImageObject","inLanguage":"en-GB","@id":"https:\/\/carpathiacenter.ro\/ccr-ia-in-discutie-sesizarea-presedintelui-iohannis-in-cazul-legii-privind-executorii-judecatoresti\/#primaryimage","url":"https:\/\/carpathiacenter.ro\/wp-content\/uploads\/2024\/09\/curtea-constitutionala.jpg","contentUrl":"https:\/\/carpathiacenter.ro\/wp-content\/uploads\/2024\/09\/curtea-constitutionala.jpg","width":820,"height":545},{"@type":"BreadcrumbList","@id":"https:\/\/carpathiacenter.ro\/ccr-ia-in-discutie-sesizarea-presedintelui-iohannis-in-cazul-legii-privind-executorii-judecatoresti\/#breadcrumb","itemListElement":[{"@type":"ListItem","position":1,"name":"Prima pagin\u0103","item":"https:\/\/carpathiacenter.ro\/"},{"@type":"ListItem","position":2,"name":"CCR ia \u00een discu\u0163ie sesizarea pre\u015fedintelui Iohannis \u00een cazul Legii privind executorii judec\u0103tore\u015fti"}]},{"@type":"WebSite","@id":"https:\/\/carpathiacenter.ro\/#website","url":"https:\/\/carpathiacenter.ro\/","name":"Carpathia Center Romania","description":"Impossible made possible!","publisher":{"@id":"https:\/\/carpathiacenter.ro\/#organization"},"potentialAction":[{"@type":"SearchAction","target":{"@type":"EntryPoint","urlTemplate":"https:\/\/carpathiacenter.ro\/?s={search_term_string}"},"query-input":{"@type":"PropertyValueSpecification","valueRequired":true,"valueName":"search_term_string"}}],"inLanguage":"en-GB"},{"@type":"Organization","@id":"https:\/\/carpathiacenter.ro\/#organization","name":"Carpathia Center Romania","url":"https:\/\/carpathiacenter.ro\/","logo":{"@type":"ImageObject","inLanguage":"en-GB","@id":"https:\/\/carpathiacenter.ro\/#\/schema\/logo\/image\/","url":"https:\/\/carpathiacenter.ro\/wp-content\/uploads\/2024\/07\/logo-carpathia_bg_white-1024x941.png","contentUrl":"https:\/\/carpathiacenter.ro\/wp-content\/uploads\/2024\/07\/logo-carpathia_bg_white-1024x941.png","width":1024,"height":941,"caption":"Carpathia Center Romania"},"image":{"@id":"https:\/\/carpathiacenter.ro\/#\/schema\/logo\/image\/"},"sameAs":["https:\/\/www.facebook.com\/fdpscarpathia\/"]},{"@type":"Person","@id":"https:\/\/carpathiacenter.ro\/#\/schema\/person\/03d9f58202fee8379268f34afa195006","name":"creativebitsolutions","image":{"@type":"ImageObject","inLanguage":"en-GB","@id":"https:\/\/carpathiacenter.ro\/#\/schema\/person\/image\/","url":"https:\/\/secure.gravatar.com\/avatar\/1b1a13e37f847c635dab78348f1dff2f07651ee2a3d77a5c355a4b8c75f9165a?s=96&d=mm&r=g","contentUrl":"https:\/\/secure.gravatar.com\/avatar\/1b1a13e37f847c635dab78348f1dff2f07651ee2a3d77a5c355a4b8c75f9165a?s=96&d=mm&r=g","caption":"creativebitsolutions"},"url":"https:\/\/carpathiacenter.ro\/en\/author\/creativebitsolutions\/"}]}},"_links":{"self":[{"href":"https:\/\/carpathiacenter.ro\/en\/wp-json\/wp\/v2\/posts\/1275","targetHints":{"allow":["GET"]}}],"collection":[{"href":"https:\/\/carpathiacenter.ro\/en\/wp-json\/wp\/v2\/posts"}],"about":[{"href":"https:\/\/carpathiacenter.ro\/en\/wp-json\/wp\/v2\/types\/post"}],"author":[{"embeddable":true,"href":"https:\/\/carpathiacenter.ro\/en\/wp-json\/wp\/v2\/users\/4"}],"replies":[{"embeddable":true,"href":"https:\/\/carpathiacenter.ro\/en\/wp-json\/wp\/v2\/comments?post=1275"}],"version-history":[{"count":2,"href":"https:\/\/carpathiacenter.ro\/en\/wp-json\/wp\/v2\/posts\/1275\/revisions"}],"predecessor-version":[{"id":1278,"href":"https:\/\/carpathiacenter.ro\/en\/wp-json\/wp\/v2\/posts\/1275\/revisions\/1278"}],"wp:featuredmedia":[{"embeddable":true,"href":"https:\/\/carpathiacenter.ro\/en\/wp-json\/wp\/v2\/media\/1276"}],"wp:attachment":[{"href":"https:\/\/carpathiacenter.ro\/en\/wp-json\/wp\/v2\/media?parent=1275"}],"wp:term":[{"taxonomy":"category","embeddable":true,"href":"https:\/\/carpathiacenter.ro\/en\/wp-json\/wp\/v2\/categories?post=1275"},{"taxonomy":"post_tag","embeddable":true,"href":"https:\/\/carpathiacenter.ro\/en\/wp-json\/wp\/v2\/tags?post=1275"}],"curies":[{"name":"wp","href":"https:\/\/api.w.org\/{rel}","templated":true}]}}