{"id":1272,"date":"2024-09-16T14:28:05","date_gmt":"2024-09-16T14:28:05","guid":{"rendered":"https:\/\/carpathiacenter.ro\/?p=1272"},"modified":"2024-09-16T14:28:05","modified_gmt":"2024-09-16T14:28:05","slug":"ministerul-educatiei-cursuri-suspendate-in-25-de-unitati-de-invatamant-din-galati-luni-si-marti","status":"publish","type":"post","link":"https:\/\/carpathiacenter.ro\/en\/ministerul-educatiei-cursuri-suspendate-in-25-de-unitati-de-invatamant-din-galati-luni-si-marti\/","title":{"rendered":"Ministerul Educa\u0163iei: Cursuri suspendate \u00een 25 de unit\u0103\u0163i de \u00eenv\u0103\u0163\u0103m\u00e2nt din Gala\u0163i luni \u015fi mar\u0163i"},"content":{"rendered":"<div class=\"description_articol\">\n<p><strong>Ministerul Educa\u0163iei a informat duminic\u0103, \u00eentr-un comunicat de pres\u0103, c\u0103 av\u00e2nd \u00een vedere gradul de afectare \u00een urma inunda\u0163iilor, \u00een jude\u0163ul Gala\u0163i este necesar\u0103 suspendarea cursurilor pentru zilele de 16 \u015fi 17 septembrie \u00een 25 de unit\u0103\u0163i de \u00eenv\u0103\u0163\u0103m\u00e2nt.<\/strong><\/p>\n<p>Potrivit informa\u0163iilor transmise p\u00e2n\u0103 \u00een acest moment de c\u0103tre inspectoratele \u015fcolare jude\u0163ene, este vorba despre:<\/p>\n<p>* \u015ecoala Gimnazial\u0103 &#8220;Prof. Emil Panaitescu&#8221;, comuna Cudalbi, precum \u015fi Gr\u0103dini\u0163a cu Program Normal Nr. 1;<\/p>\n<p>* Liceul Tehnologic Nr. 1, comuna Cudalbi, inclusiv structura Gr\u0103dini\u0163a cu Program Normal Nr. 2;<\/p>\n<p>* Liceul Tehnologic &#8220;Costache Conachi&#8221;, comuna Pechea, inclusiv \u015ecoala Gimnazial\u0103 Nr. 4 \u015fi Gr\u0103dini\u0163a cu Program Normal &#8220;Violeta&#8221;;<\/p>\n<p>* \u015ecoala Gimnazial\u0103 &#8220;Al. Moruzzi&#8221;, comuna Pechea, inclusiv \u015ecoala Gimnazial\u0103 Nr. 1, \u015ecoala Gimnazial\u0103 Nr. 3 \u015fi Gr\u0103dini\u0163a Nr. 3;<\/p>\n<p>* Gr\u0103dini\u0163a cu Program Normal nr. 1 Corod &#8211; structur\u0103 a Liceului Tehnologic Nr. 1, comuna Corod;<\/p>\n<p>* \u015ecoala Gimnazial\u0103 &#8220;Elena Doamna&#8221;, comuna Cuza Vod\u0103, inclusiv Gr\u0103dini\u0163a cu Program Normal &#8220;Prichindel&#8221;;<\/p>\n<p>* \u015ecoala Gimnazial\u0103 Nr. 1, comuna Suhurlui, inclusiv structura Gr\u0103dini\u0163a cu Program Normal Nr. 1;<\/p>\n<p>* \u015ecoala Gimnazial\u0103 Nr. 1, comuna Slobozia Conachi, inclusiv Gr\u0103dini\u0163a Nr. 1, \u015ecoala Primar\u0103 1 Izvoarele \u015fi Gr\u0103dini\u0163a Nr. 1 Izvoarele;<\/p>\n<p>* \u015ecoala Gimnazial\u0103 &#8220;Dumitru Capraru&#8221;, comuna Grivi\u0163a, inclusiv Gr\u0103dini\u0163a cu Program Normal Nr. 1 Grivi\u0163a \u015fi Gr\u0103dini\u0163a cu Program Normal Nr. 1 C\u0103lm\u0103\u0163ui;<\/p>\n<p>* \u015ecoala Gimnazial\u0103 &#8220;Elena Negri&#8221;, comuna Costache Negri, dar \u015fi Gr\u0103dini\u0163a cu Program Normal &#8220;Elena Negri&#8221;.<\/p>\n<p>&#8220;Preciz\u0103m c\u0103 situa\u0163ia actual\u0103 nu permite, \u00een cazurile men\u0163ionate, desf\u0103\u015furarea cursurilor \u00een format online. Consiliile de administra\u0163ie ale unit\u0103\u0163ilor de \u00eenv\u0103\u0163\u0103m\u00e2nt aflate \u00een situa\u0163ia de a suspenda activitatea didactic\u0103 vor stabili m\u0103suri privind parcurgerea integral\u0103 a programei \u015fcolare&#8221;, arat\u0103 Ministerul Educa\u0163iei.<\/p>\n<p>\u00cen jude\u0163ul Vaslui, av\u00e2nd \u00een vedere faptul c\u0103 plafonul unei s\u0103li de clas\u0103 din \u015ecoala Gimnazial\u0103 &#8220;\u015etefan Ciobot\u0103ra\u015fu&#8221; Lipov\u0103\u0163, structura Chi\u0163oc, a fost afectat de infiltrarea apei, elevii a dou\u0103 forma\u0163iuni vor fi reloca\u0163i. AGERPRES\/(AS &#8211; editor: Florin Marin, editor online: Simona Aru\u015ftei)<\/p>\n<\/div>","protected":false},"excerpt":{"rendered":"<p>Ministerul Educa\u0163iei a informat duminic\u0103, \u00eentr-un comunicat de pres\u0103, c\u0103 av\u00e2nd \u00een vedere gradul de afectare \u00een urma inunda\u0163iilor, \u00een jude\u0163ul Gala\u0163i este necesar\u0103 suspendarea cursurilor pentru zilele de 16 \u015fi 17 septembrie \u00een 25 de unit\u0103\u0163i de \u00eenv\u0103\u0163\u0103m\u00e2nt. Potrivit informa\u0163iilor transmise p\u00e2n\u0103 \u00een acest moment de c\u0103tre inspectoratele \u015fcolare jude\u0163ene, este vorba despre: *&#8230;<\/p>","protected":false},"author":4,"featured_media":1273,"comment_status":"open","ping_status":"open","sticky":false,"template":"","format":"standard","meta":{"footnotes":""},"categories":[1],"tags":[],"class_list":["post-1272","post","type-post","status-publish","format-standard","has-post-thumbnail","hentry","category-uncategorized"],"yoast_head":"<!-- This site is optimized with the Yoast SEO plugin v26.1.1 - https:\/\/yoast.com\/wordpress\/plugins\/seo\/ -->\n<title>Ministerul Educa\u0163iei: Cursuri suspendate \u00een 25 de unit\u0103\u0163i de \u00eenv\u0103\u0163\u0103m\u00e2nt din Gala\u0163i luni \u015fi mar\u0163i - Carpathia Center Romania<\/title>\n<meta name=\"robots\" content=\"index, follow, max-snippet:-1, max-image-preview:large, max-video-preview:-1\" \/>\n<link rel=\"canonical\" href=\"https:\/\/carpathiacenter.ro\/en\/ministerul-educatiei-cursuri-suspendate-in-25-de-unitati-de-invatamant-din-galati-luni-si-marti\/\" \/>\n<meta property=\"og:locale\" content=\"en_GB\" \/>\n<meta property=\"og:type\" content=\"article\" \/>\n<meta property=\"og:title\" content=\"Ministerul Educa\u0163iei: Cursuri suspendate \u00een 25 de unit\u0103\u0163i de \u00eenv\u0103\u0163\u0103m\u00e2nt din Gala\u0163i luni \u015fi mar\u0163i - Carpathia Center Romania\" \/>\n<meta property=\"og:description\" content=\"Ministerul Educa\u0163iei a informat duminic\u0103, \u00eentr-un comunicat de pres\u0103, c\u0103 av\u00e2nd \u00een vedere gradul de afectare \u00een urma inunda\u0163iilor, \u00een jude\u0163ul Gala\u0163i este necesar\u0103 suspendarea cursurilor pentru zilele de 16 \u015fi 17 septembrie \u00een 25 de unit\u0103\u0163i de \u00eenv\u0103\u0163\u0103m\u00e2nt. Potrivit informa\u0163iilor transmise p\u00e2n\u0103 \u00een acest moment de c\u0103tre inspectoratele \u015fcolare jude\u0163ene, este vorba despre: *...\" \/>\n<meta property=\"og:url\" content=\"https:\/\/carpathiacenter.ro\/en\/ministerul-educatiei-cursuri-suspendate-in-25-de-unitati-de-invatamant-din-galati-luni-si-marti\/\" \/>\n<meta property=\"og:site_name\" content=\"Carpathia Center Romania\" \/>\n<meta property=\"article:publisher\" content=\"https:\/\/www.facebook.com\/fdpscarpathia\/\" \/>\n<meta property=\"article:published_time\" content=\"2024-09-16T14:28:05+00:00\" \/>\n<meta property=\"og:image\" content=\"https:\/\/carpathiacenter.ro\/wp-content\/uploads\/2024\/09\/banci_goale_04494100.webp\" \/>\n\t<meta property=\"og:image:width\" content=\"815\" \/>\n\t<meta property=\"og:image:height\" content=\"471\" \/>\n\t<meta property=\"og:image:type\" content=\"image\/webp\" \/>\n<meta name=\"author\" content=\"creativebitsolutions\" \/>\n<meta name=\"twitter:card\" content=\"summary_large_image\" \/>\n<meta name=\"twitter:label1\" content=\"Written by\" \/>\n\t<meta name=\"twitter:data1\" content=\"creativebitsolutions\" \/>\n\t<meta name=\"twitter:label2\" content=\"Estimated reading time\" \/>\n\t<meta name=\"twitter:data2\" content=\"2 minutes\" \/>\n<script type=\"application\/ld+json\" class=\"yoast-schema-graph\">{\"@context\":\"https:\/\/schema.org\",\"@graph\":[{\"@type\":\"Article\",\"@id\":\"https:\/\/carpathiacenter.ro\/ministerul-educatiei-cursuri-suspendate-in-25-de-unitati-de-invatamant-din-galati-luni-si-marti\/#article\",\"isPartOf\":{\"@id\":\"https:\/\/carpathiacenter.ro\/ministerul-educatiei-cursuri-suspendate-in-25-de-unitati-de-invatamant-din-galati-luni-si-marti\/\"},\"author\":{\"name\":\"creativebitsolutions\",\"@id\":\"https:\/\/carpathiacenter.ro\/#\/schema\/person\/03d9f58202fee8379268f34afa195006\"},\"headline\":\"Ministerul Educa\u0163iei: Cursuri suspendate \u00een 25 de unit\u0103\u0163i de \u00eenv\u0103\u0163\u0103m\u00e2nt din Gala\u0163i luni \u015fi mar\u0163i\",\"datePublished\":\"2024-09-16T14:28:05+00:00\",\"mainEntityOfPage\":{\"@id\":\"https:\/\/carpathiacenter.ro\/ministerul-educatiei-cursuri-suspendate-in-25-de-unitati-de-invatamant-din-galati-luni-si-marti\/\"},\"wordCount\":364,\"commentCount\":0,\"publisher\":{\"@id\":\"https:\/\/carpathiacenter.ro\/#organization\"},\"image\":{\"@id\":\"https:\/\/carpathiacenter.ro\/ministerul-educatiei-cursuri-suspendate-in-25-de-unitati-de-invatamant-din-galati-luni-si-marti\/#primaryimage\"},\"thumbnailUrl\":\"https:\/\/carpathiacenter.ro\/wp-content\/uploads\/2024\/09\/banci_goale_04494100.webp\",\"articleSection\":[\"Uncategorized\"],\"inLanguage\":\"en-GB\",\"potentialAction\":[{\"@type\":\"CommentAction\",\"name\":\"Comment\",\"target\":[\"https:\/\/carpathiacenter.ro\/ministerul-educatiei-cursuri-suspendate-in-25-de-unitati-de-invatamant-din-galati-luni-si-marti\/#respond\"]}]},{\"@type\":\"WebPage\",\"@id\":\"https:\/\/carpathiacenter.ro\/ministerul-educatiei-cursuri-suspendate-in-25-de-unitati-de-invatamant-din-galati-luni-si-marti\/\",\"url\":\"https:\/\/carpathiacenter.ro\/ministerul-educatiei-cursuri-suspendate-in-25-de-unitati-de-invatamant-din-galati-luni-si-marti\/\",\"name\":\"Ministerul Educa\u0163iei: Cursuri suspendate \u00een 25 de unit\u0103\u0163i de \u00eenv\u0103\u0163\u0103m\u00e2nt din Gala\u0163i luni \u015fi mar\u0163i - Carpathia Center Romania\",\"isPartOf\":{\"@id\":\"https:\/\/carpathiacenter.ro\/#website\"},\"primaryImageOfPage\":{\"@id\":\"https:\/\/carpathiacenter.ro\/ministerul-educatiei-cursuri-suspendate-in-25-de-unitati-de-invatamant-din-galati-luni-si-marti\/#primaryimage\"},\"image\":{\"@id\":\"https:\/\/carpathiacenter.ro\/ministerul-educatiei-cursuri-suspendate-in-25-de-unitati-de-invatamant-din-galati-luni-si-marti\/#primaryimage\"},\"thumbnailUrl\":\"https:\/\/carpathiacenter.ro\/wp-content\/uploads\/2024\/09\/banci_goale_04494100.webp\",\"datePublished\":\"2024-09-16T14:28:05+00:00\",\"breadcrumb\":{\"@id\":\"https:\/\/carpathiacenter.ro\/ministerul-educatiei-cursuri-suspendate-in-25-de-unitati-de-invatamant-din-galati-luni-si-marti\/#breadcrumb\"},\"inLanguage\":\"en-GB\",\"potentialAction\":[{\"@type\":\"ReadAction\",\"target\":[\"https:\/\/carpathiacenter.ro\/ministerul-educatiei-cursuri-suspendate-in-25-de-unitati-de-invatamant-din-galati-luni-si-marti\/\"]}]},{\"@type\":\"ImageObject\",\"inLanguage\":\"en-GB\",\"@id\":\"https:\/\/carpathiacenter.ro\/ministerul-educatiei-cursuri-suspendate-in-25-de-unitati-de-invatamant-din-galati-luni-si-marti\/#primaryimage\",\"url\":\"https:\/\/carpathiacenter.ro\/wp-content\/uploads\/2024\/09\/banci_goale_04494100.webp\",\"contentUrl\":\"https:\/\/carpathiacenter.ro\/wp-content\/uploads\/2024\/09\/banci_goale_04494100.webp\",\"width\":815,\"height\":471},{\"@type\":\"BreadcrumbList\",\"@id\":\"https:\/\/carpathiacenter.ro\/ministerul-educatiei-cursuri-suspendate-in-25-de-unitati-de-invatamant-din-galati-luni-si-marti\/#breadcrumb\",\"itemListElement\":[{\"@type\":\"ListItem\",\"position\":1,\"name\":\"Prima pagin\u0103\",\"item\":\"https:\/\/carpathiacenter.ro\/\"},{\"@type\":\"ListItem\",\"position\":2,\"name\":\"Ministerul Educa\u0163iei: Cursuri suspendate \u00een 25 de unit\u0103\u0163i de \u00eenv\u0103\u0163\u0103m\u00e2nt din Gala\u0163i luni \u015fi mar\u0163i\"}]},{\"@type\":\"WebSite\",\"@id\":\"https:\/\/carpathiacenter.ro\/#website\",\"url\":\"https:\/\/carpathiacenter.ro\/\",\"name\":\"Carpathia Center Romania\",\"description\":\"Impossible made possible!\",\"publisher\":{\"@id\":\"https:\/\/carpathiacenter.ro\/#organization\"},\"potentialAction\":[{\"@type\":\"SearchAction\",\"target\":{\"@type\":\"EntryPoint\",\"urlTemplate\":\"https:\/\/carpathiacenter.ro\/?s={search_term_string}\"},\"query-input\":{\"@type\":\"PropertyValueSpecification\",\"valueRequired\":true,\"valueName\":\"search_term_string\"}}],\"inLanguage\":\"en-GB\"},{\"@type\":\"Organization\",\"@id\":\"https:\/\/carpathiacenter.ro\/#organization\",\"name\":\"Carpathia Center Romania\",\"url\":\"https:\/\/carpathiacenter.ro\/\",\"logo\":{\"@type\":\"ImageObject\",\"inLanguage\":\"en-GB\",\"@id\":\"https:\/\/carpathiacenter.ro\/#\/schema\/logo\/image\/\",\"url\":\"https:\/\/carpathiacenter.ro\/wp-content\/uploads\/2024\/07\/logo-carpathia_bg_white-1024x941.png\",\"contentUrl\":\"https:\/\/carpathiacenter.ro\/wp-content\/uploads\/2024\/07\/logo-carpathia_bg_white-1024x941.png\",\"width\":1024,\"height\":941,\"caption\":\"Carpathia Center Romania\"},\"image\":{\"@id\":\"https:\/\/carpathiacenter.ro\/#\/schema\/logo\/image\/\"},\"sameAs\":[\"https:\/\/www.facebook.com\/fdpscarpathia\/\"]},{\"@type\":\"Person\",\"@id\":\"https:\/\/carpathiacenter.ro\/#\/schema\/person\/03d9f58202fee8379268f34afa195006\",\"name\":\"creativebitsolutions\",\"image\":{\"@type\":\"ImageObject\",\"inLanguage\":\"en-GB\",\"@id\":\"https:\/\/carpathiacenter.ro\/#\/schema\/person\/image\/\",\"url\":\"https:\/\/secure.gravatar.com\/avatar\/1b1a13e37f847c635dab78348f1dff2f07651ee2a3d77a5c355a4b8c75f9165a?s=96&d=mm&r=g\",\"contentUrl\":\"https:\/\/secure.gravatar.com\/avatar\/1b1a13e37f847c635dab78348f1dff2f07651ee2a3d77a5c355a4b8c75f9165a?s=96&d=mm&r=g\",\"caption\":\"creativebitsolutions\"},\"url\":\"https:\/\/carpathiacenter.ro\/en\/author\/creativebitsolutions\/\"}]}<\/script>\n<!-- \/ Yoast SEO plugin. -->","yoast_head_json":{"title":"Ministerul Educa\u0163iei: Cursuri suspendate \u00een 25 de unit\u0103\u0163i de \u00eenv\u0103\u0163\u0103m\u00e2nt din Gala\u0163i luni \u015fi mar\u0163i - Carpathia Center Romania","robots":{"index":"index","follow":"follow","max-snippet":"max-snippet:-1","max-image-preview":"max-image-preview:large","max-video-preview":"max-video-preview:-1"},"canonical":"https:\/\/carpathiacenter.ro\/en\/ministerul-educatiei-cursuri-suspendate-in-25-de-unitati-de-invatamant-din-galati-luni-si-marti\/","og_locale":"en_GB","og_type":"article","og_title":"Ministerul Educa\u0163iei: Cursuri suspendate \u00een 25 de unit\u0103\u0163i de \u00eenv\u0103\u0163\u0103m\u00e2nt din Gala\u0163i luni \u015fi mar\u0163i - Carpathia Center Romania","og_description":"Ministerul Educa\u0163iei a informat duminic\u0103, \u00eentr-un comunicat de pres\u0103, c\u0103 av\u00e2nd \u00een vedere gradul de afectare \u00een urma inunda\u0163iilor, \u00een jude\u0163ul Gala\u0163i este necesar\u0103 suspendarea cursurilor pentru zilele de 16 \u015fi 17 septembrie \u00een 25 de unit\u0103\u0163i de \u00eenv\u0103\u0163\u0103m\u00e2nt. Potrivit informa\u0163iilor transmise p\u00e2n\u0103 \u00een acest moment de c\u0103tre inspectoratele \u015fcolare jude\u0163ene, este vorba despre: *...","og_url":"https:\/\/carpathiacenter.ro\/en\/ministerul-educatiei-cursuri-suspendate-in-25-de-unitati-de-invatamant-din-galati-luni-si-marti\/","og_site_name":"Carpathia Center Romania","article_publisher":"https:\/\/www.facebook.com\/fdpscarpathia\/","article_published_time":"2024-09-16T14:28:05+00:00","og_image":[{"width":815,"height":471,"url":"https:\/\/carpathiacenter.ro\/wp-content\/uploads\/2024\/09\/banci_goale_04494100.webp","type":"image\/webp"}],"author":"creativebitsolutions","twitter_card":"summary_large_image","twitter_misc":{"Written by":"creativebitsolutions","Estimated reading time":"2 minutes"},"schema":{"@context":"https:\/\/schema.org","@graph":[{"@type":"Article","@id":"https:\/\/carpathiacenter.ro\/ministerul-educatiei-cursuri-suspendate-in-25-de-unitati-de-invatamant-din-galati-luni-si-marti\/#article","isPartOf":{"@id":"https:\/\/carpathiacenter.ro\/ministerul-educatiei-cursuri-suspendate-in-25-de-unitati-de-invatamant-din-galati-luni-si-marti\/"},"author":{"name":"creativebitsolutions","@id":"https:\/\/carpathiacenter.ro\/#\/schema\/person\/03d9f58202fee8379268f34afa195006"},"headline":"Ministerul Educa\u0163iei: Cursuri suspendate \u00een 25 de unit\u0103\u0163i de \u00eenv\u0103\u0163\u0103m\u00e2nt din Gala\u0163i luni \u015fi mar\u0163i","datePublished":"2024-09-16T14:28:05+00:00","mainEntityOfPage":{"@id":"https:\/\/carpathiacenter.ro\/ministerul-educatiei-cursuri-suspendate-in-25-de-unitati-de-invatamant-din-galati-luni-si-marti\/"},"wordCount":364,"commentCount":0,"publisher":{"@id":"https:\/\/carpathiacenter.ro\/#organization"},"image":{"@id":"https:\/\/carpathiacenter.ro\/ministerul-educatiei-cursuri-suspendate-in-25-de-unitati-de-invatamant-din-galati-luni-si-marti\/#primaryimage"},"thumbnailUrl":"https:\/\/carpathiacenter.ro\/wp-content\/uploads\/2024\/09\/banci_goale_04494100.webp","articleSection":["Uncategorized"],"inLanguage":"en-GB","potentialAction":[{"@type":"CommentAction","name":"Comment","target":["https:\/\/carpathiacenter.ro\/ministerul-educatiei-cursuri-suspendate-in-25-de-unitati-de-invatamant-din-galati-luni-si-marti\/#respond"]}]},{"@type":"WebPage","@id":"https:\/\/carpathiacenter.ro\/ministerul-educatiei-cursuri-suspendate-in-25-de-unitati-de-invatamant-din-galati-luni-si-marti\/","url":"https:\/\/carpathiacenter.ro\/ministerul-educatiei-cursuri-suspendate-in-25-de-unitati-de-invatamant-din-galati-luni-si-marti\/","name":"Ministerul Educa\u0163iei: Cursuri suspendate \u00een 25 de unit\u0103\u0163i de \u00eenv\u0103\u0163\u0103m\u00e2nt din Gala\u0163i luni \u015fi mar\u0163i - Carpathia Center Romania","isPartOf":{"@id":"https:\/\/carpathiacenter.ro\/#website"},"primaryImageOfPage":{"@id":"https:\/\/carpathiacenter.ro\/ministerul-educatiei-cursuri-suspendate-in-25-de-unitati-de-invatamant-din-galati-luni-si-marti\/#primaryimage"},"image":{"@id":"https:\/\/carpathiacenter.ro\/ministerul-educatiei-cursuri-suspendate-in-25-de-unitati-de-invatamant-din-galati-luni-si-marti\/#primaryimage"},"thumbnailUrl":"https:\/\/carpathiacenter.ro\/wp-content\/uploads\/2024\/09\/banci_goale_04494100.webp","datePublished":"2024-09-16T14:28:05+00:00","breadcrumb":{"@id":"https:\/\/carpathiacenter.ro\/ministerul-educatiei-cursuri-suspendate-in-25-de-unitati-de-invatamant-din-galati-luni-si-marti\/#breadcrumb"},"inLanguage":"en-GB","potentialAction":[{"@type":"ReadAction","target":["https:\/\/carpathiacenter.ro\/ministerul-educatiei-cursuri-suspendate-in-25-de-unitati-de-invatamant-din-galati-luni-si-marti\/"]}]},{"@type":"ImageObject","inLanguage":"en-GB","@id":"https:\/\/carpathiacenter.ro\/ministerul-educatiei-cursuri-suspendate-in-25-de-unitati-de-invatamant-din-galati-luni-si-marti\/#primaryimage","url":"https:\/\/carpathiacenter.ro\/wp-content\/uploads\/2024\/09\/banci_goale_04494100.webp","contentUrl":"https:\/\/carpathiacenter.ro\/wp-content\/uploads\/2024\/09\/banci_goale_04494100.webp","width":815,"height":471},{"@type":"BreadcrumbList","@id":"https:\/\/carpathiacenter.ro\/ministerul-educatiei-cursuri-suspendate-in-25-de-unitati-de-invatamant-din-galati-luni-si-marti\/#breadcrumb","itemListElement":[{"@type":"ListItem","position":1,"name":"Prima pagin\u0103","item":"https:\/\/carpathiacenter.ro\/"},{"@type":"ListItem","position":2,"name":"Ministerul Educa\u0163iei: Cursuri suspendate \u00een 25 de unit\u0103\u0163i de \u00eenv\u0103\u0163\u0103m\u00e2nt din Gala\u0163i luni \u015fi mar\u0163i"}]},{"@type":"WebSite","@id":"https:\/\/carpathiacenter.ro\/#website","url":"https:\/\/carpathiacenter.ro\/","name":"Carpathia Center Romania","description":"Impossible made possible!","publisher":{"@id":"https:\/\/carpathiacenter.ro\/#organization"},"potentialAction":[{"@type":"SearchAction","target":{"@type":"EntryPoint","urlTemplate":"https:\/\/carpathiacenter.ro\/?s={search_term_string}"},"query-input":{"@type":"PropertyValueSpecification","valueRequired":true,"valueName":"search_term_string"}}],"inLanguage":"en-GB"},{"@type":"Organization","@id":"https:\/\/carpathiacenter.ro\/#organization","name":"Carpathia Center Romania","url":"https:\/\/carpathiacenter.ro\/","logo":{"@type":"ImageObject","inLanguage":"en-GB","@id":"https:\/\/carpathiacenter.ro\/#\/schema\/logo\/image\/","url":"https:\/\/carpathiacenter.ro\/wp-content\/uploads\/2024\/07\/logo-carpathia_bg_white-1024x941.png","contentUrl":"https:\/\/carpathiacenter.ro\/wp-content\/uploads\/2024\/07\/logo-carpathia_bg_white-1024x941.png","width":1024,"height":941,"caption":"Carpathia Center Romania"},"image":{"@id":"https:\/\/carpathiacenter.ro\/#\/schema\/logo\/image\/"},"sameAs":["https:\/\/www.facebook.com\/fdpscarpathia\/"]},{"@type":"Person","@id":"https:\/\/carpathiacenter.ro\/#\/schema\/person\/03d9f58202fee8379268f34afa195006","name":"creativebitsolutions","image":{"@type":"ImageObject","inLanguage":"en-GB","@id":"https:\/\/carpathiacenter.ro\/#\/schema\/person\/image\/","url":"https:\/\/secure.gravatar.com\/avatar\/1b1a13e37f847c635dab78348f1dff2f07651ee2a3d77a5c355a4b8c75f9165a?s=96&d=mm&r=g","contentUrl":"https:\/\/secure.gravatar.com\/avatar\/1b1a13e37f847c635dab78348f1dff2f07651ee2a3d77a5c355a4b8c75f9165a?s=96&d=mm&r=g","caption":"creativebitsolutions"},"url":"https:\/\/carpathiacenter.ro\/en\/author\/creativebitsolutions\/"}]}},"_links":{"self":[{"href":"https:\/\/carpathiacenter.ro\/en\/wp-json\/wp\/v2\/posts\/1272","targetHints":{"allow":["GET"]}}],"collection":[{"href":"https:\/\/carpathiacenter.ro\/en\/wp-json\/wp\/v2\/posts"}],"about":[{"href":"https:\/\/carpathiacenter.ro\/en\/wp-json\/wp\/v2\/types\/post"}],"author":[{"embeddable":true,"href":"https:\/\/carpathiacenter.ro\/en\/wp-json\/wp\/v2\/users\/4"}],"replies":[{"embeddable":true,"href":"https:\/\/carpathiacenter.ro\/en\/wp-json\/wp\/v2\/comments?post=1272"}],"version-history":[{"count":1,"href":"https:\/\/carpathiacenter.ro\/en\/wp-json\/wp\/v2\/posts\/1272\/revisions"}],"predecessor-version":[{"id":1274,"href":"https:\/\/carpathiacenter.ro\/en\/wp-json\/wp\/v2\/posts\/1272\/revisions\/1274"}],"wp:featuredmedia":[{"embeddable":true,"href":"https:\/\/carpathiacenter.ro\/en\/wp-json\/wp\/v2\/media\/1273"}],"wp:attachment":[{"href":"https:\/\/carpathiacenter.ro\/en\/wp-json\/wp\/v2\/media?parent=1272"}],"wp:term":[{"taxonomy":"category","embeddable":true,"href":"https:\/\/carpathiacenter.ro\/en\/wp-json\/wp\/v2\/categories?post=1272"},{"taxonomy":"post_tag","embeddable":true,"href":"https:\/\/carpathiacenter.ro\/en\/wp-json\/wp\/v2\/tags?post=1272"}],"curies":[{"name":"wp","href":"https:\/\/api.w.org\/{rel}","templated":true}]}}