{"id":1269,"date":"2024-09-16T14:24:01","date_gmt":"2024-09-16T14:24:01","guid":{"rendered":"https:\/\/carpathiacenter.ro\/?p=1269"},"modified":"2024-09-16T14:24:01","modified_gmt":"2024-09-16T14:24:01","slug":"burduja-la-finalul-zilei-de-duminica-peste-90-dintre-gospodariile-fara-acces-la-energie-electrica-erau-reconectate","status":"publish","type":"post","link":"https:\/\/carpathiacenter.ro\/en\/burduja-la-finalul-zilei-de-duminica-peste-90-dintre-gospodariile-fara-acces-la-energie-electrica-erau-reconectate\/","title":{"rendered":"Burduja: La finalul zilei de duminic\u0103, peste 90 % dintre gospod\u0103riile f\u0103r\u0103 acces la energie electric\u0103 erau reconectate"},"content":{"rendered":"<div class=\"description_articol\">\n<p><strong>Peste 90% dintre gospod\u0103riile f\u0103r\u0103 acces la energie electric\u0103 erau reconectate, duminic\u0103 seara, la nivelul zonei Gala\u0163i fiind 2.232 utilizatori nealimenta\u0163i, potrivit ministrului Energiei, Sebastian Burduja.<\/strong><\/p>\n<p>&#8220;Am ajuns la Gala\u0163i, la Centrul de Comand\u0103 al Electrica (DEER- Muntenia Nord), al\u0103turi de oamenii care au coordonat ac\u0163iunile de interven\u0163ie \u00een teren. La finalul zilei, peste 90% dintre gospod\u0103riile f\u0103r\u0103 acces la energie electric\u0103 au fost reconectate. La nivelul zonei Gala\u0163i, mai sunt 2.232 utilizatori nealimenta\u0163i, dintr-un total de peste 25.000 la \u00eenceputul zilei&#8221;, a scris ministrul, duminic\u0103 seara, pe pagina sa de <a href=\"https:\/\/www.facebook.com\/tianu\" target=\"_blank\" rel=\"noopener\">Facebook<\/a>.<\/p>\n<p>El a subliniat c\u0103, \u00een cazuri punctuale, din ra\u0163iuni de siguran\u0163\u0103, instala\u0163iile consumatorilor nu au fost puse sub tensiune, din cauza riscurilor de incendiu sau scurtcircuit.<\/p>\n<p>&#8220;Aici plou\u0103 toren\u0163ial de la orele 16:00, dar echipele tehnice au lucrat absolut exemplar \u015fi sunt \u00eenc\u0103 \u00een teren.(&#8230;) Mai sunt doar trei LEA 20 kV afectate: Cudalbi-Pechea, Schela SPP 22, Pechea-Cudalbi 2. Al\u0103turi de conducerea tehnic\u0103 \u015fi local\u0103 a operatorului de distribu\u0163ie am revizuit planul de interven\u0163ie pentru ziua de m\u00e2ine. Avem de atacat zonele Cudalbi, Vame\u015f \u015fi Costachi Negri, dar \u015fi sta\u0163ia de transformare Pechea&#8221;, a precizat Burduja. AGERPRES\/(AS-editor: Nicoleta Gherasi, editor online: Alexandru Cojocaru)<\/p>\n<\/div>\n<p>Burduja: La finalul zilei de duminic\u0103, peste 90 % dintre gospod\u0103riile f\u0103r\u0103 acces la energie electric\u0103 erau reconectate<\/p>","protected":false},"excerpt":{"rendered":"<p>Peste 90% dintre gospod\u0103riile f\u0103r\u0103 acces la energie electric\u0103 erau reconectate, duminic\u0103 seara, la nivelul zonei Gala\u0163i fiind 2.232 utilizatori nealimenta\u0163i, potrivit ministrului Energiei, Sebastian Burduja. &#8220;Am ajuns la Gala\u0163i, la Centrul de Comand\u0103 al Electrica (DEER- Muntenia Nord), al\u0103turi de oamenii care au coordonat ac\u0163iunile de interven\u0163ie \u00een teren. La finalul zilei, peste 90%&#8230;<\/p>","protected":false},"author":4,"featured_media":1270,"comment_status":"open","ping_status":"open","sticky":false,"template":"","format":"standard","meta":{"footnotes":""},"categories":[1],"tags":[],"class_list":["post-1269","post","type-post","status-publish","format-standard","has-post-thumbnail","hentry","category-uncategorized"],"yoast_head":"<!-- This site is optimized with the Yoast SEO plugin v26.1.1 - https:\/\/yoast.com\/wordpress\/plugins\/seo\/ -->\n<title>Burduja: La finalul zilei de duminic\u0103, peste 90 % dintre gospod\u0103riile f\u0103r\u0103 acces la energie electric\u0103 erau reconectate - Carpathia Center Romania<\/title>\n<meta name=\"robots\" content=\"index, follow, max-snippet:-1, max-image-preview:large, max-video-preview:-1\" \/>\n<link rel=\"canonical\" href=\"https:\/\/carpathiacenter.ro\/en\/burduja-la-finalul-zilei-de-duminica-peste-90-dintre-gospodariile-fara-acces-la-energie-electrica-erau-reconectate\/\" \/>\n<meta property=\"og:locale\" content=\"en_GB\" \/>\n<meta property=\"og:type\" content=\"article\" \/>\n<meta property=\"og:title\" content=\"Burduja: La finalul zilei de duminic\u0103, peste 90 % dintre gospod\u0103riile f\u0103r\u0103 acces la energie electric\u0103 erau reconectate - Carpathia Center Romania\" \/>\n<meta property=\"og:description\" content=\"Peste 90% dintre gospod\u0103riile f\u0103r\u0103 acces la energie electric\u0103 erau reconectate, duminic\u0103 seara, la nivelul zonei Gala\u0163i fiind 2.232 utilizatori nealimenta\u0163i, potrivit ministrului Energiei, Sebastian Burduja. &#8220;Am ajuns la Gala\u0163i, la Centrul de Comand\u0103 al Electrica (DEER- Muntenia Nord), al\u0103turi de oamenii care au coordonat ac\u0163iunile de interven\u0163ie \u00een teren. La finalul zilei, peste 90%...\" \/>\n<meta property=\"og:url\" content=\"https:\/\/carpathiacenter.ro\/en\/burduja-la-finalul-zilei-de-duminica-peste-90-dintre-gospodariile-fara-acces-la-energie-electrica-erau-reconectate\/\" \/>\n<meta property=\"og:site_name\" content=\"Carpathia Center Romania\" \/>\n<meta property=\"article:publisher\" content=\"https:\/\/www.facebook.com\/fdpscarpathia\/\" \/>\n<meta property=\"article:published_time\" content=\"2024-09-16T14:24:01+00:00\" \/>\n<meta property=\"og:image\" content=\"https:\/\/carpathiacenter.ro\/wp-content\/uploads\/2024\/09\/290919346589168175903646190065031680499414n.webp\" \/>\n\t<meta property=\"og:image:width\" content=\"960\" \/>\n\t<meta property=\"og:image:height\" content=\"960\" \/>\n\t<meta property=\"og:image:type\" content=\"image\/webp\" \/>\n<meta name=\"author\" content=\"creativebitsolutions\" \/>\n<meta name=\"twitter:card\" content=\"summary_large_image\" \/>\n<meta name=\"twitter:label1\" content=\"Written by\" \/>\n\t<meta name=\"twitter:data1\" content=\"creativebitsolutions\" \/>\n\t<meta name=\"twitter:label2\" content=\"Estimated reading time\" \/>\n\t<meta name=\"twitter:data2\" content=\"1 minute\" \/>\n<script type=\"application\/ld+json\" class=\"yoast-schema-graph\">{\"@context\":\"https:\/\/schema.org\",\"@graph\":[{\"@type\":\"Article\",\"@id\":\"https:\/\/carpathiacenter.ro\/burduja-la-finalul-zilei-de-duminica-peste-90-dintre-gospodariile-fara-acces-la-energie-electrica-erau-reconectate\/#article\",\"isPartOf\":{\"@id\":\"https:\/\/carpathiacenter.ro\/burduja-la-finalul-zilei-de-duminica-peste-90-dintre-gospodariile-fara-acces-la-energie-electrica-erau-reconectate\/\"},\"author\":{\"name\":\"creativebitsolutions\",\"@id\":\"https:\/\/carpathiacenter.ro\/#\/schema\/person\/03d9f58202fee8379268f34afa195006\"},\"headline\":\"Burduja: La finalul zilei de duminic\u0103, peste 90 % dintre gospod\u0103riile f\u0103r\u0103 acces la energie electric\u0103 erau reconectate\",\"datePublished\":\"2024-09-16T14:24:01+00:00\",\"mainEntityOfPage\":{\"@id\":\"https:\/\/carpathiacenter.ro\/burduja-la-finalul-zilei-de-duminica-peste-90-dintre-gospodariile-fara-acces-la-energie-electrica-erau-reconectate\/\"},\"wordCount\":243,\"commentCount\":0,\"publisher\":{\"@id\":\"https:\/\/carpathiacenter.ro\/#organization\"},\"image\":{\"@id\":\"https:\/\/carpathiacenter.ro\/burduja-la-finalul-zilei-de-duminica-peste-90-dintre-gospodariile-fara-acces-la-energie-electrica-erau-reconectate\/#primaryimage\"},\"thumbnailUrl\":\"https:\/\/carpathiacenter.ro\/wp-content\/uploads\/2024\/09\/290919346589168175903646190065031680499414n.webp\",\"articleSection\":[\"Uncategorized\"],\"inLanguage\":\"en-GB\",\"potentialAction\":[{\"@type\":\"CommentAction\",\"name\":\"Comment\",\"target\":[\"https:\/\/carpathiacenter.ro\/burduja-la-finalul-zilei-de-duminica-peste-90-dintre-gospodariile-fara-acces-la-energie-electrica-erau-reconectate\/#respond\"]}]},{\"@type\":\"WebPage\",\"@id\":\"https:\/\/carpathiacenter.ro\/burduja-la-finalul-zilei-de-duminica-peste-90-dintre-gospodariile-fara-acces-la-energie-electrica-erau-reconectate\/\",\"url\":\"https:\/\/carpathiacenter.ro\/burduja-la-finalul-zilei-de-duminica-peste-90-dintre-gospodariile-fara-acces-la-energie-electrica-erau-reconectate\/\",\"name\":\"Burduja: La finalul zilei de duminic\u0103, peste 90 % dintre gospod\u0103riile f\u0103r\u0103 acces la energie electric\u0103 erau reconectate - Carpathia Center Romania\",\"isPartOf\":{\"@id\":\"https:\/\/carpathiacenter.ro\/#website\"},\"primaryImageOfPage\":{\"@id\":\"https:\/\/carpathiacenter.ro\/burduja-la-finalul-zilei-de-duminica-peste-90-dintre-gospodariile-fara-acces-la-energie-electrica-erau-reconectate\/#primaryimage\"},\"image\":{\"@id\":\"https:\/\/carpathiacenter.ro\/burduja-la-finalul-zilei-de-duminica-peste-90-dintre-gospodariile-fara-acces-la-energie-electrica-erau-reconectate\/#primaryimage\"},\"thumbnailUrl\":\"https:\/\/carpathiacenter.ro\/wp-content\/uploads\/2024\/09\/290919346589168175903646190065031680499414n.webp\",\"datePublished\":\"2024-09-16T14:24:01+00:00\",\"breadcrumb\":{\"@id\":\"https:\/\/carpathiacenter.ro\/burduja-la-finalul-zilei-de-duminica-peste-90-dintre-gospodariile-fara-acces-la-energie-electrica-erau-reconectate\/#breadcrumb\"},\"inLanguage\":\"en-GB\",\"potentialAction\":[{\"@type\":\"ReadAction\",\"target\":[\"https:\/\/carpathiacenter.ro\/burduja-la-finalul-zilei-de-duminica-peste-90-dintre-gospodariile-fara-acces-la-energie-electrica-erau-reconectate\/\"]}]},{\"@type\":\"ImageObject\",\"inLanguage\":\"en-GB\",\"@id\":\"https:\/\/carpathiacenter.ro\/burduja-la-finalul-zilei-de-duminica-peste-90-dintre-gospodariile-fara-acces-la-energie-electrica-erau-reconectate\/#primaryimage\",\"url\":\"https:\/\/carpathiacenter.ro\/wp-content\/uploads\/2024\/09\/290919346589168175903646190065031680499414n.webp\",\"contentUrl\":\"https:\/\/carpathiacenter.ro\/wp-content\/uploads\/2024\/09\/290919346589168175903646190065031680499414n.webp\",\"width\":960,\"height\":960},{\"@type\":\"BreadcrumbList\",\"@id\":\"https:\/\/carpathiacenter.ro\/burduja-la-finalul-zilei-de-duminica-peste-90-dintre-gospodariile-fara-acces-la-energie-electrica-erau-reconectate\/#breadcrumb\",\"itemListElement\":[{\"@type\":\"ListItem\",\"position\":1,\"name\":\"Prima pagin\u0103\",\"item\":\"https:\/\/carpathiacenter.ro\/\"},{\"@type\":\"ListItem\",\"position\":2,\"name\":\"Burduja: La finalul zilei de duminic\u0103, peste 90 % dintre gospod\u0103riile f\u0103r\u0103 acces la energie electric\u0103 erau reconectate\"}]},{\"@type\":\"WebSite\",\"@id\":\"https:\/\/carpathiacenter.ro\/#website\",\"url\":\"https:\/\/carpathiacenter.ro\/\",\"name\":\"Carpathia Center Romania\",\"description\":\"Impossible made possible!\",\"publisher\":{\"@id\":\"https:\/\/carpathiacenter.ro\/#organization\"},\"potentialAction\":[{\"@type\":\"SearchAction\",\"target\":{\"@type\":\"EntryPoint\",\"urlTemplate\":\"https:\/\/carpathiacenter.ro\/?s={search_term_string}\"},\"query-input\":{\"@type\":\"PropertyValueSpecification\",\"valueRequired\":true,\"valueName\":\"search_term_string\"}}],\"inLanguage\":\"en-GB\"},{\"@type\":\"Organization\",\"@id\":\"https:\/\/carpathiacenter.ro\/#organization\",\"name\":\"Carpathia Center Romania\",\"url\":\"https:\/\/carpathiacenter.ro\/\",\"logo\":{\"@type\":\"ImageObject\",\"inLanguage\":\"en-GB\",\"@id\":\"https:\/\/carpathiacenter.ro\/#\/schema\/logo\/image\/\",\"url\":\"https:\/\/carpathiacenter.ro\/wp-content\/uploads\/2024\/07\/logo-carpathia_bg_white-1024x941.png\",\"contentUrl\":\"https:\/\/carpathiacenter.ro\/wp-content\/uploads\/2024\/07\/logo-carpathia_bg_white-1024x941.png\",\"width\":1024,\"height\":941,\"caption\":\"Carpathia Center Romania\"},\"image\":{\"@id\":\"https:\/\/carpathiacenter.ro\/#\/schema\/logo\/image\/\"},\"sameAs\":[\"https:\/\/www.facebook.com\/fdpscarpathia\/\"]},{\"@type\":\"Person\",\"@id\":\"https:\/\/carpathiacenter.ro\/#\/schema\/person\/03d9f58202fee8379268f34afa195006\",\"name\":\"creativebitsolutions\",\"image\":{\"@type\":\"ImageObject\",\"inLanguage\":\"en-GB\",\"@id\":\"https:\/\/carpathiacenter.ro\/#\/schema\/person\/image\/\",\"url\":\"https:\/\/secure.gravatar.com\/avatar\/1b1a13e37f847c635dab78348f1dff2f07651ee2a3d77a5c355a4b8c75f9165a?s=96&d=mm&r=g\",\"contentUrl\":\"https:\/\/secure.gravatar.com\/avatar\/1b1a13e37f847c635dab78348f1dff2f07651ee2a3d77a5c355a4b8c75f9165a?s=96&d=mm&r=g\",\"caption\":\"creativebitsolutions\"},\"url\":\"https:\/\/carpathiacenter.ro\/en\/author\/creativebitsolutions\/\"}]}<\/script>\n<!-- \/ Yoast SEO plugin. -->","yoast_head_json":{"title":"Burduja: La finalul zilei de duminic\u0103, peste 90 % dintre gospod\u0103riile f\u0103r\u0103 acces la energie electric\u0103 erau reconectate - Carpathia Center Romania","robots":{"index":"index","follow":"follow","max-snippet":"max-snippet:-1","max-image-preview":"max-image-preview:large","max-video-preview":"max-video-preview:-1"},"canonical":"https:\/\/carpathiacenter.ro\/en\/burduja-la-finalul-zilei-de-duminica-peste-90-dintre-gospodariile-fara-acces-la-energie-electrica-erau-reconectate\/","og_locale":"en_GB","og_type":"article","og_title":"Burduja: La finalul zilei de duminic\u0103, peste 90 % dintre gospod\u0103riile f\u0103r\u0103 acces la energie electric\u0103 erau reconectate - Carpathia Center Romania","og_description":"Peste 90% dintre gospod\u0103riile f\u0103r\u0103 acces la energie electric\u0103 erau reconectate, duminic\u0103 seara, la nivelul zonei Gala\u0163i fiind 2.232 utilizatori nealimenta\u0163i, potrivit ministrului Energiei, Sebastian Burduja. &#8220;Am ajuns la Gala\u0163i, la Centrul de Comand\u0103 al Electrica (DEER- Muntenia Nord), al\u0103turi de oamenii care au coordonat ac\u0163iunile de interven\u0163ie \u00een teren. La finalul zilei, peste 90%...","og_url":"https:\/\/carpathiacenter.ro\/en\/burduja-la-finalul-zilei-de-duminica-peste-90-dintre-gospodariile-fara-acces-la-energie-electrica-erau-reconectate\/","og_site_name":"Carpathia Center Romania","article_publisher":"https:\/\/www.facebook.com\/fdpscarpathia\/","article_published_time":"2024-09-16T14:24:01+00:00","og_image":[{"width":960,"height":960,"url":"https:\/\/carpathiacenter.ro\/wp-content\/uploads\/2024\/09\/290919346589168175903646190065031680499414n.webp","type":"image\/webp"}],"author":"creativebitsolutions","twitter_card":"summary_large_image","twitter_misc":{"Written by":"creativebitsolutions","Estimated reading time":"1 minute"},"schema":{"@context":"https:\/\/schema.org","@graph":[{"@type":"Article","@id":"https:\/\/carpathiacenter.ro\/burduja-la-finalul-zilei-de-duminica-peste-90-dintre-gospodariile-fara-acces-la-energie-electrica-erau-reconectate\/#article","isPartOf":{"@id":"https:\/\/carpathiacenter.ro\/burduja-la-finalul-zilei-de-duminica-peste-90-dintre-gospodariile-fara-acces-la-energie-electrica-erau-reconectate\/"},"author":{"name":"creativebitsolutions","@id":"https:\/\/carpathiacenter.ro\/#\/schema\/person\/03d9f58202fee8379268f34afa195006"},"headline":"Burduja: La finalul zilei de duminic\u0103, peste 90 % dintre gospod\u0103riile f\u0103r\u0103 acces la energie electric\u0103 erau reconectate","datePublished":"2024-09-16T14:24:01+00:00","mainEntityOfPage":{"@id":"https:\/\/carpathiacenter.ro\/burduja-la-finalul-zilei-de-duminica-peste-90-dintre-gospodariile-fara-acces-la-energie-electrica-erau-reconectate\/"},"wordCount":243,"commentCount":0,"publisher":{"@id":"https:\/\/carpathiacenter.ro\/#organization"},"image":{"@id":"https:\/\/carpathiacenter.ro\/burduja-la-finalul-zilei-de-duminica-peste-90-dintre-gospodariile-fara-acces-la-energie-electrica-erau-reconectate\/#primaryimage"},"thumbnailUrl":"https:\/\/carpathiacenter.ro\/wp-content\/uploads\/2024\/09\/290919346589168175903646190065031680499414n.webp","articleSection":["Uncategorized"],"inLanguage":"en-GB","potentialAction":[{"@type":"CommentAction","name":"Comment","target":["https:\/\/carpathiacenter.ro\/burduja-la-finalul-zilei-de-duminica-peste-90-dintre-gospodariile-fara-acces-la-energie-electrica-erau-reconectate\/#respond"]}]},{"@type":"WebPage","@id":"https:\/\/carpathiacenter.ro\/burduja-la-finalul-zilei-de-duminica-peste-90-dintre-gospodariile-fara-acces-la-energie-electrica-erau-reconectate\/","url":"https:\/\/carpathiacenter.ro\/burduja-la-finalul-zilei-de-duminica-peste-90-dintre-gospodariile-fara-acces-la-energie-electrica-erau-reconectate\/","name":"Burduja: La finalul zilei de duminic\u0103, peste 90 % dintre gospod\u0103riile f\u0103r\u0103 acces la energie electric\u0103 erau reconectate - Carpathia Center Romania","isPartOf":{"@id":"https:\/\/carpathiacenter.ro\/#website"},"primaryImageOfPage":{"@id":"https:\/\/carpathiacenter.ro\/burduja-la-finalul-zilei-de-duminica-peste-90-dintre-gospodariile-fara-acces-la-energie-electrica-erau-reconectate\/#primaryimage"},"image":{"@id":"https:\/\/carpathiacenter.ro\/burduja-la-finalul-zilei-de-duminica-peste-90-dintre-gospodariile-fara-acces-la-energie-electrica-erau-reconectate\/#primaryimage"},"thumbnailUrl":"https:\/\/carpathiacenter.ro\/wp-content\/uploads\/2024\/09\/290919346589168175903646190065031680499414n.webp","datePublished":"2024-09-16T14:24:01+00:00","breadcrumb":{"@id":"https:\/\/carpathiacenter.ro\/burduja-la-finalul-zilei-de-duminica-peste-90-dintre-gospodariile-fara-acces-la-energie-electrica-erau-reconectate\/#breadcrumb"},"inLanguage":"en-GB","potentialAction":[{"@type":"ReadAction","target":["https:\/\/carpathiacenter.ro\/burduja-la-finalul-zilei-de-duminica-peste-90-dintre-gospodariile-fara-acces-la-energie-electrica-erau-reconectate\/"]}]},{"@type":"ImageObject","inLanguage":"en-GB","@id":"https:\/\/carpathiacenter.ro\/burduja-la-finalul-zilei-de-duminica-peste-90-dintre-gospodariile-fara-acces-la-energie-electrica-erau-reconectate\/#primaryimage","url":"https:\/\/carpathiacenter.ro\/wp-content\/uploads\/2024\/09\/290919346589168175903646190065031680499414n.webp","contentUrl":"https:\/\/carpathiacenter.ro\/wp-content\/uploads\/2024\/09\/290919346589168175903646190065031680499414n.webp","width":960,"height":960},{"@type":"BreadcrumbList","@id":"https:\/\/carpathiacenter.ro\/burduja-la-finalul-zilei-de-duminica-peste-90-dintre-gospodariile-fara-acces-la-energie-electrica-erau-reconectate\/#breadcrumb","itemListElement":[{"@type":"ListItem","position":1,"name":"Prima pagin\u0103","item":"https:\/\/carpathiacenter.ro\/"},{"@type":"ListItem","position":2,"name":"Burduja: La finalul zilei de duminic\u0103, peste 90 % dintre gospod\u0103riile f\u0103r\u0103 acces la energie electric\u0103 erau reconectate"}]},{"@type":"WebSite","@id":"https:\/\/carpathiacenter.ro\/#website","url":"https:\/\/carpathiacenter.ro\/","name":"Carpathia Center Romania","description":"Impossible made possible!","publisher":{"@id":"https:\/\/carpathiacenter.ro\/#organization"},"potentialAction":[{"@type":"SearchAction","target":{"@type":"EntryPoint","urlTemplate":"https:\/\/carpathiacenter.ro\/?s={search_term_string}"},"query-input":{"@type":"PropertyValueSpecification","valueRequired":true,"valueName":"search_term_string"}}],"inLanguage":"en-GB"},{"@type":"Organization","@id":"https:\/\/carpathiacenter.ro\/#organization","name":"Carpathia Center Romania","url":"https:\/\/carpathiacenter.ro\/","logo":{"@type":"ImageObject","inLanguage":"en-GB","@id":"https:\/\/carpathiacenter.ro\/#\/schema\/logo\/image\/","url":"https:\/\/carpathiacenter.ro\/wp-content\/uploads\/2024\/07\/logo-carpathia_bg_white-1024x941.png","contentUrl":"https:\/\/carpathiacenter.ro\/wp-content\/uploads\/2024\/07\/logo-carpathia_bg_white-1024x941.png","width":1024,"height":941,"caption":"Carpathia Center Romania"},"image":{"@id":"https:\/\/carpathiacenter.ro\/#\/schema\/logo\/image\/"},"sameAs":["https:\/\/www.facebook.com\/fdpscarpathia\/"]},{"@type":"Person","@id":"https:\/\/carpathiacenter.ro\/#\/schema\/person\/03d9f58202fee8379268f34afa195006","name":"creativebitsolutions","image":{"@type":"ImageObject","inLanguage":"en-GB","@id":"https:\/\/carpathiacenter.ro\/#\/schema\/person\/image\/","url":"https:\/\/secure.gravatar.com\/avatar\/1b1a13e37f847c635dab78348f1dff2f07651ee2a3d77a5c355a4b8c75f9165a?s=96&d=mm&r=g","contentUrl":"https:\/\/secure.gravatar.com\/avatar\/1b1a13e37f847c635dab78348f1dff2f07651ee2a3d77a5c355a4b8c75f9165a?s=96&d=mm&r=g","caption":"creativebitsolutions"},"url":"https:\/\/carpathiacenter.ro\/en\/author\/creativebitsolutions\/"}]}},"_links":{"self":[{"href":"https:\/\/carpathiacenter.ro\/en\/wp-json\/wp\/v2\/posts\/1269","targetHints":{"allow":["GET"]}}],"collection":[{"href":"https:\/\/carpathiacenter.ro\/en\/wp-json\/wp\/v2\/posts"}],"about":[{"href":"https:\/\/carpathiacenter.ro\/en\/wp-json\/wp\/v2\/types\/post"}],"author":[{"embeddable":true,"href":"https:\/\/carpathiacenter.ro\/en\/wp-json\/wp\/v2\/users\/4"}],"replies":[{"embeddable":true,"href":"https:\/\/carpathiacenter.ro\/en\/wp-json\/wp\/v2\/comments?post=1269"}],"version-history":[{"count":1,"href":"https:\/\/carpathiacenter.ro\/en\/wp-json\/wp\/v2\/posts\/1269\/revisions"}],"predecessor-version":[{"id":1271,"href":"https:\/\/carpathiacenter.ro\/en\/wp-json\/wp\/v2\/posts\/1269\/revisions\/1271"}],"wp:featuredmedia":[{"embeddable":true,"href":"https:\/\/carpathiacenter.ro\/en\/wp-json\/wp\/v2\/media\/1270"}],"wp:attachment":[{"href":"https:\/\/carpathiacenter.ro\/en\/wp-json\/wp\/v2\/media?parent=1269"}],"wp:term":[{"taxonomy":"category","embeddable":true,"href":"https:\/\/carpathiacenter.ro\/en\/wp-json\/wp\/v2\/categories?post=1269"},{"taxonomy":"post_tag","embeddable":true,"href":"https:\/\/carpathiacenter.ro\/en\/wp-json\/wp\/v2\/tags?post=1269"}],"curies":[{"name":"wp","href":"https:\/\/api.w.org\/{rel}","templated":true}]}}