{"id":1254,"date":"2024-09-13T07:04:45","date_gmt":"2024-09-13T07:04:45","guid":{"rendered":"https:\/\/carpathiacenter.ro\/?p=1254"},"modified":"2024-09-13T07:08:45","modified_gmt":"2024-09-13T07:08:45","slug":"orban-parlamentarii-forta-dreptei-vor-solicita-declansarea-procedurilor-de-numire-a-unui-nou-avocat-al-poporului","status":"publish","type":"post","link":"https:\/\/carpathiacenter.ro\/en\/orban-parlamentarii-forta-dreptei-vor-solicita-declansarea-procedurilor-de-numire-a-unui-nou-avocat-al-poporului\/","title":{"rendered":"Orban: Parlamentarii For\u0163a Dreptei vor solicita declan\u015farea procedurilor de numire a unui nou Avocat al Poporului"},"content":{"rendered":"<div class=\"tdb-block-inner td-fix-index\">\n<p>Parlamentarii For\u0163a Dreptei vor solicita luni Birourilor permanente ale Camerei Deputa\u0163ilor \u015fi Senatului declan\u015farea procedurilor de numire a unui nou Avocat al Poporului, a declarat joi pre\u015fedintele partidului, Ludovic Orban.<\/p>\n<p>Acesta a men\u0163ionat c\u0103 mandatul actualului Avocat al Poporului, Renate Weber, a expirat pe 26 iunie.<\/p>\n<p>\u201cRenate Weber este men\u0163inut\u0103 \u00een func\u0163ia de Avocat al Poporului de majoritatea parlamentar\u0103 PSD-PNL, de\u015fi mandatul ei de 5 ani a expirat \u00een 26 iunie 2024. (\u2026) Parlamentarii For\u0163a Dreptei vor solicita luni Birourilor Permanente declan\u015farea procedurilor de numire a unui nou Avocat al Poporului pentru a pune punct c\u00e2t mai repede acestei negre perioade \u00een care aceast\u0103 institu\u0163ie s-a transformat \u00eentr-o slug\u0103 a puterii\u201d,&nbsp;<a href=\"https:\/\/www.facebook.com\/ludovicorban.ro\/posts\/pfbid0VBRhaEm5QbTdEjyHf3eY9H1nrvyiaMhPWqrWK9TMdf1VUd95B38zuo1UrJbDanVZl\" target=\"_blank\" rel=\"noreferrer noopener\">a scris Orban pe Facebook<\/a>.<\/p>\n<p><strong>El a sus\u0163inut c\u0103 actualul Avocat al Poporului \u201ca dep\u0103\u015fit \u00een slug\u0103rnicie \u015fi partizanat politic\u201d p\u00e2n\u0103 \u015fi pe predecesorul ei, Victor Ciorbea.<\/strong><\/p>\n<p>\u201cWeber a fost \u00eengerul p\u0103zitor al specialilor, atac\u00e2nd la CCR legile adoptate de Parlament \u00een timpul gurvern\u0103rii mele de desfiin\u0163are sau de supraimpozitare a pensiilor speciale. Timp de 3 ani nu a deranjat cu nimic guvernele Ciuc\u0103 \u015fi Ciolacu. Ultimul cadou oferit PSD \u015fi PNL de Weber a fost refuzul de declan\u015fare a controlului de constitu\u0163ionalitate pe ordonan\u0163a comas\u0103rii, \u00een ciuda sesiz\u0103rii de c\u0103tre noi a neconstitu\u0163ionalit\u0103\u0163ii mai multor articole, similare cu articole din alte ordonan\u0163e, care au fost declarate anterior ca fiind neconstitu\u0163ionale. Timp de peste 5 ani Renate Weber nu a fost Avocatul Poporului, ci avocatul PSD \u015fi PNL, protectorul abuzurilor guvernamentale \u00eempotriva drepturilor \u015fi libert\u0103\u0163ilor cet\u0103\u0163ene\u015fti. Am fi putut s\u0103 oprim mai repede aceast\u0103 stare de fapt \u015fi s\u0103 readucem aceast\u0103 institu\u0163ie fundamental\u0103 \u00een democra\u0163ie la dispozi\u0163ia cet\u0103\u0163eanului\u201d, a mai spus liderul For\u0163a Dreptei.<\/p>\n<p>Orban a men\u0163ionat c\u0103 \u00een anul 2021 a reu\u015fit s\u0103 coaguleze o majoritate parlamentar\u0103 care a luat decizia de revocare din func\u0163ie a lui Renate Weber dar, din p\u0103cate, Curtea Constitu\u0163ional\u0103, \u201cdominat\u0103 de politrucii PSD\u201d, a repus-o \u00een func\u0163ie. <\/p>\n<p>AGERPRES\/(AS \u2013 autor: Dana Piciu, editor: Mihai Simionescu, editor online: Adrian D\u0103d\u00e2rlat)<\/p>\n<p>Sursa: <a href=\"https:\/\/www.agerpres.ro\/politica\/2024\/09\/12\/orban-parlamentarii-forta-dreptei-vor-solicita-declansarea-procedurilor-de-numire-a-unui-nou-avocat-al-poporului--1353830\" target=\"_blank\" rel=\"noopener\" title=\"\">https:\/\/www.agerpres.ro\/politica\/2024\/09\/12\/orban-parlamentarii-forta-dreptei-vor-solicita-declansarea-procedurilor-de-numire-a-unui-nou-avocat-al-poporului\u20131353830<\/a><\/p>\n<\/div>","protected":false},"excerpt":{"rendered":"<p>Parlamentarii For\u0163a Dreptei vor solicita luni Birourilor permanente ale Camerei Deputa\u0163ilor \u015fi Senatului declan\u015farea procedurilor de numire a unui nou Avocat al Poporului, a declarat joi pre\u015fedintele partidului, Ludovic Orban. Acesta a men\u0163ionat c\u0103 mandatul actualului Avocat al Poporului, Renate Weber, a expirat pe 26 iunie. \u201cRenate Weber este men\u0163inut\u0103 \u00een func\u0163ia de Avocat al&#8230;<\/p>","protected":false},"author":4,"featured_media":1261,"comment_status":"open","ping_status":"open","sticky":false,"template":"","format":"standard","meta":{"footnotes":""},"categories":[1],"tags":[],"class_list":["post-1254","post","type-post","status-publish","format-standard","has-post-thumbnail","hentry","category-uncategorized"],"yoast_head":"<!-- This site is optimized with the Yoast SEO plugin v26.1.1 - https:\/\/yoast.com\/wordpress\/plugins\/seo\/ -->\n<title>Orban: Parlamentarii For\u0163a Dreptei vor solicita declan\u015farea procedurilor de numire a unui nou Avocat al Poporului - Carpathia Center Romania<\/title>\n<meta name=\"robots\" content=\"index, follow, max-snippet:-1, max-image-preview:large, max-video-preview:-1\" \/>\n<link rel=\"canonical\" href=\"https:\/\/carpathiacenter.ro\/en\/orban-parlamentarii-forta-dreptei-vor-solicita-declansarea-procedurilor-de-numire-a-unui-nou-avocat-al-poporului\/\" \/>\n<meta property=\"og:locale\" content=\"en_GB\" \/>\n<meta property=\"og:type\" content=\"article\" \/>\n<meta property=\"og:title\" content=\"Orban: Parlamentarii For\u0163a Dreptei vor solicita declan\u015farea procedurilor de numire a unui nou Avocat al Poporului - Carpathia Center Romania\" \/>\n<meta property=\"og:description\" content=\"Parlamentarii For\u0163a Dreptei vor solicita luni Birourilor permanente ale Camerei Deputa\u0163ilor \u015fi Senatului declan\u015farea procedurilor de numire a unui nou Avocat al Poporului, a declarat joi pre\u015fedintele partidului, Ludovic Orban. Acesta a men\u0163ionat c\u0103 mandatul actualului Avocat al Poporului, Renate Weber, a expirat pe 26 iunie. \u201cRenate Weber este men\u0163inut\u0103 \u00een func\u0163ia de Avocat al...\" \/>\n<meta property=\"og:url\" content=\"https:\/\/carpathiacenter.ro\/en\/orban-parlamentarii-forta-dreptei-vor-solicita-declansarea-procedurilor-de-numire-a-unui-nou-avocat-al-poporului\/\" \/>\n<meta property=\"og:site_name\" content=\"Carpathia Center Romania\" \/>\n<meta property=\"article:publisher\" content=\"https:\/\/www.facebook.com\/fdpscarpathia\/\" \/>\n<meta property=\"article:published_time\" content=\"2024-09-13T07:04:45+00:00\" \/>\n<meta property=\"article:modified_time\" content=\"2024-09-13T07:08:45+00:00\" \/>\n<meta property=\"og:image\" content=\"https:\/\/carpathiacenter.ro\/wp-content\/uploads\/2024\/09\/ludovic-orban.jpg\" \/>\n\t<meta property=\"og:image:width\" content=\"1200\" \/>\n\t<meta property=\"og:image:height\" content=\"675\" \/>\n\t<meta property=\"og:image:type\" content=\"image\/jpeg\" \/>\n<meta name=\"author\" content=\"creativebitsolutions\" \/>\n<meta name=\"twitter:card\" content=\"summary_large_image\" \/>\n<meta name=\"twitter:label1\" content=\"Written by\" \/>\n\t<meta name=\"twitter:data1\" content=\"creativebitsolutions\" \/>\n\t<meta name=\"twitter:label2\" content=\"Estimated reading time\" \/>\n\t<meta name=\"twitter:data2\" content=\"2 minutes\" \/>\n<script type=\"application\/ld+json\" class=\"yoast-schema-graph\">{\"@context\":\"https:\/\/schema.org\",\"@graph\":[{\"@type\":\"Article\",\"@id\":\"https:\/\/carpathiacenter.ro\/orban-parlamentarii-forta-dreptei-vor-solicita-declansarea-procedurilor-de-numire-a-unui-nou-avocat-al-poporului\/#article\",\"isPartOf\":{\"@id\":\"https:\/\/carpathiacenter.ro\/orban-parlamentarii-forta-dreptei-vor-solicita-declansarea-procedurilor-de-numire-a-unui-nou-avocat-al-poporului\/\"},\"author\":{\"name\":\"creativebitsolutions\",\"@id\":\"https:\/\/carpathiacenter.ro\/#\/schema\/person\/03d9f58202fee8379268f34afa195006\"},\"headline\":\"Orban: Parlamentarii For\u0163a Dreptei vor solicita declan\u015farea procedurilor de numire a unui nou Avocat al Poporului\",\"datePublished\":\"2024-09-13T07:04:45+00:00\",\"dateModified\":\"2024-09-13T07:08:45+00:00\",\"mainEntityOfPage\":{\"@id\":\"https:\/\/carpathiacenter.ro\/orban-parlamentarii-forta-dreptei-vor-solicita-declansarea-procedurilor-de-numire-a-unui-nou-avocat-al-poporului\/\"},\"wordCount\":390,\"commentCount\":0,\"publisher\":{\"@id\":\"https:\/\/carpathiacenter.ro\/#organization\"},\"image\":{\"@id\":\"https:\/\/carpathiacenter.ro\/orban-parlamentarii-forta-dreptei-vor-solicita-declansarea-procedurilor-de-numire-a-unui-nou-avocat-al-poporului\/#primaryimage\"},\"thumbnailUrl\":\"https:\/\/carpathiacenter.ro\/wp-content\/uploads\/2024\/09\/ludovic-orban.jpg\",\"articleSection\":[\"Uncategorized\"],\"inLanguage\":\"en-GB\",\"potentialAction\":[{\"@type\":\"CommentAction\",\"name\":\"Comment\",\"target\":[\"https:\/\/carpathiacenter.ro\/orban-parlamentarii-forta-dreptei-vor-solicita-declansarea-procedurilor-de-numire-a-unui-nou-avocat-al-poporului\/#respond\"]}]},{\"@type\":\"WebPage\",\"@id\":\"https:\/\/carpathiacenter.ro\/orban-parlamentarii-forta-dreptei-vor-solicita-declansarea-procedurilor-de-numire-a-unui-nou-avocat-al-poporului\/\",\"url\":\"https:\/\/carpathiacenter.ro\/orban-parlamentarii-forta-dreptei-vor-solicita-declansarea-procedurilor-de-numire-a-unui-nou-avocat-al-poporului\/\",\"name\":\"Orban: Parlamentarii For\u0163a Dreptei vor solicita declan\u015farea procedurilor de numire a unui nou Avocat al Poporului - Carpathia Center Romania\",\"isPartOf\":{\"@id\":\"https:\/\/carpathiacenter.ro\/#website\"},\"primaryImageOfPage\":{\"@id\":\"https:\/\/carpathiacenter.ro\/orban-parlamentarii-forta-dreptei-vor-solicita-declansarea-procedurilor-de-numire-a-unui-nou-avocat-al-poporului\/#primaryimage\"},\"image\":{\"@id\":\"https:\/\/carpathiacenter.ro\/orban-parlamentarii-forta-dreptei-vor-solicita-declansarea-procedurilor-de-numire-a-unui-nou-avocat-al-poporului\/#primaryimage\"},\"thumbnailUrl\":\"https:\/\/carpathiacenter.ro\/wp-content\/uploads\/2024\/09\/ludovic-orban.jpg\",\"datePublished\":\"2024-09-13T07:04:45+00:00\",\"dateModified\":\"2024-09-13T07:08:45+00:00\",\"breadcrumb\":{\"@id\":\"https:\/\/carpathiacenter.ro\/orban-parlamentarii-forta-dreptei-vor-solicita-declansarea-procedurilor-de-numire-a-unui-nou-avocat-al-poporului\/#breadcrumb\"},\"inLanguage\":\"en-GB\",\"potentialAction\":[{\"@type\":\"ReadAction\",\"target\":[\"https:\/\/carpathiacenter.ro\/orban-parlamentarii-forta-dreptei-vor-solicita-declansarea-procedurilor-de-numire-a-unui-nou-avocat-al-poporului\/\"]}]},{\"@type\":\"ImageObject\",\"inLanguage\":\"en-GB\",\"@id\":\"https:\/\/carpathiacenter.ro\/orban-parlamentarii-forta-dreptei-vor-solicita-declansarea-procedurilor-de-numire-a-unui-nou-avocat-al-poporului\/#primaryimage\",\"url\":\"https:\/\/carpathiacenter.ro\/wp-content\/uploads\/2024\/09\/ludovic-orban.jpg\",\"contentUrl\":\"https:\/\/carpathiacenter.ro\/wp-content\/uploads\/2024\/09\/ludovic-orban.jpg\",\"width\":1200,\"height\":675},{\"@type\":\"BreadcrumbList\",\"@id\":\"https:\/\/carpathiacenter.ro\/orban-parlamentarii-forta-dreptei-vor-solicita-declansarea-procedurilor-de-numire-a-unui-nou-avocat-al-poporului\/#breadcrumb\",\"itemListElement\":[{\"@type\":\"ListItem\",\"position\":1,\"name\":\"Prima pagin\u0103\",\"item\":\"https:\/\/carpathiacenter.ro\/\"},{\"@type\":\"ListItem\",\"position\":2,\"name\":\"Orban: Parlamentarii For\u0163a Dreptei vor solicita declan\u015farea procedurilor de numire a unui nou Avocat al Poporului\"}]},{\"@type\":\"WebSite\",\"@id\":\"https:\/\/carpathiacenter.ro\/#website\",\"url\":\"https:\/\/carpathiacenter.ro\/\",\"name\":\"Carpathia Center Romania\",\"description\":\"Impossible made possible!\",\"publisher\":{\"@id\":\"https:\/\/carpathiacenter.ro\/#organization\"},\"potentialAction\":[{\"@type\":\"SearchAction\",\"target\":{\"@type\":\"EntryPoint\",\"urlTemplate\":\"https:\/\/carpathiacenter.ro\/?s={search_term_string}\"},\"query-input\":{\"@type\":\"PropertyValueSpecification\",\"valueRequired\":true,\"valueName\":\"search_term_string\"}}],\"inLanguage\":\"en-GB\"},{\"@type\":\"Organization\",\"@id\":\"https:\/\/carpathiacenter.ro\/#organization\",\"name\":\"Carpathia Center Romania\",\"url\":\"https:\/\/carpathiacenter.ro\/\",\"logo\":{\"@type\":\"ImageObject\",\"inLanguage\":\"en-GB\",\"@id\":\"https:\/\/carpathiacenter.ro\/#\/schema\/logo\/image\/\",\"url\":\"https:\/\/carpathiacenter.ro\/wp-content\/uploads\/2024\/07\/logo-carpathia_bg_white-1024x941.png\",\"contentUrl\":\"https:\/\/carpathiacenter.ro\/wp-content\/uploads\/2024\/07\/logo-carpathia_bg_white-1024x941.png\",\"width\":1024,\"height\":941,\"caption\":\"Carpathia Center Romania\"},\"image\":{\"@id\":\"https:\/\/carpathiacenter.ro\/#\/schema\/logo\/image\/\"},\"sameAs\":[\"https:\/\/www.facebook.com\/fdpscarpathia\/\"]},{\"@type\":\"Person\",\"@id\":\"https:\/\/carpathiacenter.ro\/#\/schema\/person\/03d9f58202fee8379268f34afa195006\",\"name\":\"creativebitsolutions\",\"image\":{\"@type\":\"ImageObject\",\"inLanguage\":\"en-GB\",\"@id\":\"https:\/\/carpathiacenter.ro\/#\/schema\/person\/image\/\",\"url\":\"https:\/\/secure.gravatar.com\/avatar\/1b1a13e37f847c635dab78348f1dff2f07651ee2a3d77a5c355a4b8c75f9165a?s=96&d=mm&r=g\",\"contentUrl\":\"https:\/\/secure.gravatar.com\/avatar\/1b1a13e37f847c635dab78348f1dff2f07651ee2a3d77a5c355a4b8c75f9165a?s=96&d=mm&r=g\",\"caption\":\"creativebitsolutions\"},\"url\":\"https:\/\/carpathiacenter.ro\/en\/author\/creativebitsolutions\/\"}]}<\/script>\n<!-- \/ Yoast SEO plugin. -->","yoast_head_json":{"title":"Orban: Parlamentarii For\u0163a Dreptei vor solicita declan\u015farea procedurilor de numire a unui nou Avocat al Poporului - Carpathia Center Romania","robots":{"index":"index","follow":"follow","max-snippet":"max-snippet:-1","max-image-preview":"max-image-preview:large","max-video-preview":"max-video-preview:-1"},"canonical":"https:\/\/carpathiacenter.ro\/en\/orban-parlamentarii-forta-dreptei-vor-solicita-declansarea-procedurilor-de-numire-a-unui-nou-avocat-al-poporului\/","og_locale":"en_GB","og_type":"article","og_title":"Orban: Parlamentarii For\u0163a Dreptei vor solicita declan\u015farea procedurilor de numire a unui nou Avocat al Poporului - Carpathia Center Romania","og_description":"Parlamentarii For\u0163a Dreptei vor solicita luni Birourilor permanente ale Camerei Deputa\u0163ilor \u015fi Senatului declan\u015farea procedurilor de numire a unui nou Avocat al Poporului, a declarat joi pre\u015fedintele partidului, Ludovic Orban. Acesta a men\u0163ionat c\u0103 mandatul actualului Avocat al Poporului, Renate Weber, a expirat pe 26 iunie. \u201cRenate Weber este men\u0163inut\u0103 \u00een func\u0163ia de Avocat al...","og_url":"https:\/\/carpathiacenter.ro\/en\/orban-parlamentarii-forta-dreptei-vor-solicita-declansarea-procedurilor-de-numire-a-unui-nou-avocat-al-poporului\/","og_site_name":"Carpathia Center Romania","article_publisher":"https:\/\/www.facebook.com\/fdpscarpathia\/","article_published_time":"2024-09-13T07:04:45+00:00","article_modified_time":"2024-09-13T07:08:45+00:00","og_image":[{"width":1200,"height":675,"url":"https:\/\/carpathiacenter.ro\/wp-content\/uploads\/2024\/09\/ludovic-orban.jpg","type":"image\/jpeg"}],"author":"creativebitsolutions","twitter_card":"summary_large_image","twitter_misc":{"Written by":"creativebitsolutions","Estimated reading time":"2 minutes"},"schema":{"@context":"https:\/\/schema.org","@graph":[{"@type":"Article","@id":"https:\/\/carpathiacenter.ro\/orban-parlamentarii-forta-dreptei-vor-solicita-declansarea-procedurilor-de-numire-a-unui-nou-avocat-al-poporului\/#article","isPartOf":{"@id":"https:\/\/carpathiacenter.ro\/orban-parlamentarii-forta-dreptei-vor-solicita-declansarea-procedurilor-de-numire-a-unui-nou-avocat-al-poporului\/"},"author":{"name":"creativebitsolutions","@id":"https:\/\/carpathiacenter.ro\/#\/schema\/person\/03d9f58202fee8379268f34afa195006"},"headline":"Orban: Parlamentarii For\u0163a Dreptei vor solicita declan\u015farea procedurilor de numire a unui nou Avocat al Poporului","datePublished":"2024-09-13T07:04:45+00:00","dateModified":"2024-09-13T07:08:45+00:00","mainEntityOfPage":{"@id":"https:\/\/carpathiacenter.ro\/orban-parlamentarii-forta-dreptei-vor-solicita-declansarea-procedurilor-de-numire-a-unui-nou-avocat-al-poporului\/"},"wordCount":390,"commentCount":0,"publisher":{"@id":"https:\/\/carpathiacenter.ro\/#organization"},"image":{"@id":"https:\/\/carpathiacenter.ro\/orban-parlamentarii-forta-dreptei-vor-solicita-declansarea-procedurilor-de-numire-a-unui-nou-avocat-al-poporului\/#primaryimage"},"thumbnailUrl":"https:\/\/carpathiacenter.ro\/wp-content\/uploads\/2024\/09\/ludovic-orban.jpg","articleSection":["Uncategorized"],"inLanguage":"en-GB","potentialAction":[{"@type":"CommentAction","name":"Comment","target":["https:\/\/carpathiacenter.ro\/orban-parlamentarii-forta-dreptei-vor-solicita-declansarea-procedurilor-de-numire-a-unui-nou-avocat-al-poporului\/#respond"]}]},{"@type":"WebPage","@id":"https:\/\/carpathiacenter.ro\/orban-parlamentarii-forta-dreptei-vor-solicita-declansarea-procedurilor-de-numire-a-unui-nou-avocat-al-poporului\/","url":"https:\/\/carpathiacenter.ro\/orban-parlamentarii-forta-dreptei-vor-solicita-declansarea-procedurilor-de-numire-a-unui-nou-avocat-al-poporului\/","name":"Orban: Parlamentarii For\u0163a Dreptei vor solicita declan\u015farea procedurilor de numire a unui nou Avocat al Poporului - Carpathia Center Romania","isPartOf":{"@id":"https:\/\/carpathiacenter.ro\/#website"},"primaryImageOfPage":{"@id":"https:\/\/carpathiacenter.ro\/orban-parlamentarii-forta-dreptei-vor-solicita-declansarea-procedurilor-de-numire-a-unui-nou-avocat-al-poporului\/#primaryimage"},"image":{"@id":"https:\/\/carpathiacenter.ro\/orban-parlamentarii-forta-dreptei-vor-solicita-declansarea-procedurilor-de-numire-a-unui-nou-avocat-al-poporului\/#primaryimage"},"thumbnailUrl":"https:\/\/carpathiacenter.ro\/wp-content\/uploads\/2024\/09\/ludovic-orban.jpg","datePublished":"2024-09-13T07:04:45+00:00","dateModified":"2024-09-13T07:08:45+00:00","breadcrumb":{"@id":"https:\/\/carpathiacenter.ro\/orban-parlamentarii-forta-dreptei-vor-solicita-declansarea-procedurilor-de-numire-a-unui-nou-avocat-al-poporului\/#breadcrumb"},"inLanguage":"en-GB","potentialAction":[{"@type":"ReadAction","target":["https:\/\/carpathiacenter.ro\/orban-parlamentarii-forta-dreptei-vor-solicita-declansarea-procedurilor-de-numire-a-unui-nou-avocat-al-poporului\/"]}]},{"@type":"ImageObject","inLanguage":"en-GB","@id":"https:\/\/carpathiacenter.ro\/orban-parlamentarii-forta-dreptei-vor-solicita-declansarea-procedurilor-de-numire-a-unui-nou-avocat-al-poporului\/#primaryimage","url":"https:\/\/carpathiacenter.ro\/wp-content\/uploads\/2024\/09\/ludovic-orban.jpg","contentUrl":"https:\/\/carpathiacenter.ro\/wp-content\/uploads\/2024\/09\/ludovic-orban.jpg","width":1200,"height":675},{"@type":"BreadcrumbList","@id":"https:\/\/carpathiacenter.ro\/orban-parlamentarii-forta-dreptei-vor-solicita-declansarea-procedurilor-de-numire-a-unui-nou-avocat-al-poporului\/#breadcrumb","itemListElement":[{"@type":"ListItem","position":1,"name":"Prima pagin\u0103","item":"https:\/\/carpathiacenter.ro\/"},{"@type":"ListItem","position":2,"name":"Orban: Parlamentarii For\u0163a Dreptei vor solicita declan\u015farea procedurilor de numire a unui nou Avocat al Poporului"}]},{"@type":"WebSite","@id":"https:\/\/carpathiacenter.ro\/#website","url":"https:\/\/carpathiacenter.ro\/","name":"Carpathia Center Romania","description":"Impossible made possible!","publisher":{"@id":"https:\/\/carpathiacenter.ro\/#organization"},"potentialAction":[{"@type":"SearchAction","target":{"@type":"EntryPoint","urlTemplate":"https:\/\/carpathiacenter.ro\/?s={search_term_string}"},"query-input":{"@type":"PropertyValueSpecification","valueRequired":true,"valueName":"search_term_string"}}],"inLanguage":"en-GB"},{"@type":"Organization","@id":"https:\/\/carpathiacenter.ro\/#organization","name":"Carpathia Center Romania","url":"https:\/\/carpathiacenter.ro\/","logo":{"@type":"ImageObject","inLanguage":"en-GB","@id":"https:\/\/carpathiacenter.ro\/#\/schema\/logo\/image\/","url":"https:\/\/carpathiacenter.ro\/wp-content\/uploads\/2024\/07\/logo-carpathia_bg_white-1024x941.png","contentUrl":"https:\/\/carpathiacenter.ro\/wp-content\/uploads\/2024\/07\/logo-carpathia_bg_white-1024x941.png","width":1024,"height":941,"caption":"Carpathia Center Romania"},"image":{"@id":"https:\/\/carpathiacenter.ro\/#\/schema\/logo\/image\/"},"sameAs":["https:\/\/www.facebook.com\/fdpscarpathia\/"]},{"@type":"Person","@id":"https:\/\/carpathiacenter.ro\/#\/schema\/person\/03d9f58202fee8379268f34afa195006","name":"creativebitsolutions","image":{"@type":"ImageObject","inLanguage":"en-GB","@id":"https:\/\/carpathiacenter.ro\/#\/schema\/person\/image\/","url":"https:\/\/secure.gravatar.com\/avatar\/1b1a13e37f847c635dab78348f1dff2f07651ee2a3d77a5c355a4b8c75f9165a?s=96&d=mm&r=g","contentUrl":"https:\/\/secure.gravatar.com\/avatar\/1b1a13e37f847c635dab78348f1dff2f07651ee2a3d77a5c355a4b8c75f9165a?s=96&d=mm&r=g","caption":"creativebitsolutions"},"url":"https:\/\/carpathiacenter.ro\/en\/author\/creativebitsolutions\/"}]}},"_links":{"self":[{"href":"https:\/\/carpathiacenter.ro\/en\/wp-json\/wp\/v2\/posts\/1254","targetHints":{"allow":["GET"]}}],"collection":[{"href":"https:\/\/carpathiacenter.ro\/en\/wp-json\/wp\/v2\/posts"}],"about":[{"href":"https:\/\/carpathiacenter.ro\/en\/wp-json\/wp\/v2\/types\/post"}],"author":[{"embeddable":true,"href":"https:\/\/carpathiacenter.ro\/en\/wp-json\/wp\/v2\/users\/4"}],"replies":[{"embeddable":true,"href":"https:\/\/carpathiacenter.ro\/en\/wp-json\/wp\/v2\/comments?post=1254"}],"version-history":[{"count":2,"href":"https:\/\/carpathiacenter.ro\/en\/wp-json\/wp\/v2\/posts\/1254\/revisions"}],"predecessor-version":[{"id":1262,"href":"https:\/\/carpathiacenter.ro\/en\/wp-json\/wp\/v2\/posts\/1254\/revisions\/1262"}],"wp:featuredmedia":[{"embeddable":true,"href":"https:\/\/carpathiacenter.ro\/en\/wp-json\/wp\/v2\/media\/1261"}],"wp:attachment":[{"href":"https:\/\/carpathiacenter.ro\/en\/wp-json\/wp\/v2\/media?parent=1254"}],"wp:term":[{"taxonomy":"category","embeddable":true,"href":"https:\/\/carpathiacenter.ro\/en\/wp-json\/wp\/v2\/categories?post=1254"},{"taxonomy":"post_tag","embeddable":true,"href":"https:\/\/carpathiacenter.ro\/en\/wp-json\/wp\/v2\/tags?post=1254"}],"curies":[{"name":"wp","href":"https:\/\/api.w.org\/{rel}","templated":true}]}}