{"id":1240,"date":"2024-09-11T10:58:31","date_gmt":"2024-09-11T10:58:31","guid":{"rendered":"https:\/\/carpathiacenter.ro\/?p=1240"},"modified":"2024-09-11T10:58:31","modified_gmt":"2024-09-11T10:58:31","slug":"ministerul-finantelor-propune-majorarea-la-3-000-de-lei-a-plafonului-lunar-neimpozabil-si-in-cazul-pensiilor-militare","status":"publish","type":"post","link":"https:\/\/carpathiacenter.ro\/en\/ministerul-finantelor-propune-majorarea-la-3-000-de-lei-a-plafonului-lunar-neimpozabil-si-in-cazul-pensiilor-militare\/","title":{"rendered":"Ministerul Finan\u0163elor propune majorarea la 3.000 de lei a plafonului lunar neimpozabil \u015fi \u00een cazul pensiilor militare"},"content":{"rendered":"<div class=\"tdb-block-inner td-fix-index\">\n<p><img decoding=\"async\" src=\"https:\/\/carpathiacenter.ro\/wp-content\/uploads\/2024\/09\/unnamed-300x119.jpg\" alt=\"\" width=\"300\" height=\"119\" class=\"alignnone size-medium wp-image-1241\" srcset=\"https:\/\/carpathiacenter.ro\/wp-content\/uploads\/2024\/09\/unnamed-300x119.jpg 300w, https:\/\/carpathiacenter.ro\/wp-content\/uploads\/2024\/09\/unnamed-18x7.jpg 18w, https:\/\/carpathiacenter.ro\/wp-content\/uploads\/2024\/09\/unnamed.jpg 512w\" sizes=\"(max-width: 300px) 100vw, 300px\" \/><\/p>\n<p>Ministerul Finan\u0163elor propune majorarea la 3.000 de lei a plafonului lunar neimpozabil \u015fi \u00een cazul pensiilor militare de stat acordate \u00een baza Legii nr. 223\/2015, \u00eencep\u00e2nd cu veniturile aferente lunii octombrie 2024.<\/p>\n<p>\u201cSe propune majorarea plafonului lunar neimpozabil, de la 2.000 lei la 3.000 de lei, \u015fi \u00een cazul pensiilor militare de stat acordate \u00een baza Legii nr. 223\/2015, cu modific\u0103rile \u015fi complet\u0103rile ulterioare, de la aceea\u015fi dat\u0103 de la care aceast\u0103 m\u0103sur\u0103 se aplic\u0103 \u00een cazul pensiilor stabilite pe baza principiului contributivit\u0103\u0163ii, respectiv, \u00eencep\u00e2nd cu veniturile aferente lunii octombrie 2024\u201d, se arat\u0103 \u00eentr-un&nbsp;<a href=\"https:\/\/mfinante.gov.ro\/static\/10\/Mfp\/transparenta\/proiectOUGcompletareL244L227codfiscal_10092024.pdf\" target=\"_blank\" rel=\"noreferrer noopener\">proiect de Ordonan\u0163\u0103 de Urgen\u0163\u0103, publicat mar\u0163i seara de institu\u0163ie<\/a>.<\/p>\n<p>Propunerea vine \u00een contextul \u00een care, \u00eencep\u00e2nd cu veniturile din pensii aferente lunii octombrie 2024, potrivit prevederilor Legii nr. 244\/2024 pentru modificarea alin. (1) al art. 100 din Legea nr. 227\/2015 privind Codul fiscal \u015fi stabilirea unor m\u0103suri fiscale, \u00een cazul veniturilor din pensii stabilite pe baza principiului contributivit\u0103\u0163ii, plafonul lunar neimpozabil, care se deduce din venitul din pensie, a fost majorat de la 2.000 lei la 3.000 lei.<\/p>\n<p>Ministerul Finan\u0163elor a explicat, \u00een&nbsp;<a href=\"https:\/\/mfinante.gov.ro\/static\/10\/Mfp\/transparenta\/NFproiectOUGcompletareL244L227codfiscal_10092024.pdf\" target=\"_blank\" rel=\"noreferrer noopener\">Nota de fundamentare<\/a>&nbsp;care \u00eenso\u0163e\u015fte proiectul de act normativ publicat mar\u0163i seara, c\u0103 pensiile militare de stat reprezint\u0103 o situa\u0163ie particular\u0103 av\u00e2nd \u00een vedere c\u0103, din 1 ianuarie 2016, sistemul de pensii militare de stat nu mai face parte din sistemul public de pensii, fiind reglementat ca sistem independent prin Legea nr. 223\/2015 privind pensiile militare de stat.<\/p>\n<p>Militarilor, poli\u0163i\u015ftilor \u015fi poli\u0163i\u015ftilor de penitenciare \u00een activitate li se re\u0163ine din solda\/salariul lunar brut o contribu\u0163ie individual\u0103 la bugetul de stat, a c\u0103rei cot\u0103 este egal\u0103 cu cota de contribu\u0163ie de asigur\u0103ri sociale prev\u0103zut\u0103 la art. 138 lit. a) din Legea nr. 227\/2015 privind Codul fiscal, cu modific\u0103rile \u015fi complet\u0103rile ulterioare, \u015fi care se vireaz\u0103 la bugetul de stat.<\/p>\n<p>\u201cAcest context legislativ face dificil\u0103 determinarea componentei contributive a pensiilor militare, fapt ce defavorizeaz\u0103 beneficiarii acestor drepturi de pensie fa\u0163\u0103 de alte categorii de pensionari, cu prec\u0103dere fa\u0163\u0103 de beneficiarii de pensii de serviciu, \u00een sensul \u00een care pentru pensiile militare se aplic\u0103 cotele progresive de impozitare prev\u0103zute de legisla\u0163ia fiscal\u0103 pentru componenta necontributiv\u0103, de\u015fi aceste pensii au o component\u0103 contributiv\u0103, dar care nu poate fi determinat\u0103. \u00centre sistemul pensiilor militare de stat \u015fi sistemul public de pensii, precum \u015fi sistemele proprii de asigur\u0103ri sociale neintegrate acestuia se recunosc reciproc stagiile de cotizare, respectiv vechimea \u00een munc\u0103 sau vechimea \u00een serviciu, \u00een vederea deschiderii dreptului la pensie. Av\u00e2nd \u00een vedere faptul c\u0103 regimul fiscal aplicabil veniturilor din pensie acordate \u00een baza Legii nr. 223\/2015, cu modific\u0103rile \u015fi complet\u0103rile ulterioare este defavorabil at\u00e2t din perspectiva cotelor de impozitare, c\u00e2t \u015fi din cea a nivelului plafonului neimpozabil utilizat la stabilirea impozitului pe venit, se impune majorarea plafonului lunar neimpozabil de la 2.000 lei la 3.000 lei pentru beneficiarii de pensii militare\u201d, se precizeaz\u0103 \u00een documentul citat.<\/p>\n<p><strong>Potrivit ministrului Finan\u0163elor, Marcel Bolo\u015f, aproximativ 200.000 de rom\u00e2ni vor beneficia de aceast\u0103 nou\u0103 m\u0103sur\u0103.<\/strong><\/p>\n<p>\u201cReamintesc c\u0103 legea adoptat\u0103 recent \u00een Parlament privind cre\u015fterea plafonului neimpozabil pentru pensii de la 2.000 de lei la 3.000 de lei s-a referit doar la pensiile bazate pe contributivitate, deci nu a inclus \u015fi pensiile ocupa\u0163ionale, adic\u0103 cele ale pensionarilor militari. Este, a\u015fadar, o m\u0103sur\u0103 de justi\u0163ie \u015fi echitate, care vine \u00een \u00eent\u00e2mpinarea nevoilor reale ale celor care contribuie la securitatea na\u0163ional\u0103, indiferent de contextul economic\u201d, a scris Bolo\u015f pe pagina sa de Facebook.AGERPRES\/(AS \u2013 autor: Andreea Marinescu, editor: Nicoleta Gherasi, editor online: Adrian D\u0103d\u00e2rlat)<\/p>\n<p>Sursa: <a href=\"https:\/\/www.agerpres.ro\/economic-intern\/2024\/09\/10\/ministerul-finantelor-propune-majorarea-la-3-000-de-lei-a-plafonului-lunar-neimpozabil-si-in-cazul-pensiilor-militare--1352566\" target=\"_blank\" rel=\"noopener\" title=\"\">https:\/\/www.agerpres.ro\/economic-intern\/2024\/09\/10\/ministerul-finantelor-propune-majorarea-la-3-000-de-lei-a-plafonului-lunar-neimpozabil-si-in-cazul-pensiilor-militare\u20131352566<\/a><\/p>\n<\/div>","protected":false},"excerpt":{"rendered":"<p>Ministerul Finan\u0163elor propune majorarea la 3.000 de lei a plafonului lunar neimpozabil \u015fi \u00een cazul pensiilor militare de stat acordate \u00een baza Legii nr. 223\/2015, \u00eencep\u00e2nd cu veniturile aferente lunii octombrie 2024. \u201cSe propune majorarea plafonului lunar neimpozabil, de la 2.000 lei la 3.000 de lei, \u015fi \u00een cazul pensiilor militare de stat acordate \u00een&#8230;<\/p>","protected":false},"author":4,"featured_media":1242,"comment_status":"open","ping_status":"open","sticky":false,"template":"","format":"standard","meta":{"footnotes":""},"categories":[1],"tags":[],"class_list":["post-1240","post","type-post","status-publish","format-standard","has-post-thumbnail","hentry","category-uncategorized"],"yoast_head":"<!-- This site is optimized with the Yoast SEO plugin v26.1.1 - https:\/\/yoast.com\/wordpress\/plugins\/seo\/ -->\n<title>Ministerul Finan\u0163elor propune majorarea la 3.000 de lei a plafonului lunar neimpozabil \u015fi \u00een cazul pensiilor militare - Carpathia Center Romania<\/title>\n<meta name=\"robots\" content=\"index, follow, max-snippet:-1, max-image-preview:large, max-video-preview:-1\" \/>\n<link rel=\"canonical\" href=\"https:\/\/carpathiacenter.ro\/en\/ministerul-finantelor-propune-majorarea-la-3-000-de-lei-a-plafonului-lunar-neimpozabil-si-in-cazul-pensiilor-militare\/\" \/>\n<meta property=\"og:locale\" content=\"en_GB\" \/>\n<meta property=\"og:type\" content=\"article\" \/>\n<meta property=\"og:title\" content=\"Ministerul Finan\u0163elor propune majorarea la 3.000 de lei a plafonului lunar neimpozabil \u015fi \u00een cazul pensiilor militare - Carpathia Center Romania\" \/>\n<meta property=\"og:description\" content=\"Ministerul Finan\u0163elor propune majorarea la 3.000 de lei a plafonului lunar neimpozabil \u015fi \u00een cazul pensiilor militare de stat acordate \u00een baza Legii nr. 223\/2015, \u00eencep\u00e2nd cu veniturile aferente lunii octombrie 2024. \u201cSe propune majorarea plafonului lunar neimpozabil, de la 2.000 lei la 3.000 de lei, \u015fi \u00een cazul pensiilor militare de stat acordate \u00een...\" \/>\n<meta property=\"og:url\" content=\"https:\/\/carpathiacenter.ro\/en\/ministerul-finantelor-propune-majorarea-la-3-000-de-lei-a-plafonului-lunar-neimpozabil-si-in-cazul-pensiilor-militare\/\" \/>\n<meta property=\"og:site_name\" content=\"Carpathia Center Romania\" \/>\n<meta property=\"article:publisher\" content=\"https:\/\/www.facebook.com\/fdpscarpathia\/\" \/>\n<meta property=\"article:published_time\" content=\"2024-09-11T10:58:31+00:00\" \/>\n<meta property=\"og:image\" content=\"https:\/\/carpathiacenter.ro\/wp-content\/uploads\/2024\/09\/bnr_banca_centrala.jpg\" \/>\n\t<meta property=\"og:image:width\" content=\"1000\" \/>\n\t<meta property=\"og:image:height\" content=\"667\" \/>\n\t<meta property=\"og:image:type\" content=\"image\/jpeg\" \/>\n<meta name=\"author\" content=\"creativebitsolutions\" \/>\n<meta name=\"twitter:card\" content=\"summary_large_image\" \/>\n<meta name=\"twitter:label1\" content=\"Written by\" \/>\n\t<meta name=\"twitter:data1\" content=\"creativebitsolutions\" \/>\n\t<meta name=\"twitter:label2\" content=\"Estimated reading time\" \/>\n\t<meta name=\"twitter:data2\" content=\"3 minutes\" \/>\n<script type=\"application\/ld+json\" class=\"yoast-schema-graph\">{\"@context\":\"https:\/\/schema.org\",\"@graph\":[{\"@type\":\"Article\",\"@id\":\"https:\/\/carpathiacenter.ro\/ministerul-finantelor-propune-majorarea-la-3-000-de-lei-a-plafonului-lunar-neimpozabil-si-in-cazul-pensiilor-militare\/#article\",\"isPartOf\":{\"@id\":\"https:\/\/carpathiacenter.ro\/ministerul-finantelor-propune-majorarea-la-3-000-de-lei-a-plafonului-lunar-neimpozabil-si-in-cazul-pensiilor-militare\/\"},\"author\":{\"name\":\"creativebitsolutions\",\"@id\":\"https:\/\/carpathiacenter.ro\/#\/schema\/person\/03d9f58202fee8379268f34afa195006\"},\"headline\":\"Ministerul Finan\u0163elor propune majorarea la 3.000 de lei a plafonului lunar neimpozabil \u015fi \u00een cazul pensiilor militare\",\"datePublished\":\"2024-09-11T10:58:31+00:00\",\"mainEntityOfPage\":{\"@id\":\"https:\/\/carpathiacenter.ro\/ministerul-finantelor-propune-majorarea-la-3-000-de-lei-a-plafonului-lunar-neimpozabil-si-in-cazul-pensiilor-militare\/\"},\"wordCount\":630,\"commentCount\":0,\"publisher\":{\"@id\":\"https:\/\/carpathiacenter.ro\/#organization\"},\"image\":{\"@id\":\"https:\/\/carpathiacenter.ro\/ministerul-finantelor-propune-majorarea-la-3-000-de-lei-a-plafonului-lunar-neimpozabil-si-in-cazul-pensiilor-militare\/#primaryimage\"},\"thumbnailUrl\":\"https:\/\/carpathiacenter.ro\/wp-content\/uploads\/2024\/09\/bnr_banca_centrala.jpg\",\"articleSection\":[\"Uncategorized\"],\"inLanguage\":\"en-GB\",\"potentialAction\":[{\"@type\":\"CommentAction\",\"name\":\"Comment\",\"target\":[\"https:\/\/carpathiacenter.ro\/ministerul-finantelor-propune-majorarea-la-3-000-de-lei-a-plafonului-lunar-neimpozabil-si-in-cazul-pensiilor-militare\/#respond\"]}]},{\"@type\":\"WebPage\",\"@id\":\"https:\/\/carpathiacenter.ro\/ministerul-finantelor-propune-majorarea-la-3-000-de-lei-a-plafonului-lunar-neimpozabil-si-in-cazul-pensiilor-militare\/\",\"url\":\"https:\/\/carpathiacenter.ro\/ministerul-finantelor-propune-majorarea-la-3-000-de-lei-a-plafonului-lunar-neimpozabil-si-in-cazul-pensiilor-militare\/\",\"name\":\"Ministerul Finan\u0163elor propune majorarea la 3.000 de lei a plafonului lunar neimpozabil \u015fi \u00een cazul pensiilor militare - Carpathia Center Romania\",\"isPartOf\":{\"@id\":\"https:\/\/carpathiacenter.ro\/#website\"},\"primaryImageOfPage\":{\"@id\":\"https:\/\/carpathiacenter.ro\/ministerul-finantelor-propune-majorarea-la-3-000-de-lei-a-plafonului-lunar-neimpozabil-si-in-cazul-pensiilor-militare\/#primaryimage\"},\"image\":{\"@id\":\"https:\/\/carpathiacenter.ro\/ministerul-finantelor-propune-majorarea-la-3-000-de-lei-a-plafonului-lunar-neimpozabil-si-in-cazul-pensiilor-militare\/#primaryimage\"},\"thumbnailUrl\":\"https:\/\/carpathiacenter.ro\/wp-content\/uploads\/2024\/09\/bnr_banca_centrala.jpg\",\"datePublished\":\"2024-09-11T10:58:31+00:00\",\"breadcrumb\":{\"@id\":\"https:\/\/carpathiacenter.ro\/ministerul-finantelor-propune-majorarea-la-3-000-de-lei-a-plafonului-lunar-neimpozabil-si-in-cazul-pensiilor-militare\/#breadcrumb\"},\"inLanguage\":\"en-GB\",\"potentialAction\":[{\"@type\":\"ReadAction\",\"target\":[\"https:\/\/carpathiacenter.ro\/ministerul-finantelor-propune-majorarea-la-3-000-de-lei-a-plafonului-lunar-neimpozabil-si-in-cazul-pensiilor-militare\/\"]}]},{\"@type\":\"ImageObject\",\"inLanguage\":\"en-GB\",\"@id\":\"https:\/\/carpathiacenter.ro\/ministerul-finantelor-propune-majorarea-la-3-000-de-lei-a-plafonului-lunar-neimpozabil-si-in-cazul-pensiilor-militare\/#primaryimage\",\"url\":\"https:\/\/carpathiacenter.ro\/wp-content\/uploads\/2024\/09\/bnr_banca_centrala.jpg\",\"contentUrl\":\"https:\/\/carpathiacenter.ro\/wp-content\/uploads\/2024\/09\/bnr_banca_centrala.jpg\",\"width\":1000,\"height\":667},{\"@type\":\"BreadcrumbList\",\"@id\":\"https:\/\/carpathiacenter.ro\/ministerul-finantelor-propune-majorarea-la-3-000-de-lei-a-plafonului-lunar-neimpozabil-si-in-cazul-pensiilor-militare\/#breadcrumb\",\"itemListElement\":[{\"@type\":\"ListItem\",\"position\":1,\"name\":\"Prima pagin\u0103\",\"item\":\"https:\/\/carpathiacenter.ro\/\"},{\"@type\":\"ListItem\",\"position\":2,\"name\":\"Ministerul Finan\u0163elor propune majorarea la 3.000 de lei a plafonului lunar neimpozabil \u015fi \u00een cazul pensiilor militare\"}]},{\"@type\":\"WebSite\",\"@id\":\"https:\/\/carpathiacenter.ro\/#website\",\"url\":\"https:\/\/carpathiacenter.ro\/\",\"name\":\"Carpathia Center Romania\",\"description\":\"Impossible made possible!\",\"publisher\":{\"@id\":\"https:\/\/carpathiacenter.ro\/#organization\"},\"potentialAction\":[{\"@type\":\"SearchAction\",\"target\":{\"@type\":\"EntryPoint\",\"urlTemplate\":\"https:\/\/carpathiacenter.ro\/?s={search_term_string}\"},\"query-input\":{\"@type\":\"PropertyValueSpecification\",\"valueRequired\":true,\"valueName\":\"search_term_string\"}}],\"inLanguage\":\"en-GB\"},{\"@type\":\"Organization\",\"@id\":\"https:\/\/carpathiacenter.ro\/#organization\",\"name\":\"Carpathia Center Romania\",\"url\":\"https:\/\/carpathiacenter.ro\/\",\"logo\":{\"@type\":\"ImageObject\",\"inLanguage\":\"en-GB\",\"@id\":\"https:\/\/carpathiacenter.ro\/#\/schema\/logo\/image\/\",\"url\":\"https:\/\/carpathiacenter.ro\/wp-content\/uploads\/2024\/07\/logo-carpathia_bg_white-1024x941.png\",\"contentUrl\":\"https:\/\/carpathiacenter.ro\/wp-content\/uploads\/2024\/07\/logo-carpathia_bg_white-1024x941.png\",\"width\":1024,\"height\":941,\"caption\":\"Carpathia Center Romania\"},\"image\":{\"@id\":\"https:\/\/carpathiacenter.ro\/#\/schema\/logo\/image\/\"},\"sameAs\":[\"https:\/\/www.facebook.com\/fdpscarpathia\/\"]},{\"@type\":\"Person\",\"@id\":\"https:\/\/carpathiacenter.ro\/#\/schema\/person\/03d9f58202fee8379268f34afa195006\",\"name\":\"creativebitsolutions\",\"image\":{\"@type\":\"ImageObject\",\"inLanguage\":\"en-GB\",\"@id\":\"https:\/\/carpathiacenter.ro\/#\/schema\/person\/image\/\",\"url\":\"https:\/\/secure.gravatar.com\/avatar\/1b1a13e37f847c635dab78348f1dff2f07651ee2a3d77a5c355a4b8c75f9165a?s=96&d=mm&r=g\",\"contentUrl\":\"https:\/\/secure.gravatar.com\/avatar\/1b1a13e37f847c635dab78348f1dff2f07651ee2a3d77a5c355a4b8c75f9165a?s=96&d=mm&r=g\",\"caption\":\"creativebitsolutions\"},\"url\":\"https:\/\/carpathiacenter.ro\/en\/author\/creativebitsolutions\/\"}]}<\/script>\n<!-- \/ Yoast SEO plugin. -->","yoast_head_json":{"title":"Ministerul Finan\u0163elor propune majorarea la 3.000 de lei a plafonului lunar neimpozabil \u015fi \u00een cazul pensiilor militare - Carpathia Center Romania","robots":{"index":"index","follow":"follow","max-snippet":"max-snippet:-1","max-image-preview":"max-image-preview:large","max-video-preview":"max-video-preview:-1"},"canonical":"https:\/\/carpathiacenter.ro\/en\/ministerul-finantelor-propune-majorarea-la-3-000-de-lei-a-plafonului-lunar-neimpozabil-si-in-cazul-pensiilor-militare\/","og_locale":"en_GB","og_type":"article","og_title":"Ministerul Finan\u0163elor propune majorarea la 3.000 de lei a plafonului lunar neimpozabil \u015fi \u00een cazul pensiilor militare - Carpathia Center Romania","og_description":"Ministerul Finan\u0163elor propune majorarea la 3.000 de lei a plafonului lunar neimpozabil \u015fi \u00een cazul pensiilor militare de stat acordate \u00een baza Legii nr. 223\/2015, \u00eencep\u00e2nd cu veniturile aferente lunii octombrie 2024. \u201cSe propune majorarea plafonului lunar neimpozabil, de la 2.000 lei la 3.000 de lei, \u015fi \u00een cazul pensiilor militare de stat acordate \u00een...","og_url":"https:\/\/carpathiacenter.ro\/en\/ministerul-finantelor-propune-majorarea-la-3-000-de-lei-a-plafonului-lunar-neimpozabil-si-in-cazul-pensiilor-militare\/","og_site_name":"Carpathia Center Romania","article_publisher":"https:\/\/www.facebook.com\/fdpscarpathia\/","article_published_time":"2024-09-11T10:58:31+00:00","og_image":[{"width":1000,"height":667,"url":"https:\/\/carpathiacenter.ro\/wp-content\/uploads\/2024\/09\/bnr_banca_centrala.jpg","type":"image\/jpeg"}],"author":"creativebitsolutions","twitter_card":"summary_large_image","twitter_misc":{"Written by":"creativebitsolutions","Estimated reading time":"3 minutes"},"schema":{"@context":"https:\/\/schema.org","@graph":[{"@type":"Article","@id":"https:\/\/carpathiacenter.ro\/ministerul-finantelor-propune-majorarea-la-3-000-de-lei-a-plafonului-lunar-neimpozabil-si-in-cazul-pensiilor-militare\/#article","isPartOf":{"@id":"https:\/\/carpathiacenter.ro\/ministerul-finantelor-propune-majorarea-la-3-000-de-lei-a-plafonului-lunar-neimpozabil-si-in-cazul-pensiilor-militare\/"},"author":{"name":"creativebitsolutions","@id":"https:\/\/carpathiacenter.ro\/#\/schema\/person\/03d9f58202fee8379268f34afa195006"},"headline":"Ministerul Finan\u0163elor propune majorarea la 3.000 de lei a plafonului lunar neimpozabil \u015fi \u00een cazul pensiilor militare","datePublished":"2024-09-11T10:58:31+00:00","mainEntityOfPage":{"@id":"https:\/\/carpathiacenter.ro\/ministerul-finantelor-propune-majorarea-la-3-000-de-lei-a-plafonului-lunar-neimpozabil-si-in-cazul-pensiilor-militare\/"},"wordCount":630,"commentCount":0,"publisher":{"@id":"https:\/\/carpathiacenter.ro\/#organization"},"image":{"@id":"https:\/\/carpathiacenter.ro\/ministerul-finantelor-propune-majorarea-la-3-000-de-lei-a-plafonului-lunar-neimpozabil-si-in-cazul-pensiilor-militare\/#primaryimage"},"thumbnailUrl":"https:\/\/carpathiacenter.ro\/wp-content\/uploads\/2024\/09\/bnr_banca_centrala.jpg","articleSection":["Uncategorized"],"inLanguage":"en-GB","potentialAction":[{"@type":"CommentAction","name":"Comment","target":["https:\/\/carpathiacenter.ro\/ministerul-finantelor-propune-majorarea-la-3-000-de-lei-a-plafonului-lunar-neimpozabil-si-in-cazul-pensiilor-militare\/#respond"]}]},{"@type":"WebPage","@id":"https:\/\/carpathiacenter.ro\/ministerul-finantelor-propune-majorarea-la-3-000-de-lei-a-plafonului-lunar-neimpozabil-si-in-cazul-pensiilor-militare\/","url":"https:\/\/carpathiacenter.ro\/ministerul-finantelor-propune-majorarea-la-3-000-de-lei-a-plafonului-lunar-neimpozabil-si-in-cazul-pensiilor-militare\/","name":"Ministerul Finan\u0163elor propune majorarea la 3.000 de lei a plafonului lunar neimpozabil \u015fi \u00een cazul pensiilor militare - Carpathia Center Romania","isPartOf":{"@id":"https:\/\/carpathiacenter.ro\/#website"},"primaryImageOfPage":{"@id":"https:\/\/carpathiacenter.ro\/ministerul-finantelor-propune-majorarea-la-3-000-de-lei-a-plafonului-lunar-neimpozabil-si-in-cazul-pensiilor-militare\/#primaryimage"},"image":{"@id":"https:\/\/carpathiacenter.ro\/ministerul-finantelor-propune-majorarea-la-3-000-de-lei-a-plafonului-lunar-neimpozabil-si-in-cazul-pensiilor-militare\/#primaryimage"},"thumbnailUrl":"https:\/\/carpathiacenter.ro\/wp-content\/uploads\/2024\/09\/bnr_banca_centrala.jpg","datePublished":"2024-09-11T10:58:31+00:00","breadcrumb":{"@id":"https:\/\/carpathiacenter.ro\/ministerul-finantelor-propune-majorarea-la-3-000-de-lei-a-plafonului-lunar-neimpozabil-si-in-cazul-pensiilor-militare\/#breadcrumb"},"inLanguage":"en-GB","potentialAction":[{"@type":"ReadAction","target":["https:\/\/carpathiacenter.ro\/ministerul-finantelor-propune-majorarea-la-3-000-de-lei-a-plafonului-lunar-neimpozabil-si-in-cazul-pensiilor-militare\/"]}]},{"@type":"ImageObject","inLanguage":"en-GB","@id":"https:\/\/carpathiacenter.ro\/ministerul-finantelor-propune-majorarea-la-3-000-de-lei-a-plafonului-lunar-neimpozabil-si-in-cazul-pensiilor-militare\/#primaryimage","url":"https:\/\/carpathiacenter.ro\/wp-content\/uploads\/2024\/09\/bnr_banca_centrala.jpg","contentUrl":"https:\/\/carpathiacenter.ro\/wp-content\/uploads\/2024\/09\/bnr_banca_centrala.jpg","width":1000,"height":667},{"@type":"BreadcrumbList","@id":"https:\/\/carpathiacenter.ro\/ministerul-finantelor-propune-majorarea-la-3-000-de-lei-a-plafonului-lunar-neimpozabil-si-in-cazul-pensiilor-militare\/#breadcrumb","itemListElement":[{"@type":"ListItem","position":1,"name":"Prima pagin\u0103","item":"https:\/\/carpathiacenter.ro\/"},{"@type":"ListItem","position":2,"name":"Ministerul Finan\u0163elor propune majorarea la 3.000 de lei a plafonului lunar neimpozabil \u015fi \u00een cazul pensiilor militare"}]},{"@type":"WebSite","@id":"https:\/\/carpathiacenter.ro\/#website","url":"https:\/\/carpathiacenter.ro\/","name":"Carpathia Center Romania","description":"Impossible made possible!","publisher":{"@id":"https:\/\/carpathiacenter.ro\/#organization"},"potentialAction":[{"@type":"SearchAction","target":{"@type":"EntryPoint","urlTemplate":"https:\/\/carpathiacenter.ro\/?s={search_term_string}"},"query-input":{"@type":"PropertyValueSpecification","valueRequired":true,"valueName":"search_term_string"}}],"inLanguage":"en-GB"},{"@type":"Organization","@id":"https:\/\/carpathiacenter.ro\/#organization","name":"Carpathia Center Romania","url":"https:\/\/carpathiacenter.ro\/","logo":{"@type":"ImageObject","inLanguage":"en-GB","@id":"https:\/\/carpathiacenter.ro\/#\/schema\/logo\/image\/","url":"https:\/\/carpathiacenter.ro\/wp-content\/uploads\/2024\/07\/logo-carpathia_bg_white-1024x941.png","contentUrl":"https:\/\/carpathiacenter.ro\/wp-content\/uploads\/2024\/07\/logo-carpathia_bg_white-1024x941.png","width":1024,"height":941,"caption":"Carpathia Center Romania"},"image":{"@id":"https:\/\/carpathiacenter.ro\/#\/schema\/logo\/image\/"},"sameAs":["https:\/\/www.facebook.com\/fdpscarpathia\/"]},{"@type":"Person","@id":"https:\/\/carpathiacenter.ro\/#\/schema\/person\/03d9f58202fee8379268f34afa195006","name":"creativebitsolutions","image":{"@type":"ImageObject","inLanguage":"en-GB","@id":"https:\/\/carpathiacenter.ro\/#\/schema\/person\/image\/","url":"https:\/\/secure.gravatar.com\/avatar\/1b1a13e37f847c635dab78348f1dff2f07651ee2a3d77a5c355a4b8c75f9165a?s=96&d=mm&r=g","contentUrl":"https:\/\/secure.gravatar.com\/avatar\/1b1a13e37f847c635dab78348f1dff2f07651ee2a3d77a5c355a4b8c75f9165a?s=96&d=mm&r=g","caption":"creativebitsolutions"},"url":"https:\/\/carpathiacenter.ro\/en\/author\/creativebitsolutions\/"}]}},"_links":{"self":[{"href":"https:\/\/carpathiacenter.ro\/en\/wp-json\/wp\/v2\/posts\/1240","targetHints":{"allow":["GET"]}}],"collection":[{"href":"https:\/\/carpathiacenter.ro\/en\/wp-json\/wp\/v2\/posts"}],"about":[{"href":"https:\/\/carpathiacenter.ro\/en\/wp-json\/wp\/v2\/types\/post"}],"author":[{"embeddable":true,"href":"https:\/\/carpathiacenter.ro\/en\/wp-json\/wp\/v2\/users\/4"}],"replies":[{"embeddable":true,"href":"https:\/\/carpathiacenter.ro\/en\/wp-json\/wp\/v2\/comments?post=1240"}],"version-history":[{"count":1,"href":"https:\/\/carpathiacenter.ro\/en\/wp-json\/wp\/v2\/posts\/1240\/revisions"}],"predecessor-version":[{"id":1243,"href":"https:\/\/carpathiacenter.ro\/en\/wp-json\/wp\/v2\/posts\/1240\/revisions\/1243"}],"wp:featuredmedia":[{"embeddable":true,"href":"https:\/\/carpathiacenter.ro\/en\/wp-json\/wp\/v2\/media\/1242"}],"wp:attachment":[{"href":"https:\/\/carpathiacenter.ro\/en\/wp-json\/wp\/v2\/media?parent=1240"}],"wp:term":[{"taxonomy":"category","embeddable":true,"href":"https:\/\/carpathiacenter.ro\/en\/wp-json\/wp\/v2\/categories?post=1240"},{"taxonomy":"post_tag","embeddable":true,"href":"https:\/\/carpathiacenter.ro\/en\/wp-json\/wp\/v2\/tags?post=1240"}],"curies":[{"name":"wp","href":"https:\/\/api.w.org\/{rel}","templated":true}]}}