{"id":124,"date":"2024-07-16T11:09:50","date_gmt":"2024-07-16T11:09:50","guid":{"rendered":"https:\/\/impreza33.us-themes.com\/?p=124"},"modified":"2024-08-12T11:06:43","modified_gmt":"2024-08-12T11:06:43","slug":"bmw-a-deschis-un-centru-de-solutii-it-la-cluj-in-cativa-ani-ar-putea-ajunge-sa-aiba-1-000-de-angajati","status":"publish","type":"post","link":"https:\/\/carpathiacenter.ro\/en\/bmw-a-deschis-un-centru-de-solutii-it-la-cluj-in-cativa-ani-ar-putea-ajunge-sa-aiba-1-000-de-angajati\/","title":{"rendered":"BMW a deschis un centru de solu\u021bii IT la Cluj. \u00cen c\u00e2\u021biva ani ar putea ajunge s\u0103 aib\u0103 1.000 de angaja\u021bi"},"content":{"rendered":"<p><\/p>\r\n<p><strong>BMW Group \u00ee\u0219i extinde re\u021beaua global\u0103 de centre IT \u0219i software prin deschiderea unei noi loca\u021bii \u00een Cluj-Napoca, \u00een parteneriat cu NTT DATA. Joint venture-ul \u00ee\u0219i va dubla num\u0103rul de angaja\u021bi p\u00e2n\u0103 la 250 de exper\u021bi p\u00e2n\u0103 la sf\u00e2r\u0219itul anului. Pe termen lung, scopul este de a ajunge la peste o mie de angaja\u021bi.<\/strong><\/p>\r\n<p>\r\n\r\n<\/p>\r\n<p>\u201eBMW TechWorks Rom\u00e2nia se al\u0103tur\u0103 unei re\u021bele globale de centre IT care include deja loca\u021bii \u00een Germania, Africa de Sud, SUA, Portugalia \u0219i China\u201d, spune Ralf Waltram, Vicepre\u0219edinte BMW Group.<\/p>\r\n<p>\r\n\r\n<\/p>\r\n<p>La ce proiecte se lucreaz\u0103 la Cluj<\/p>\r\n<p>\r\n\r\n<\/p>\r\n<ul class=\"wp-block-list\">\r\n<li>Connected Procurement: Lan\u021burile de aprovizionare \u0219i sistemele de control extrem de complexe necesit\u0103 sisteme IT conectate.<\/li>\r\n\r\n\r\n\r\n<li>Digital Shopfloor: IT de produc\u021bie modern\u0103 ca element central al BMW iFactory, programul de produc\u021bie inteligent\u0103 BMW Group.<\/li>\r\n\r\n\r\n\r\n<li>Model de v\u00e2nz\u0103ri directe: Dezvoltarea componentelor IT centrale pentru implementarea modelului de v\u00e2nz\u0103ri directe BMW \u0219i MINI \u00een Europa.<\/li>\r\n<\/ul>\r\n<p>\r\n\r\n<\/p>\r\n<p>Accentul va fi pe dezvoltarea \u015fi implementarea solu\u0163iilor IT pentru regiunea european\u0103.<\/p>\r\n<p>\r\n\r\n<\/p>\r\n<p>Obiectivul este de a ob\u021bine o cifr\u0103 de afaceri de ordinul zecilor de milioane de euro p\u00e2n\u0103 la sf\u00e2r\u0219itul anului, spune compania.<\/p>\r\n<p>\r\n\r\n<\/p>\r\n<p>Centrul va dezvolta pentru BMW proiecte \u015fi solu\u021bii IT ce vor fi utilizate \u00een produc\u0163ie, dezvoltare, resurse umane, v\u00e2nz\u0103ri \u015fi servicii financiare.<\/p>\r\n<p>\r\n\r\n<\/p>\r\n<p>BMW Group \u015fi NTT DATA colaboreaz\u0103 pe plan mondial \u00eentr-o gam\u0103 larg\u0103 de proiecte de peste 30 de ani. NTT DATA este furnizor de servicii \u0219i solu\u021bii software. Grupul are sediul \u00een Japonia, iar pe plan mondial num\u0103rul de angaja\u021bi este de aproape 200.000.<\/p>\r\n<p>\r\n\r\n<\/p>\r\n<p>Sursa: <a href=\"https:\/\/hotnews.ro\/bmw-a-deschis-un-centru-de-solutii-it-la-cluj-in-cativa-ani-ar-putea-ajunge-sa-aiba-1-000-de-angajati-1655412\" target=\"_blank\" rel=\"noopener\">https:\/\/hotnews.ro\/bmw-a-deschis-un-centru-de-solutii-it-la-cluj-in-cativa-ani-ar-putea-ajunge-sa-aiba-1-000-de-angajati-1655412<\/a><\/p>\r\n<p><\/p>","protected":false},"excerpt":{"rendered":"BMW Group \u00ee\u0219i extinde re\u021beaua global\u0103 de centre IT \u0219i software prin deschiderea unei noi loca\u021bii \u00een Cluj-Napoca, \u00een parteneriat cu NTT DATA. Joint venture-ul \u00ee\u0219i va dubla num\u0103rul de angaja\u021bi p\u00e2n\u0103 la 250 de exper\u021bi p\u00e2n\u0103 la sf\u00e2r\u0219itul anului. Pe termen lung, scopul este de a ajunge la peste o mie de angaja\u021bi. \u201eBMW...","protected":false},"author":1,"featured_media":1041,"comment_status":"open","ping_status":"open","sticky":false,"template":"","format":"standard","meta":{"footnotes":""},"categories":[1],"tags":[],"class_list":["post-124","post","type-post","status-publish","format-standard","has-post-thumbnail","hentry","category-uncategorized"],"yoast_head":"<!-- This site is optimized with the Yoast SEO plugin v26.1.1 - https:\/\/yoast.com\/wordpress\/plugins\/seo\/ -->\n<title>BMW a deschis un centru de solu\u021bii IT la Cluj. \u00cen c\u00e2\u021biva ani ar putea ajunge s\u0103 aib\u0103 1.000 de angaja\u021bi - Carpathia Center Romania<\/title>\n<meta name=\"robots\" content=\"index, follow, max-snippet:-1, max-image-preview:large, max-video-preview:-1\" \/>\n<link rel=\"canonical\" href=\"https:\/\/carpathiacenter.ro\/en\/bmw-a-deschis-un-centru-de-solutii-it-la-cluj-in-cativa-ani-ar-putea-ajunge-sa-aiba-1-000-de-angajati\/\" \/>\n<meta property=\"og:locale\" content=\"en_GB\" \/>\n<meta property=\"og:type\" content=\"article\" \/>\n<meta property=\"og:title\" content=\"BMW a deschis un centru de solu\u021bii IT la Cluj. \u00cen c\u00e2\u021biva ani ar putea ajunge s\u0103 aib\u0103 1.000 de angaja\u021bi - Carpathia Center Romania\" \/>\n<meta property=\"og:url\" content=\"https:\/\/carpathiacenter.ro\/en\/bmw-a-deschis-un-centru-de-solutii-it-la-cluj-in-cativa-ani-ar-putea-ajunge-sa-aiba-1-000-de-angajati\/\" \/>\n<meta property=\"og:site_name\" content=\"Carpathia Center Romania\" \/>\n<meta property=\"article:publisher\" content=\"https:\/\/www.facebook.com\/fdpscarpathia\/\" \/>\n<meta property=\"article:published_time\" content=\"2024-07-16T11:09:50+00:00\" \/>\n<meta property=\"article:modified_time\" content=\"2024-08-12T11:06:43+00:00\" \/>\n<meta property=\"og:image\" content=\"https:\/\/carpathiacenter.ro\/wp-content\/uploads\/2024\/07\/admin-ajax.jpeg\" \/>\n\t<meta property=\"og:image:width\" content=\"600\" \/>\n\t<meta property=\"og:image:height\" content=\"400\" \/>\n\t<meta property=\"og:image:type\" content=\"image\/jpeg\" \/>\n<meta name=\"author\" content=\"SkepSyS\" \/>\n<meta name=\"twitter:card\" content=\"summary_large_image\" \/>\n<meta name=\"twitter:label1\" content=\"Written by\" \/>\n\t<meta name=\"twitter:data1\" content=\"SkepSyS\" \/>\n\t<meta name=\"twitter:label2\" content=\"Estimated reading time\" \/>\n\t<meta name=\"twitter:data2\" content=\"1 minute\" \/>\n<script type=\"application\/ld+json\" class=\"yoast-schema-graph\">{\"@context\":\"https:\/\/schema.org\",\"@graph\":[{\"@type\":\"Article\",\"@id\":\"https:\/\/carpathiacenter.ro\/bmw-a-deschis-un-centru-de-solutii-it-la-cluj-in-cativa-ani-ar-putea-ajunge-sa-aiba-1-000-de-angajati\/#article\",\"isPartOf\":{\"@id\":\"https:\/\/carpathiacenter.ro\/bmw-a-deschis-un-centru-de-solutii-it-la-cluj-in-cativa-ani-ar-putea-ajunge-sa-aiba-1-000-de-angajati\/\"},\"author\":{\"name\":\"SkepSyS\",\"@id\":\"https:\/\/carpathiacenter.ro\/#\/schema\/person\/2bf4282fce579d1f218f0b80c458452a\"},\"headline\":\"BMW a deschis un centru de solu\u021bii IT la Cluj. \u00cen c\u00e2\u021biva ani ar putea ajunge s\u0103 aib\u0103 1.000 de angaja\u021bi\",\"datePublished\":\"2024-07-16T11:09:50+00:00\",\"dateModified\":\"2024-08-12T11:06:43+00:00\",\"mainEntityOfPage\":{\"@id\":\"https:\/\/carpathiacenter.ro\/bmw-a-deschis-un-centru-de-solutii-it-la-cluj-in-cativa-ani-ar-putea-ajunge-sa-aiba-1-000-de-angajati\/\"},\"wordCount\":305,\"commentCount\":0,\"publisher\":{\"@id\":\"https:\/\/carpathiacenter.ro\/#organization\"},\"image\":{\"@id\":\"https:\/\/carpathiacenter.ro\/bmw-a-deschis-un-centru-de-solutii-it-la-cluj-in-cativa-ani-ar-putea-ajunge-sa-aiba-1-000-de-angajati\/#primaryimage\"},\"thumbnailUrl\":\"https:\/\/carpathiacenter.ro\/wp-content\/uploads\/2024\/07\/admin-ajax.jpeg\",\"articleSection\":[\"Uncategorized\"],\"inLanguage\":\"en-GB\",\"potentialAction\":[{\"@type\":\"CommentAction\",\"name\":\"Comment\",\"target\":[\"https:\/\/carpathiacenter.ro\/bmw-a-deschis-un-centru-de-solutii-it-la-cluj-in-cativa-ani-ar-putea-ajunge-sa-aiba-1-000-de-angajati\/#respond\"]}]},{\"@type\":\"WebPage\",\"@id\":\"https:\/\/carpathiacenter.ro\/bmw-a-deschis-un-centru-de-solutii-it-la-cluj-in-cativa-ani-ar-putea-ajunge-sa-aiba-1-000-de-angajati\/\",\"url\":\"https:\/\/carpathiacenter.ro\/bmw-a-deschis-un-centru-de-solutii-it-la-cluj-in-cativa-ani-ar-putea-ajunge-sa-aiba-1-000-de-angajati\/\",\"name\":\"BMW a deschis un centru de solu\u021bii IT la Cluj. \u00cen c\u00e2\u021biva ani ar putea ajunge s\u0103 aib\u0103 1.000 de angaja\u021bi - Carpathia Center Romania\",\"isPartOf\":{\"@id\":\"https:\/\/carpathiacenter.ro\/#website\"},\"primaryImageOfPage\":{\"@id\":\"https:\/\/carpathiacenter.ro\/bmw-a-deschis-un-centru-de-solutii-it-la-cluj-in-cativa-ani-ar-putea-ajunge-sa-aiba-1-000-de-angajati\/#primaryimage\"},\"image\":{\"@id\":\"https:\/\/carpathiacenter.ro\/bmw-a-deschis-un-centru-de-solutii-it-la-cluj-in-cativa-ani-ar-putea-ajunge-sa-aiba-1-000-de-angajati\/#primaryimage\"},\"thumbnailUrl\":\"https:\/\/carpathiacenter.ro\/wp-content\/uploads\/2024\/07\/admin-ajax.jpeg\",\"datePublished\":\"2024-07-16T11:09:50+00:00\",\"dateModified\":\"2024-08-12T11:06:43+00:00\",\"breadcrumb\":{\"@id\":\"https:\/\/carpathiacenter.ro\/bmw-a-deschis-un-centru-de-solutii-it-la-cluj-in-cativa-ani-ar-putea-ajunge-sa-aiba-1-000-de-angajati\/#breadcrumb\"},\"inLanguage\":\"en-GB\",\"potentialAction\":[{\"@type\":\"ReadAction\",\"target\":[\"https:\/\/carpathiacenter.ro\/bmw-a-deschis-un-centru-de-solutii-it-la-cluj-in-cativa-ani-ar-putea-ajunge-sa-aiba-1-000-de-angajati\/\"]}]},{\"@type\":\"ImageObject\",\"inLanguage\":\"en-GB\",\"@id\":\"https:\/\/carpathiacenter.ro\/bmw-a-deschis-un-centru-de-solutii-it-la-cluj-in-cativa-ani-ar-putea-ajunge-sa-aiba-1-000-de-angajati\/#primaryimage\",\"url\":\"https:\/\/carpathiacenter.ro\/wp-content\/uploads\/2024\/07\/admin-ajax.jpeg\",\"contentUrl\":\"https:\/\/carpathiacenter.ro\/wp-content\/uploads\/2024\/07\/admin-ajax.jpeg\",\"width\":600,\"height\":400},{\"@type\":\"BreadcrumbList\",\"@id\":\"https:\/\/carpathiacenter.ro\/bmw-a-deschis-un-centru-de-solutii-it-la-cluj-in-cativa-ani-ar-putea-ajunge-sa-aiba-1-000-de-angajati\/#breadcrumb\",\"itemListElement\":[{\"@type\":\"ListItem\",\"position\":1,\"name\":\"Prima pagin\u0103\",\"item\":\"https:\/\/carpathiacenter.ro\/\"},{\"@type\":\"ListItem\",\"position\":2,\"name\":\"BMW a deschis un centru de solu\u021bii IT la Cluj. \u00cen c\u00e2\u021biva ani ar putea ajunge s\u0103 aib\u0103 1.000 de angaja\u021bi\"}]},{\"@type\":\"WebSite\",\"@id\":\"https:\/\/carpathiacenter.ro\/#website\",\"url\":\"https:\/\/carpathiacenter.ro\/\",\"name\":\"Carpathia Center Romania\",\"description\":\"Impossible made possible!\",\"publisher\":{\"@id\":\"https:\/\/carpathiacenter.ro\/#organization\"},\"potentialAction\":[{\"@type\":\"SearchAction\",\"target\":{\"@type\":\"EntryPoint\",\"urlTemplate\":\"https:\/\/carpathiacenter.ro\/?s={search_term_string}\"},\"query-input\":{\"@type\":\"PropertyValueSpecification\",\"valueRequired\":true,\"valueName\":\"search_term_string\"}}],\"inLanguage\":\"en-GB\"},{\"@type\":\"Organization\",\"@id\":\"https:\/\/carpathiacenter.ro\/#organization\",\"name\":\"Carpathia Center Romania\",\"url\":\"https:\/\/carpathiacenter.ro\/\",\"logo\":{\"@type\":\"ImageObject\",\"inLanguage\":\"en-GB\",\"@id\":\"https:\/\/carpathiacenter.ro\/#\/schema\/logo\/image\/\",\"url\":\"https:\/\/carpathiacenter.ro\/wp-content\/uploads\/2024\/07\/logo-carpathia_bg_white-1024x941.png\",\"contentUrl\":\"https:\/\/carpathiacenter.ro\/wp-content\/uploads\/2024\/07\/logo-carpathia_bg_white-1024x941.png\",\"width\":1024,\"height\":941,\"caption\":\"Carpathia Center Romania\"},\"image\":{\"@id\":\"https:\/\/carpathiacenter.ro\/#\/schema\/logo\/image\/\"},\"sameAs\":[\"https:\/\/www.facebook.com\/fdpscarpathia\/\"]},{\"@type\":\"Person\",\"@id\":\"https:\/\/carpathiacenter.ro\/#\/schema\/person\/2bf4282fce579d1f218f0b80c458452a\",\"name\":\"SkepSyS\",\"image\":{\"@type\":\"ImageObject\",\"inLanguage\":\"en-GB\",\"@id\":\"https:\/\/carpathiacenter.ro\/#\/schema\/person\/image\/\",\"url\":\"https:\/\/secure.gravatar.com\/avatar\/ad97e963180889723c13ecbeafe09ff1638b86289e0ee6848739f38c4ca4d305?s=96&d=mm&r=g\",\"contentUrl\":\"https:\/\/secure.gravatar.com\/avatar\/ad97e963180889723c13ecbeafe09ff1638b86289e0ee6848739f38c4ca4d305?s=96&d=mm&r=g\",\"caption\":\"SkepSyS\"},\"sameAs\":[\"https:\/\/carpathiacenter.ro\"],\"url\":\"https:\/\/carpathiacenter.ro\/en\/author\/skepsys\/\"}]}<\/script>\n<!-- \/ Yoast SEO plugin. -->","yoast_head_json":{"title":"BMW a deschis un centru de solu\u021bii IT la Cluj. \u00cen c\u00e2\u021biva ani ar putea ajunge s\u0103 aib\u0103 1.000 de angaja\u021bi - Carpathia Center Romania","robots":{"index":"index","follow":"follow","max-snippet":"max-snippet:-1","max-image-preview":"max-image-preview:large","max-video-preview":"max-video-preview:-1"},"canonical":"https:\/\/carpathiacenter.ro\/en\/bmw-a-deschis-un-centru-de-solutii-it-la-cluj-in-cativa-ani-ar-putea-ajunge-sa-aiba-1-000-de-angajati\/","og_locale":"en_GB","og_type":"article","og_title":"BMW a deschis un centru de solu\u021bii IT la Cluj. \u00cen c\u00e2\u021biva ani ar putea ajunge s\u0103 aib\u0103 1.000 de angaja\u021bi - Carpathia Center Romania","og_url":"https:\/\/carpathiacenter.ro\/en\/bmw-a-deschis-un-centru-de-solutii-it-la-cluj-in-cativa-ani-ar-putea-ajunge-sa-aiba-1-000-de-angajati\/","og_site_name":"Carpathia Center Romania","article_publisher":"https:\/\/www.facebook.com\/fdpscarpathia\/","article_published_time":"2024-07-16T11:09:50+00:00","article_modified_time":"2024-08-12T11:06:43+00:00","og_image":[{"width":600,"height":400,"url":"https:\/\/carpathiacenter.ro\/wp-content\/uploads\/2024\/07\/admin-ajax.jpeg","type":"image\/jpeg"}],"author":"SkepSyS","twitter_card":"summary_large_image","twitter_misc":{"Written by":"SkepSyS","Estimated reading time":"1 minute"},"schema":{"@context":"https:\/\/schema.org","@graph":[{"@type":"Article","@id":"https:\/\/carpathiacenter.ro\/bmw-a-deschis-un-centru-de-solutii-it-la-cluj-in-cativa-ani-ar-putea-ajunge-sa-aiba-1-000-de-angajati\/#article","isPartOf":{"@id":"https:\/\/carpathiacenter.ro\/bmw-a-deschis-un-centru-de-solutii-it-la-cluj-in-cativa-ani-ar-putea-ajunge-sa-aiba-1-000-de-angajati\/"},"author":{"name":"SkepSyS","@id":"https:\/\/carpathiacenter.ro\/#\/schema\/person\/2bf4282fce579d1f218f0b80c458452a"},"headline":"BMW a deschis un centru de solu\u021bii IT la Cluj. \u00cen c\u00e2\u021biva ani ar putea ajunge s\u0103 aib\u0103 1.000 de angaja\u021bi","datePublished":"2024-07-16T11:09:50+00:00","dateModified":"2024-08-12T11:06:43+00:00","mainEntityOfPage":{"@id":"https:\/\/carpathiacenter.ro\/bmw-a-deschis-un-centru-de-solutii-it-la-cluj-in-cativa-ani-ar-putea-ajunge-sa-aiba-1-000-de-angajati\/"},"wordCount":305,"commentCount":0,"publisher":{"@id":"https:\/\/carpathiacenter.ro\/#organization"},"image":{"@id":"https:\/\/carpathiacenter.ro\/bmw-a-deschis-un-centru-de-solutii-it-la-cluj-in-cativa-ani-ar-putea-ajunge-sa-aiba-1-000-de-angajati\/#primaryimage"},"thumbnailUrl":"https:\/\/carpathiacenter.ro\/wp-content\/uploads\/2024\/07\/admin-ajax.jpeg","articleSection":["Uncategorized"],"inLanguage":"en-GB","potentialAction":[{"@type":"CommentAction","name":"Comment","target":["https:\/\/carpathiacenter.ro\/bmw-a-deschis-un-centru-de-solutii-it-la-cluj-in-cativa-ani-ar-putea-ajunge-sa-aiba-1-000-de-angajati\/#respond"]}]},{"@type":"WebPage","@id":"https:\/\/carpathiacenter.ro\/bmw-a-deschis-un-centru-de-solutii-it-la-cluj-in-cativa-ani-ar-putea-ajunge-sa-aiba-1-000-de-angajati\/","url":"https:\/\/carpathiacenter.ro\/bmw-a-deschis-un-centru-de-solutii-it-la-cluj-in-cativa-ani-ar-putea-ajunge-sa-aiba-1-000-de-angajati\/","name":"BMW a deschis un centru de solu\u021bii IT la Cluj. \u00cen c\u00e2\u021biva ani ar putea ajunge s\u0103 aib\u0103 1.000 de angaja\u021bi - Carpathia Center Romania","isPartOf":{"@id":"https:\/\/carpathiacenter.ro\/#website"},"primaryImageOfPage":{"@id":"https:\/\/carpathiacenter.ro\/bmw-a-deschis-un-centru-de-solutii-it-la-cluj-in-cativa-ani-ar-putea-ajunge-sa-aiba-1-000-de-angajati\/#primaryimage"},"image":{"@id":"https:\/\/carpathiacenter.ro\/bmw-a-deschis-un-centru-de-solutii-it-la-cluj-in-cativa-ani-ar-putea-ajunge-sa-aiba-1-000-de-angajati\/#primaryimage"},"thumbnailUrl":"https:\/\/carpathiacenter.ro\/wp-content\/uploads\/2024\/07\/admin-ajax.jpeg","datePublished":"2024-07-16T11:09:50+00:00","dateModified":"2024-08-12T11:06:43+00:00","breadcrumb":{"@id":"https:\/\/carpathiacenter.ro\/bmw-a-deschis-un-centru-de-solutii-it-la-cluj-in-cativa-ani-ar-putea-ajunge-sa-aiba-1-000-de-angajati\/#breadcrumb"},"inLanguage":"en-GB","potentialAction":[{"@type":"ReadAction","target":["https:\/\/carpathiacenter.ro\/bmw-a-deschis-un-centru-de-solutii-it-la-cluj-in-cativa-ani-ar-putea-ajunge-sa-aiba-1-000-de-angajati\/"]}]},{"@type":"ImageObject","inLanguage":"en-GB","@id":"https:\/\/carpathiacenter.ro\/bmw-a-deschis-un-centru-de-solutii-it-la-cluj-in-cativa-ani-ar-putea-ajunge-sa-aiba-1-000-de-angajati\/#primaryimage","url":"https:\/\/carpathiacenter.ro\/wp-content\/uploads\/2024\/07\/admin-ajax.jpeg","contentUrl":"https:\/\/carpathiacenter.ro\/wp-content\/uploads\/2024\/07\/admin-ajax.jpeg","width":600,"height":400},{"@type":"BreadcrumbList","@id":"https:\/\/carpathiacenter.ro\/bmw-a-deschis-un-centru-de-solutii-it-la-cluj-in-cativa-ani-ar-putea-ajunge-sa-aiba-1-000-de-angajati\/#breadcrumb","itemListElement":[{"@type":"ListItem","position":1,"name":"Prima pagin\u0103","item":"https:\/\/carpathiacenter.ro\/"},{"@type":"ListItem","position":2,"name":"BMW a deschis un centru de solu\u021bii IT la Cluj. \u00cen c\u00e2\u021biva ani ar putea ajunge s\u0103 aib\u0103 1.000 de angaja\u021bi"}]},{"@type":"WebSite","@id":"https:\/\/carpathiacenter.ro\/#website","url":"https:\/\/carpathiacenter.ro\/","name":"Carpathia Center Romania","description":"Impossible made possible!","publisher":{"@id":"https:\/\/carpathiacenter.ro\/#organization"},"potentialAction":[{"@type":"SearchAction","target":{"@type":"EntryPoint","urlTemplate":"https:\/\/carpathiacenter.ro\/?s={search_term_string}"},"query-input":{"@type":"PropertyValueSpecification","valueRequired":true,"valueName":"search_term_string"}}],"inLanguage":"en-GB"},{"@type":"Organization","@id":"https:\/\/carpathiacenter.ro\/#organization","name":"Carpathia Center Romania","url":"https:\/\/carpathiacenter.ro\/","logo":{"@type":"ImageObject","inLanguage":"en-GB","@id":"https:\/\/carpathiacenter.ro\/#\/schema\/logo\/image\/","url":"https:\/\/carpathiacenter.ro\/wp-content\/uploads\/2024\/07\/logo-carpathia_bg_white-1024x941.png","contentUrl":"https:\/\/carpathiacenter.ro\/wp-content\/uploads\/2024\/07\/logo-carpathia_bg_white-1024x941.png","width":1024,"height":941,"caption":"Carpathia Center Romania"},"image":{"@id":"https:\/\/carpathiacenter.ro\/#\/schema\/logo\/image\/"},"sameAs":["https:\/\/www.facebook.com\/fdpscarpathia\/"]},{"@type":"Person","@id":"https:\/\/carpathiacenter.ro\/#\/schema\/person\/2bf4282fce579d1f218f0b80c458452a","name":"SkepSyS","image":{"@type":"ImageObject","inLanguage":"en-GB","@id":"https:\/\/carpathiacenter.ro\/#\/schema\/person\/image\/","url":"https:\/\/secure.gravatar.com\/avatar\/ad97e963180889723c13ecbeafe09ff1638b86289e0ee6848739f38c4ca4d305?s=96&d=mm&r=g","contentUrl":"https:\/\/secure.gravatar.com\/avatar\/ad97e963180889723c13ecbeafe09ff1638b86289e0ee6848739f38c4ca4d305?s=96&d=mm&r=g","caption":"SkepSyS"},"sameAs":["https:\/\/carpathiacenter.ro"],"url":"https:\/\/carpathiacenter.ro\/en\/author\/skepsys\/"}]}},"_links":{"self":[{"href":"https:\/\/carpathiacenter.ro\/en\/wp-json\/wp\/v2\/posts\/124","targetHints":{"allow":["GET"]}}],"collection":[{"href":"https:\/\/carpathiacenter.ro\/en\/wp-json\/wp\/v2\/posts"}],"about":[{"href":"https:\/\/carpathiacenter.ro\/en\/wp-json\/wp\/v2\/types\/post"}],"author":[{"embeddable":true,"href":"https:\/\/carpathiacenter.ro\/en\/wp-json\/wp\/v2\/users\/1"}],"replies":[{"embeddable":true,"href":"https:\/\/carpathiacenter.ro\/en\/wp-json\/wp\/v2\/comments?post=124"}],"version-history":[{"count":3,"href":"https:\/\/carpathiacenter.ro\/en\/wp-json\/wp\/v2\/posts\/124\/revisions"}],"predecessor-version":[{"id":1048,"href":"https:\/\/carpathiacenter.ro\/en\/wp-json\/wp\/v2\/posts\/124\/revisions\/1048"}],"wp:featuredmedia":[{"embeddable":true,"href":"https:\/\/carpathiacenter.ro\/en\/wp-json\/wp\/v2\/media\/1041"}],"wp:attachment":[{"href":"https:\/\/carpathiacenter.ro\/en\/wp-json\/wp\/v2\/media?parent=124"}],"wp:term":[{"taxonomy":"category","embeddable":true,"href":"https:\/\/carpathiacenter.ro\/en\/wp-json\/wp\/v2\/categories?post=124"},{"taxonomy":"post_tag","embeddable":true,"href":"https:\/\/carpathiacenter.ro\/en\/wp-json\/wp\/v2\/tags?post=124"}],"curies":[{"name":"wp","href":"https:\/\/api.w.org\/{rel}","templated":true}]}}