{"id":1233,"date":"2024-09-10T08:51:48","date_gmt":"2024-09-10T08:51:48","guid":{"rendered":"https:\/\/carpathiacenter.ro\/?p=1233"},"modified":"2024-09-10T09:06:52","modified_gmt":"2024-09-10T09:06:52","slug":"inteleg-ca-o-romanie-puternica-independenta-si-sigura-din-punct-de-vedere-energetic-nu-convine-unora-si-altora","status":"publish","type":"post","link":"https:\/\/carpathiacenter.ro\/en\/inteleg-ca-o-romanie-puternica-independenta-si-sigura-din-punct-de-vedere-energetic-nu-convine-unora-si-altora\/","title":{"rendered":"\u00cen\u0163eleg c\u0103 o Rom\u00e2nie puternic\u0103, independent\u0103 \u015fi sigur\u0103 din punct de vedere energetic, nu convine unora \u015fi altora"},"content":{"rendered":"<div class=\"tdb-block-inner td-fix-index\">\n<p><img fetchpriority=\"high\" decoding=\"async\" src=\"https:\/\/carpathiacenter.ro\/wp-content\/uploads\/2024\/09\/Burduja-300x200.jpeg\" alt=\"\" width=\"300\" height=\"200\" class=\"alignnone size-medium wp-image-1234\" srcset=\"https:\/\/carpathiacenter.ro\/wp-content\/uploads\/2024\/09\/Burduja-300x200.jpeg 300w, https:\/\/carpathiacenter.ro\/wp-content\/uploads\/2024\/09\/Burduja-18x12.jpeg 18w, https:\/\/carpathiacenter.ro\/wp-content\/uploads\/2024\/09\/Burduja-600x400.jpeg 600w, https:\/\/carpathiacenter.ro\/wp-content\/uploads\/2024\/09\/Burduja.jpeg 1000w\" sizes=\"(max-width: 300px) 100vw, 300px\" \/><\/p>\n<p><strong>O Rom\u00e2nie puternic\u0103, independent\u0103 \u015fi sigur\u0103 din punct de vedere energetic nu convine unora \u015fi altora, afirm\u0103 ministrul Energiei, Sebastian Burduja, dup\u0103 ce un ONG a cerut \u00een instan\u0163\u0103 suspendarea acordului de mediu pentru proiectul Neptun Deep.<\/strong><\/p>\n<p>\u201cMereu voi spune adev\u0103rul, chiar dac\u0103 asta deranjeaz\u0103. Vorbeam zilele trecute c\u0103 exist\u0103 un efort sistematic de blocare a proiectelor energetice rom\u00e2ne\u015fti. Iat\u0103 c\u0103 ast\u0103zi un ONG a cerut \u00een instan\u0163\u0103 suspendarea acordului de mediu pentru proiectul Neptun Deep. Vorbim despre un proiect strategic, printre cele mai importante investi\u0163ii pentru \u0163ar\u0103. Pentru c\u0103, din 2027, Neptun Deep va dubla produc\u0163ia intern\u0103 de gaz, asigur\u00e2nd nu doar independen\u0163a energetic\u0103 a Rom\u00e2niei (consumul \u00eel acoperim \u015fi ast\u0103zi, din produc\u0163ia sondelor de pe uscat \u015fi din Marea Neagr\u0103, la mic\u0103 ad\u00e2ncime), ci \u015fi securitatea \u00eentregii regiuni. Pe scurt, Neptun Deep \u00eenseamn\u0103 \u015fansa unic\u0103 de a reduce dependen\u0163a european\u0103 fa\u0163\u0103 de gazul rusesc\u201d, a scris, luni, ministrul Energiei,&nbsp;<a href=\"https:\/\/www.facebook.com\/tianu\/posts\/pfbid0FnqCi8HJQv27QmTUJo7kn7epDD9C6Qe9GqRUGAoEFvztAdGjvaxExTQXdZPBnhLFl?locale=ro_RO\" target=\"_blank\" rel=\"noreferrer noopener\">pe pagina sa de Facebook<\/a>.<\/p>\n<p>El a subliniat c\u0103 \u201ca mai v\u0103zut acest film\u201d, \u00een toat\u0103 \u0163ara fiind minimum 11 hidrocentrale cu grad avansat de execu\u0163ie, unele la peste 90%, ca de exemplu la Bumbe\u015fti-Livezeni, Cornetu-Avrig, R\u0103stoli\u0163a etc, respectiv miliarde de euro deja investite de statul rom\u00e2n, mai ales \u00eenainte de 1989, proiecte care sunt blocate pentru c\u0103 sunt contestate sistematic \u00een instan\u0163\u0103, la fiecare pas administrativ, \u201ccu avoca\u0163i de top \u015fi resurse incredibile\u201d.<\/p>\n<p>\u201cV\u0103 asigur c\u0103, al\u0103turi de Ministerul Mediului, Ministerul Energiei are toat\u0103 disponibilitatea de a proteja viitorul genera\u0163iilor urm\u0103toare, aerul curat \u015fi biodiversitatea. M\u0103rturie stau miliardele de euro pe care le-am atras pentru produc\u0163ia de energie verde \u2013 mii de MW \u00een parcuri solare, eoliene \u015fi la prosumatori. \u00cenainte de orice, \u00eens\u0103, prioritatea zero \u2013 nenegociabil\u0103 \u2013 este securitatea energetic\u0103 a rom\u00e2nilor. Trebuie s\u0103 se aprind\u0103 becul atunci c\u00e2nd ap\u0103s\u0103m pe \u00eentrerup\u0103tor, s\u0103 nu depindem de importuri de energie de la \u0163\u0103ri care o folosesc ca arm\u0103 de \u015fantaj \u015fi s\u0103 avem un mediu economic c\u00e2t mai competitiv. Da, trebuie s\u0103 producem mai mult \u015fi s\u0103 finaliz\u0103m investi\u0163iile strategice mai repede\u201d, a subliniat Burduja.<\/p>\n<p>Acesta a men\u0163ionat c\u0103 la nivelul Ministerului Energiei se lucreaz\u0103 la un act normativ pentru accelerarea proiectelor de investi\u0163ii strategice \u00een sector, inclusiv \u00een hidrocentrale cu acumulare prin pompaj (Tarni\u0163a-L\u0103pu\u015fte\u015fti, Bicaz, Olt etc.).<\/p>\n<p>\u201cVom face tot ceea ce ne va sta \u00een putere s\u0103 aprindem lumina \u00een casele rom\u00e2nilor \u015fi s\u0103 o \u0163inem aprins\u0103. \u00cen\u0163eleg c\u0103 o Rom\u00e2nie puternic\u0103, independent\u0103 \u015fi sigur\u0103 din punct de vedere energetic, nu convine unora \u015fi altora. Lupta nu e u\u015foar\u0103. Dar suntem preg\u0103ti\u0163i s\u0103 o ducem p\u00e2n\u0103 la cap\u0103t \u015fi s\u0103 o c\u00e2\u015ftig\u0103m pentru Rom\u00e2nia Viitorului\u201d, a punctat Sebastian Burduja.<\/p>\n<p><a href=\"https:\/\/www.agerpres.ro\/mediu\/2024\/09\/09\/greenpeace-romania-cere-tribunalului-bucuresti-sa-suspende-imediat-acordul-de-mediu-pentru-neptun-deep--1351848\" target=\"_blank\" rel=\"noreferrer noopener\">Conform unui comunicat remis, luni, AGERPRES, activi\u015ftii Greenpeace Rom\u00e2nia solicit\u0103 Tribunalului Bucure\u015fti \u201csuspendarea imediat\u0103\u201d a acordului de mediu pentru proiectul Neptun Deep \u015fi sus\u0163ine c\u0103 Agen\u0163ia de Protec\u0163ie a Mediului Constan\u0163a a eliberat acordul de mediu prin \u00eenc\u0103lcarea grav\u0103 a dispozi\u0163iilor legale \u015fi a procedurilor asociate.<\/a><\/p>\n<p>\u201c\u00cen timp ce OMV Petrom \u015fi Romgaz pretind c\u0103 amprenta de carbon a proiectului Neptun Deep este zero, c\u0103 aceste emisii nu exist\u0103, cu siguran\u0163\u0103 le vom sim\u0163i impactul. Chiar \u00een ultimele s\u0103pt\u0103m\u00e2ni Rom\u00e2nia s-a confruntat consecutiv cu valuri de c\u0103ldur\u0103, secet\u0103 sever\u0103 \u015fi precipita\u0163ii \u00eensemnate cantitativ. Acest proiect nu va face dec\u00e2t s\u0103 alimenteze \u015fi mai mult criza climatic\u0103 cu care ne confrunt\u0103m, s\u0103 amenin\u0163e biodiversitatea marin\u0103 \u015fi s\u0103 pun\u0103 \u00een pericol s\u0103n\u0103tatea public\u0103. Vom continua seria de dezbateri \u015fi evenimente publice de informare a comunit\u0103\u0163ii locale, proteste \u015fi ac\u0163iuni \u00een instan\u0163\u0103 \u015fi vom trage la r\u0103spundere toate autorit\u0103\u0163ile \u015fi companiile care au b\u0103tut palma s\u0103 distrug\u0103 Marea Neagr\u0103\u201d, a declarat Alin T\u0103nase, coordonator de campanii Greenpeace Rom\u00e2nia, citat \u00een comunicat.<\/p>\n<p>Potrivit sursei citate, pe lista \u00eenc\u0103lc\u0103rilor legale \u00een privin\u0163a proiectului Neptun Deep se afl\u0103: evalu\u0103rile referitoare la impactul asupra schimb\u0103rilor climatice \u015fi contribu\u0163ia la emisiile de gaze cu efect de ser\u0103 a proiectului Neptun Deep sunt insuficiente \u015fi bazate pe date \u00eenvechite; procedura transfrontalier\u0103 viciat\u0103 \u2013 lipsa parcurgerii procedurii dintr-o dubl\u0103 perspectiv\u0103: impactul asupra biodiversit\u0103\u0163ii \u015fi corpurilor de ap\u0103; lipsa unei consult\u0103ri publice efective \u015fi privarea publicului de studii\/informa\u0163ii relevante (testele de ecotoxicitate \u015fi rapoartele de diagnostic arheologic); lipsa oric\u0103rei evalu\u0103ri a riscurilor de deteriorare imediat\u0103 din cauza conflictelor militare; impactul asupra biodiversit\u0103\u0163ii marine nu a fost evaluat corespunz\u0103tor.<\/p>\n<p>\u00cen viziunea Greenpeace Rom\u00e2nia, proiectul Neptun Deep ridic\u0103 preocup\u0103ri serioase legate de protec\u0163ia mediului, schimb\u0103rile climatice \u015fi respectarea legisla\u0163iei.<\/p>\n<p>\u201cAfirma\u0163ia fals\u0103 c\u0103 \u201camprenta de carbon a proiectului este zero\u201d a indus \u00een eroare autorit\u0103\u0163ile \u015fi publicul, influen\u0163\u00e2nd negativ modul \u00een care reprezentan\u0163ii APM au deliberat avizarea proiectului. \u00cen realitate, proiectul contribuie semnificativ la emisiile de gaze cu efect de ser\u0103, fiind responsabil de emiterea a 209 milioane de tone de CO2\u0082 pe pe durata sa, adic\u0103 o medie anual\u0103 de 10,4 milioane de tone de CO2. Numeroase studii esen\u0163iale au fost omise sub pretextul confiden\u0163ialit\u0103\u0163ii, \u00eempiedic\u00e2nd o dezbatere informat\u0103, iar moderarea dezbaterii publice de c\u0103tre un reprezentant OMV Petrom a compromis impar\u0163ialitatea, a generat un poten\u0163ial conflict de interese \u00een favoarea proiectului. De asemenea, excluderea scenariilor nefavorabile \u00een evaluarea riscurilor subestimeaz\u0103 pericolele reale pentru mediul marin. Mai mult, lipsesc m\u0103suri de protec\u0163ie pentru speciile pe cale de dispari\u0163ie, dar \u015fi informa\u0163ii care s\u0103 ne ajute s\u0103 \u00een\u0163elegem modul \u00een care impactul cumulativ al zgomotului ar putea afecta habitatele marine \u015fi biodiversitatea, \u00een special delfinii\u201d, noteaz\u0103 sursa citat\u0103.<\/p>\n<p>P\u00e2n\u0103 \u00een prezent, Greenpeace Rom\u00e2nia a ac\u0163ionat \u00een instan\u0163\u0103 companiile OMV Petrom \u015fi Romgaz, Prim\u0103ria \u015fi Consiliul Local Tuzla, Administra\u0163ia Bazinal\u0103 de Ap\u0103 Dobrogea \u2013 Litoral \u015fi Institutul Na\u0163ional de Cercetare \u2013 Dezvoltare Marin\u0103 \u201cGrigore Antipa\u201d pentru nereguli \u00een procesele de aprobare \u015fi lips\u0103 de transparen\u0163\u0103 \u00een leg\u0103tur\u0103 cu date cruciale ce vizeaz\u0103 substan\u0163ele toxice ce vor fi deversate \u00een Marea Neagr\u0103.<\/p>\n<p>De asemenea, organiza\u0163ia a lansat o peti\u0163ie pentru protejarea M\u0103rii Negre \u015fi oprirea proiectului Neptun Deep, care a str\u00e2ns peste 37.000 de semn\u0103turi. AGERPRES\/(AS \u2013 autor: Nicoleta Gherasi, editor: Mariana Nica, editor online: Andreea Preda)<\/p>\n<p>Sursa: <a href=\"https:\/\/www.agerpres.ro\/economic-intern\/2024\/09\/09\/burduja-inteleg-ca-o-romanie-puternica-independenta-si-sigura-din-punct-de-vedere-energetic-nu-convine-unora-si-altora--1352084\" target=\"_blank\" rel=\"noopener\" title=\"\">https:\/\/www.agerpres.ro\/economic-intern\/2024\/09\/09\/burduja-inteleg-ca-o-romanie-puternica-independenta-si-sigura-din-punct-de-vedere-energetic-nu-convine-unora-si-altora\u20131352084<\/a><\/p>\n<\/div>","protected":false},"excerpt":{"rendered":"<p>O Rom\u00e2nie puternic\u0103, independent\u0103 \u015fi sigur\u0103 din punct de vedere energetic nu convine unora \u015fi altora, afirm\u0103 ministrul Energiei, Sebastian Burduja, dup\u0103 ce un ONG a cerut \u00een instan\u0163\u0103 suspendarea acordului de mediu pentru proiectul Neptun Deep. \u201cMereu voi spune adev\u0103rul, chiar dac\u0103 asta deranjeaz\u0103. Vorbeam zilele trecute c\u0103 exist\u0103 un efort sistematic de blocare&#8230;<\/p>","protected":false},"author":4,"featured_media":1237,"comment_status":"open","ping_status":"open","sticky":false,"template":"","format":"standard","meta":{"footnotes":""},"categories":[1],"tags":[],"class_list":["post-1233","post","type-post","status-publish","format-standard","has-post-thumbnail","hentry","category-uncategorized"],"yoast_head":"<!-- This site is optimized with the Yoast SEO plugin v26.1.1 - https:\/\/yoast.com\/wordpress\/plugins\/seo\/ -->\n<title>\u00cen\u0163eleg c\u0103 o Rom\u00e2nie puternic\u0103, independent\u0103 \u015fi sigur\u0103 din punct de vedere energetic, nu convine unora \u015fi altora - Carpathia Center Romania<\/title>\n<meta name=\"robots\" content=\"index, follow, max-snippet:-1, max-image-preview:large, max-video-preview:-1\" \/>\n<link rel=\"canonical\" href=\"https:\/\/carpathiacenter.ro\/en\/inteleg-ca-o-romanie-puternica-independenta-si-sigura-din-punct-de-vedere-energetic-nu-convine-unora-si-altora\/\" \/>\n<meta property=\"og:locale\" content=\"en_GB\" \/>\n<meta property=\"og:type\" content=\"article\" \/>\n<meta property=\"og:title\" content=\"\u00cen\u0163eleg c\u0103 o Rom\u00e2nie puternic\u0103, independent\u0103 \u015fi sigur\u0103 din punct de vedere energetic, nu convine unora \u015fi altora - Carpathia Center Romania\" \/>\n<meta property=\"og:description\" content=\"O Rom\u00e2nie puternic\u0103, independent\u0103 \u015fi sigur\u0103 din punct de vedere energetic nu convine unora \u015fi altora, afirm\u0103 ministrul Energiei, Sebastian Burduja, dup\u0103 ce un ONG a cerut \u00een instan\u0163\u0103 suspendarea acordului de mediu pentru proiectul Neptun Deep. \u201cMereu voi spune adev\u0103rul, chiar dac\u0103 asta deranjeaz\u0103. Vorbeam zilele trecute c\u0103 exist\u0103 un efort sistematic de blocare...\" \/>\n<meta property=\"og:url\" content=\"https:\/\/carpathiacenter.ro\/en\/inteleg-ca-o-romanie-puternica-independenta-si-sigura-din-punct-de-vedere-energetic-nu-convine-unora-si-altora\/\" \/>\n<meta property=\"og:site_name\" content=\"Carpathia Center Romania\" \/>\n<meta property=\"article:publisher\" content=\"https:\/\/www.facebook.com\/fdpscarpathia\/\" \/>\n<meta property=\"article:published_time\" content=\"2024-09-10T08:51:48+00:00\" \/>\n<meta property=\"article:modified_time\" content=\"2024-09-10T09:06:52+00:00\" \/>\n<meta property=\"og:image\" content=\"https:\/\/carpathiacenter.ro\/wp-content\/uploads\/2024\/09\/Stromrichterstation_Bentwisch.jpg\" \/>\n\t<meta property=\"og:image:width\" content=\"829\" \/>\n\t<meta property=\"og:image:height\" content=\"463\" \/>\n\t<meta property=\"og:image:type\" content=\"image\/jpeg\" \/>\n<meta name=\"author\" content=\"creativebitsolutions\" \/>\n<meta name=\"twitter:card\" content=\"summary_large_image\" \/>\n<meta name=\"twitter:label1\" content=\"Written by\" \/>\n\t<meta name=\"twitter:data1\" content=\"creativebitsolutions\" \/>\n\t<meta name=\"twitter:label2\" content=\"Estimated reading time\" \/>\n\t<meta name=\"twitter:data2\" content=\"5 minutes\" \/>\n<script type=\"application\/ld+json\" class=\"yoast-schema-graph\">{\"@context\":\"https:\/\/schema.org\",\"@graph\":[{\"@type\":\"Article\",\"@id\":\"https:\/\/carpathiacenter.ro\/inteleg-ca-o-romanie-puternica-independenta-si-sigura-din-punct-de-vedere-energetic-nu-convine-unora-si-altora\/#article\",\"isPartOf\":{\"@id\":\"https:\/\/carpathiacenter.ro\/inteleg-ca-o-romanie-puternica-independenta-si-sigura-din-punct-de-vedere-energetic-nu-convine-unora-si-altora\/\"},\"author\":{\"name\":\"creativebitsolutions\",\"@id\":\"https:\/\/carpathiacenter.ro\/#\/schema\/person\/03d9f58202fee8379268f34afa195006\"},\"headline\":\"\u00cen\u0163eleg c\u0103 o Rom\u00e2nie puternic\u0103, independent\u0103 \u015fi sigur\u0103 din punct de vedere energetic, nu convine unora \u015fi altora\",\"datePublished\":\"2024-09-10T08:51:48+00:00\",\"dateModified\":\"2024-09-10T09:06:52+00:00\",\"mainEntityOfPage\":{\"@id\":\"https:\/\/carpathiacenter.ro\/inteleg-ca-o-romanie-puternica-independenta-si-sigura-din-punct-de-vedere-energetic-nu-convine-unora-si-altora\/\"},\"wordCount\":1117,\"commentCount\":0,\"publisher\":{\"@id\":\"https:\/\/carpathiacenter.ro\/#organization\"},\"image\":{\"@id\":\"https:\/\/carpathiacenter.ro\/inteleg-ca-o-romanie-puternica-independenta-si-sigura-din-punct-de-vedere-energetic-nu-convine-unora-si-altora\/#primaryimage\"},\"thumbnailUrl\":\"https:\/\/carpathiacenter.ro\/wp-content\/uploads\/2024\/09\/Stromrichterstation_Bentwisch.jpg\",\"articleSection\":[\"Uncategorized\"],\"inLanguage\":\"en-GB\",\"potentialAction\":[{\"@type\":\"CommentAction\",\"name\":\"Comment\",\"target\":[\"https:\/\/carpathiacenter.ro\/inteleg-ca-o-romanie-puternica-independenta-si-sigura-din-punct-de-vedere-energetic-nu-convine-unora-si-altora\/#respond\"]}]},{\"@type\":\"WebPage\",\"@id\":\"https:\/\/carpathiacenter.ro\/inteleg-ca-o-romanie-puternica-independenta-si-sigura-din-punct-de-vedere-energetic-nu-convine-unora-si-altora\/\",\"url\":\"https:\/\/carpathiacenter.ro\/inteleg-ca-o-romanie-puternica-independenta-si-sigura-din-punct-de-vedere-energetic-nu-convine-unora-si-altora\/\",\"name\":\"\u00cen\u0163eleg c\u0103 o Rom\u00e2nie puternic\u0103, independent\u0103 \u015fi sigur\u0103 din punct de vedere energetic, nu convine unora \u015fi altora - Carpathia Center Romania\",\"isPartOf\":{\"@id\":\"https:\/\/carpathiacenter.ro\/#website\"},\"primaryImageOfPage\":{\"@id\":\"https:\/\/carpathiacenter.ro\/inteleg-ca-o-romanie-puternica-independenta-si-sigura-din-punct-de-vedere-energetic-nu-convine-unora-si-altora\/#primaryimage\"},\"image\":{\"@id\":\"https:\/\/carpathiacenter.ro\/inteleg-ca-o-romanie-puternica-independenta-si-sigura-din-punct-de-vedere-energetic-nu-convine-unora-si-altora\/#primaryimage\"},\"thumbnailUrl\":\"https:\/\/carpathiacenter.ro\/wp-content\/uploads\/2024\/09\/Stromrichterstation_Bentwisch.jpg\",\"datePublished\":\"2024-09-10T08:51:48+00:00\",\"dateModified\":\"2024-09-10T09:06:52+00:00\",\"breadcrumb\":{\"@id\":\"https:\/\/carpathiacenter.ro\/inteleg-ca-o-romanie-puternica-independenta-si-sigura-din-punct-de-vedere-energetic-nu-convine-unora-si-altora\/#breadcrumb\"},\"inLanguage\":\"en-GB\",\"potentialAction\":[{\"@type\":\"ReadAction\",\"target\":[\"https:\/\/carpathiacenter.ro\/inteleg-ca-o-romanie-puternica-independenta-si-sigura-din-punct-de-vedere-energetic-nu-convine-unora-si-altora\/\"]}]},{\"@type\":\"ImageObject\",\"inLanguage\":\"en-GB\",\"@id\":\"https:\/\/carpathiacenter.ro\/inteleg-ca-o-romanie-puternica-independenta-si-sigura-din-punct-de-vedere-energetic-nu-convine-unora-si-altora\/#primaryimage\",\"url\":\"https:\/\/carpathiacenter.ro\/wp-content\/uploads\/2024\/09\/Stromrichterstation_Bentwisch.jpg\",\"contentUrl\":\"https:\/\/carpathiacenter.ro\/wp-content\/uploads\/2024\/09\/Stromrichterstation_Bentwisch.jpg\",\"width\":829,\"height\":463},{\"@type\":\"BreadcrumbList\",\"@id\":\"https:\/\/carpathiacenter.ro\/inteleg-ca-o-romanie-puternica-independenta-si-sigura-din-punct-de-vedere-energetic-nu-convine-unora-si-altora\/#breadcrumb\",\"itemListElement\":[{\"@type\":\"ListItem\",\"position\":1,\"name\":\"Prima pagin\u0103\",\"item\":\"https:\/\/carpathiacenter.ro\/\"},{\"@type\":\"ListItem\",\"position\":2,\"name\":\"\u00cen\u0163eleg c\u0103 o Rom\u00e2nie puternic\u0103, independent\u0103 \u015fi sigur\u0103 din punct de vedere energetic, nu convine unora \u015fi altora\"}]},{\"@type\":\"WebSite\",\"@id\":\"https:\/\/carpathiacenter.ro\/#website\",\"url\":\"https:\/\/carpathiacenter.ro\/\",\"name\":\"Carpathia Center Romania\",\"description\":\"Impossible made possible!\",\"publisher\":{\"@id\":\"https:\/\/carpathiacenter.ro\/#organization\"},\"potentialAction\":[{\"@type\":\"SearchAction\",\"target\":{\"@type\":\"EntryPoint\",\"urlTemplate\":\"https:\/\/carpathiacenter.ro\/?s={search_term_string}\"},\"query-input\":{\"@type\":\"PropertyValueSpecification\",\"valueRequired\":true,\"valueName\":\"search_term_string\"}}],\"inLanguage\":\"en-GB\"},{\"@type\":\"Organization\",\"@id\":\"https:\/\/carpathiacenter.ro\/#organization\",\"name\":\"Carpathia Center Romania\",\"url\":\"https:\/\/carpathiacenter.ro\/\",\"logo\":{\"@type\":\"ImageObject\",\"inLanguage\":\"en-GB\",\"@id\":\"https:\/\/carpathiacenter.ro\/#\/schema\/logo\/image\/\",\"url\":\"https:\/\/carpathiacenter.ro\/wp-content\/uploads\/2024\/07\/logo-carpathia_bg_white-1024x941.png\",\"contentUrl\":\"https:\/\/carpathiacenter.ro\/wp-content\/uploads\/2024\/07\/logo-carpathia_bg_white-1024x941.png\",\"width\":1024,\"height\":941,\"caption\":\"Carpathia Center Romania\"},\"image\":{\"@id\":\"https:\/\/carpathiacenter.ro\/#\/schema\/logo\/image\/\"},\"sameAs\":[\"https:\/\/www.facebook.com\/fdpscarpathia\/\"]},{\"@type\":\"Person\",\"@id\":\"https:\/\/carpathiacenter.ro\/#\/schema\/person\/03d9f58202fee8379268f34afa195006\",\"name\":\"creativebitsolutions\",\"image\":{\"@type\":\"ImageObject\",\"inLanguage\":\"en-GB\",\"@id\":\"https:\/\/carpathiacenter.ro\/#\/schema\/person\/image\/\",\"url\":\"https:\/\/secure.gravatar.com\/avatar\/1b1a13e37f847c635dab78348f1dff2f07651ee2a3d77a5c355a4b8c75f9165a?s=96&d=mm&r=g\",\"contentUrl\":\"https:\/\/secure.gravatar.com\/avatar\/1b1a13e37f847c635dab78348f1dff2f07651ee2a3d77a5c355a4b8c75f9165a?s=96&d=mm&r=g\",\"caption\":\"creativebitsolutions\"},\"url\":\"https:\/\/carpathiacenter.ro\/en\/author\/creativebitsolutions\/\"}]}<\/script>\n<!-- \/ Yoast SEO plugin. -->","yoast_head_json":{"title":"\u00cen\u0163eleg c\u0103 o Rom\u00e2nie puternic\u0103, independent\u0103 \u015fi sigur\u0103 din punct de vedere energetic, nu convine unora \u015fi altora - Carpathia Center Romania","robots":{"index":"index","follow":"follow","max-snippet":"max-snippet:-1","max-image-preview":"max-image-preview:large","max-video-preview":"max-video-preview:-1"},"canonical":"https:\/\/carpathiacenter.ro\/en\/inteleg-ca-o-romanie-puternica-independenta-si-sigura-din-punct-de-vedere-energetic-nu-convine-unora-si-altora\/","og_locale":"en_GB","og_type":"article","og_title":"\u00cen\u0163eleg c\u0103 o Rom\u00e2nie puternic\u0103, independent\u0103 \u015fi sigur\u0103 din punct de vedere energetic, nu convine unora \u015fi altora - Carpathia Center Romania","og_description":"O Rom\u00e2nie puternic\u0103, independent\u0103 \u015fi sigur\u0103 din punct de vedere energetic nu convine unora \u015fi altora, afirm\u0103 ministrul Energiei, Sebastian Burduja, dup\u0103 ce un ONG a cerut \u00een instan\u0163\u0103 suspendarea acordului de mediu pentru proiectul Neptun Deep. \u201cMereu voi spune adev\u0103rul, chiar dac\u0103 asta deranjeaz\u0103. Vorbeam zilele trecute c\u0103 exist\u0103 un efort sistematic de blocare...","og_url":"https:\/\/carpathiacenter.ro\/en\/inteleg-ca-o-romanie-puternica-independenta-si-sigura-din-punct-de-vedere-energetic-nu-convine-unora-si-altora\/","og_site_name":"Carpathia Center Romania","article_publisher":"https:\/\/www.facebook.com\/fdpscarpathia\/","article_published_time":"2024-09-10T08:51:48+00:00","article_modified_time":"2024-09-10T09:06:52+00:00","og_image":[{"width":829,"height":463,"url":"https:\/\/carpathiacenter.ro\/wp-content\/uploads\/2024\/09\/Stromrichterstation_Bentwisch.jpg","type":"image\/jpeg"}],"author":"creativebitsolutions","twitter_card":"summary_large_image","twitter_misc":{"Written by":"creativebitsolutions","Estimated reading time":"5 minutes"},"schema":{"@context":"https:\/\/schema.org","@graph":[{"@type":"Article","@id":"https:\/\/carpathiacenter.ro\/inteleg-ca-o-romanie-puternica-independenta-si-sigura-din-punct-de-vedere-energetic-nu-convine-unora-si-altora\/#article","isPartOf":{"@id":"https:\/\/carpathiacenter.ro\/inteleg-ca-o-romanie-puternica-independenta-si-sigura-din-punct-de-vedere-energetic-nu-convine-unora-si-altora\/"},"author":{"name":"creativebitsolutions","@id":"https:\/\/carpathiacenter.ro\/#\/schema\/person\/03d9f58202fee8379268f34afa195006"},"headline":"\u00cen\u0163eleg c\u0103 o Rom\u00e2nie puternic\u0103, independent\u0103 \u015fi sigur\u0103 din punct de vedere energetic, nu convine unora \u015fi altora","datePublished":"2024-09-10T08:51:48+00:00","dateModified":"2024-09-10T09:06:52+00:00","mainEntityOfPage":{"@id":"https:\/\/carpathiacenter.ro\/inteleg-ca-o-romanie-puternica-independenta-si-sigura-din-punct-de-vedere-energetic-nu-convine-unora-si-altora\/"},"wordCount":1117,"commentCount":0,"publisher":{"@id":"https:\/\/carpathiacenter.ro\/#organization"},"image":{"@id":"https:\/\/carpathiacenter.ro\/inteleg-ca-o-romanie-puternica-independenta-si-sigura-din-punct-de-vedere-energetic-nu-convine-unora-si-altora\/#primaryimage"},"thumbnailUrl":"https:\/\/carpathiacenter.ro\/wp-content\/uploads\/2024\/09\/Stromrichterstation_Bentwisch.jpg","articleSection":["Uncategorized"],"inLanguage":"en-GB","potentialAction":[{"@type":"CommentAction","name":"Comment","target":["https:\/\/carpathiacenter.ro\/inteleg-ca-o-romanie-puternica-independenta-si-sigura-din-punct-de-vedere-energetic-nu-convine-unora-si-altora\/#respond"]}]},{"@type":"WebPage","@id":"https:\/\/carpathiacenter.ro\/inteleg-ca-o-romanie-puternica-independenta-si-sigura-din-punct-de-vedere-energetic-nu-convine-unora-si-altora\/","url":"https:\/\/carpathiacenter.ro\/inteleg-ca-o-romanie-puternica-independenta-si-sigura-din-punct-de-vedere-energetic-nu-convine-unora-si-altora\/","name":"\u00cen\u0163eleg c\u0103 o Rom\u00e2nie puternic\u0103, independent\u0103 \u015fi sigur\u0103 din punct de vedere energetic, nu convine unora \u015fi altora - Carpathia Center Romania","isPartOf":{"@id":"https:\/\/carpathiacenter.ro\/#website"},"primaryImageOfPage":{"@id":"https:\/\/carpathiacenter.ro\/inteleg-ca-o-romanie-puternica-independenta-si-sigura-din-punct-de-vedere-energetic-nu-convine-unora-si-altora\/#primaryimage"},"image":{"@id":"https:\/\/carpathiacenter.ro\/inteleg-ca-o-romanie-puternica-independenta-si-sigura-din-punct-de-vedere-energetic-nu-convine-unora-si-altora\/#primaryimage"},"thumbnailUrl":"https:\/\/carpathiacenter.ro\/wp-content\/uploads\/2024\/09\/Stromrichterstation_Bentwisch.jpg","datePublished":"2024-09-10T08:51:48+00:00","dateModified":"2024-09-10T09:06:52+00:00","breadcrumb":{"@id":"https:\/\/carpathiacenter.ro\/inteleg-ca-o-romanie-puternica-independenta-si-sigura-din-punct-de-vedere-energetic-nu-convine-unora-si-altora\/#breadcrumb"},"inLanguage":"en-GB","potentialAction":[{"@type":"ReadAction","target":["https:\/\/carpathiacenter.ro\/inteleg-ca-o-romanie-puternica-independenta-si-sigura-din-punct-de-vedere-energetic-nu-convine-unora-si-altora\/"]}]},{"@type":"ImageObject","inLanguage":"en-GB","@id":"https:\/\/carpathiacenter.ro\/inteleg-ca-o-romanie-puternica-independenta-si-sigura-din-punct-de-vedere-energetic-nu-convine-unora-si-altora\/#primaryimage","url":"https:\/\/carpathiacenter.ro\/wp-content\/uploads\/2024\/09\/Stromrichterstation_Bentwisch.jpg","contentUrl":"https:\/\/carpathiacenter.ro\/wp-content\/uploads\/2024\/09\/Stromrichterstation_Bentwisch.jpg","width":829,"height":463},{"@type":"BreadcrumbList","@id":"https:\/\/carpathiacenter.ro\/inteleg-ca-o-romanie-puternica-independenta-si-sigura-din-punct-de-vedere-energetic-nu-convine-unora-si-altora\/#breadcrumb","itemListElement":[{"@type":"ListItem","position":1,"name":"Prima pagin\u0103","item":"https:\/\/carpathiacenter.ro\/"},{"@type":"ListItem","position":2,"name":"\u00cen\u0163eleg c\u0103 o Rom\u00e2nie puternic\u0103, independent\u0103 \u015fi sigur\u0103 din punct de vedere energetic, nu convine unora \u015fi altora"}]},{"@type":"WebSite","@id":"https:\/\/carpathiacenter.ro\/#website","url":"https:\/\/carpathiacenter.ro\/","name":"Carpathia Center Romania","description":"Impossible made possible!","publisher":{"@id":"https:\/\/carpathiacenter.ro\/#organization"},"potentialAction":[{"@type":"SearchAction","target":{"@type":"EntryPoint","urlTemplate":"https:\/\/carpathiacenter.ro\/?s={search_term_string}"},"query-input":{"@type":"PropertyValueSpecification","valueRequired":true,"valueName":"search_term_string"}}],"inLanguage":"en-GB"},{"@type":"Organization","@id":"https:\/\/carpathiacenter.ro\/#organization","name":"Carpathia Center Romania","url":"https:\/\/carpathiacenter.ro\/","logo":{"@type":"ImageObject","inLanguage":"en-GB","@id":"https:\/\/carpathiacenter.ro\/#\/schema\/logo\/image\/","url":"https:\/\/carpathiacenter.ro\/wp-content\/uploads\/2024\/07\/logo-carpathia_bg_white-1024x941.png","contentUrl":"https:\/\/carpathiacenter.ro\/wp-content\/uploads\/2024\/07\/logo-carpathia_bg_white-1024x941.png","width":1024,"height":941,"caption":"Carpathia Center Romania"},"image":{"@id":"https:\/\/carpathiacenter.ro\/#\/schema\/logo\/image\/"},"sameAs":["https:\/\/www.facebook.com\/fdpscarpathia\/"]},{"@type":"Person","@id":"https:\/\/carpathiacenter.ro\/#\/schema\/person\/03d9f58202fee8379268f34afa195006","name":"creativebitsolutions","image":{"@type":"ImageObject","inLanguage":"en-GB","@id":"https:\/\/carpathiacenter.ro\/#\/schema\/person\/image\/","url":"https:\/\/secure.gravatar.com\/avatar\/1b1a13e37f847c635dab78348f1dff2f07651ee2a3d77a5c355a4b8c75f9165a?s=96&d=mm&r=g","contentUrl":"https:\/\/secure.gravatar.com\/avatar\/1b1a13e37f847c635dab78348f1dff2f07651ee2a3d77a5c355a4b8c75f9165a?s=96&d=mm&r=g","caption":"creativebitsolutions"},"url":"https:\/\/carpathiacenter.ro\/en\/author\/creativebitsolutions\/"}]}},"_links":{"self":[{"href":"https:\/\/carpathiacenter.ro\/en\/wp-json\/wp\/v2\/posts\/1233","targetHints":{"allow":["GET"]}}],"collection":[{"href":"https:\/\/carpathiacenter.ro\/en\/wp-json\/wp\/v2\/posts"}],"about":[{"href":"https:\/\/carpathiacenter.ro\/en\/wp-json\/wp\/v2\/types\/post"}],"author":[{"embeddable":true,"href":"https:\/\/carpathiacenter.ro\/en\/wp-json\/wp\/v2\/users\/4"}],"replies":[{"embeddable":true,"href":"https:\/\/carpathiacenter.ro\/en\/wp-json\/wp\/v2\/comments?post=1233"}],"version-history":[{"count":3,"href":"https:\/\/carpathiacenter.ro\/en\/wp-json\/wp\/v2\/posts\/1233\/revisions"}],"predecessor-version":[{"id":1236,"href":"https:\/\/carpathiacenter.ro\/en\/wp-json\/wp\/v2\/posts\/1233\/revisions\/1236"}],"wp:featuredmedia":[{"embeddable":true,"href":"https:\/\/carpathiacenter.ro\/en\/wp-json\/wp\/v2\/media\/1237"}],"wp:attachment":[{"href":"https:\/\/carpathiacenter.ro\/en\/wp-json\/wp\/v2\/media?parent=1233"}],"wp:term":[{"taxonomy":"category","embeddable":true,"href":"https:\/\/carpathiacenter.ro\/en\/wp-json\/wp\/v2\/categories?post=1233"},{"taxonomy":"post_tag","embeddable":true,"href":"https:\/\/carpathiacenter.ro\/en\/wp-json\/wp\/v2\/tags?post=1233"}],"curies":[{"name":"wp","href":"https:\/\/api.w.org\/{rel}","templated":true}]}}