{"id":1231,"date":"2024-09-10T08:50:55","date_gmt":"2024-09-10T08:50:55","guid":{"rendered":"https:\/\/carpathiacenter.ro\/?p=1231"},"modified":"2024-09-10T08:50:55","modified_gmt":"2024-09-10T08:50:55","slug":"ligia-deca-datoria-noastra-este-sa-imbunatatim-rezultatele-elevilor","status":"publish","type":"post","link":"https:\/\/carpathiacenter.ro\/en\/ligia-deca-datoria-noastra-este-sa-imbunatatim-rezultatele-elevilor\/","title":{"rendered":"Ligia Deca: Datoria noastr\u0103 este s\u0103 \u00eembun\u0103t\u0103\u0163im rezultatele elevilor"},"content":{"rendered":"<div class=\"tdb-block-inner td-fix-index\">\n<p><strong>Profesorii au rolul esen\u0163ial de a le fi repere copiilor \u00een drumul lor spre cunoa\u015ftere, a afirmat luni ministrul Educa\u0163iei, Ligia Deca, \u015fi a sus\u0163inut c\u0103 investi\u0163iile, dot\u0103rile, salariile mai mari \u015fi legile noi ale educa\u0163iei sunt m\u0103suri care \u00ee\u015fi vor vedea impactul \u00een timp.<\/strong><\/p>\n<p>Ministrul Educa\u0163iei, Ligia Deca, \u015fi primarul Sectorului 6, Ciprian Ciucu, au participat luni la deschiderea anului \u015fcolar la \u015ecoala Gimnazial\u0103 \u201cOrizont\u201d.<\/p>\n<p>\u201cDragi profesori, \u00eencerc\u0103m, prin educa\u0163ie, s\u0103 cre\u015ftem copii care s\u0103 se adapteze lumii \u00een care tr\u0103iesc. Ave\u0163i rolul esen\u0163ial de a fi reperele copiilor no\u015ftri \u00een drumul lor spre cunoa\u015ftere! V\u0103 mul\u0163umesc pentru eforturile de a le fi ghid! Cre\u015fterea istoric\u0103 a salariilor a fost o form\u0103 de a v\u0103 ar\u0103ta c\u0103 ne pas\u0103 \u015fi ca ne dorim s\u0103 v\u0103 sim\u0163i\u0163i respecta\u0163i pe m\u0103sura importan\u0163ei pe care o ave\u0163i \u00een societate. \u015etiu c\u0103 este nevoie de mai mult. \u015ei sunt al\u0103turi de dumneavoastr\u0103 pentru a face ca profesia nobil\u0103 pe care o ave\u0163i s\u0103-\u015fi rec\u00e2\u015ftige prestigiul meritat\u201d, a spus ministrul.<\/p>\n<p>Ligia Deca este de p\u0103rere c\u0103 trebuie s\u0103 se treac\u0103 de la nevoile de baz\u0103 la calitate \u015fi echitate \u00een \u00eentregul sistem de educa\u0163ie.<\/p>\n<p>\u201cAvem investi\u0163ii, dot\u0103ri, salarii mai mari \u015fi legi noi ale educa\u0163iei. Sunt m\u0103suri care \u00ee\u015fi vor vedea impactul \u00een timp. \u00cens\u0103 acum este datoria noastr\u0103 s\u0103 \u00eembun\u0103t\u0103\u0163im rezultatele elevilor. Trebuie s\u0103 trecem de la nevoile de baz\u0103 la calitate \u015fi echitate \u00een \u00eentregul sistem\u201d, a mai sus\u0163inut Deca. AGERPRES\/(AS-autor: Roberto Stan, editor: Mihai Simionescu, editor online: Gabriela Badea)<\/p>\n<p>Sursa: <a href=\"https:\/\/www.agerpres.ro\/educatie-stiinta\/2024\/09\/09\/ligia-deca-datoria-noastra-este-sa-imbunatatim-rezultatele-elevilor--1351801\" target=\"_blank\" rel=\"noopener\" title=\"\">https:\/\/www.agerpres.ro\/educatie-stiinta\/2024\/09\/09\/ligia-deca-datoria-noastra-este-sa-imbunatatim-rezultatele-elevilor\u20131351801<\/a><\/p>\n<\/div>","protected":false},"excerpt":{"rendered":"<p>Profesorii au rolul esen\u0163ial de a le fi repere copiilor \u00een drumul lor spre cunoa\u015ftere, a afirmat luni ministrul Educa\u0163iei, Ligia Deca, \u015fi a sus\u0163inut c\u0103 investi\u0163iile, dot\u0103rile, salariile mai mari \u015fi legile noi ale educa\u0163iei sunt m\u0103suri care \u00ee\u015fi vor vedea impactul \u00een timp. Ministrul Educa\u0163iei, Ligia Deca, \u015fi primarul Sectorului 6, Ciprian Ciucu,&#8230;<\/p>","protected":false},"author":4,"featured_media":1146,"comment_status":"open","ping_status":"open","sticky":false,"template":"","format":"standard","meta":{"footnotes":""},"categories":[1],"tags":[],"class_list":["post-1231","post","type-post","status-publish","format-standard","has-post-thumbnail","hentry","category-uncategorized"],"yoast_head":"<!-- This site is optimized with the Yoast SEO plugin v26.1.1 - https:\/\/yoast.com\/wordpress\/plugins\/seo\/ -->\n<title>Ligia Deca: Datoria noastr\u0103 este s\u0103 \u00eembun\u0103t\u0103\u0163im rezultatele elevilor - Carpathia Center Romania<\/title>\n<meta name=\"robots\" content=\"index, follow, max-snippet:-1, max-image-preview:large, max-video-preview:-1\" \/>\n<link rel=\"canonical\" href=\"https:\/\/carpathiacenter.ro\/en\/ligia-deca-datoria-noastra-este-sa-imbunatatim-rezultatele-elevilor\/\" \/>\n<meta property=\"og:locale\" content=\"en_GB\" \/>\n<meta property=\"og:type\" content=\"article\" \/>\n<meta property=\"og:title\" content=\"Ligia Deca: Datoria noastr\u0103 este s\u0103 \u00eembun\u0103t\u0103\u0163im rezultatele elevilor - Carpathia Center Romania\" \/>\n<meta property=\"og:description\" content=\"Profesorii au rolul esen\u0163ial de a le fi repere copiilor \u00een drumul lor spre cunoa\u015ftere, a afirmat luni ministrul Educa\u0163iei, Ligia Deca, \u015fi a sus\u0163inut c\u0103 investi\u0163iile, dot\u0103rile, salariile mai mari \u015fi legile noi ale educa\u0163iei sunt m\u0103suri care \u00ee\u015fi vor vedea impactul \u00een timp. Ministrul Educa\u0163iei, Ligia Deca, \u015fi primarul Sectorului 6, Ciprian Ciucu,...\" \/>\n<meta property=\"og:url\" content=\"https:\/\/carpathiacenter.ro\/en\/ligia-deca-datoria-noastra-este-sa-imbunatatim-rezultatele-elevilor\/\" \/>\n<meta property=\"og:site_name\" content=\"Carpathia Center Romania\" \/>\n<meta property=\"article:publisher\" content=\"https:\/\/www.facebook.com\/fdpscarpathia\/\" \/>\n<meta property=\"article:published_time\" content=\"2024-09-10T08:50:55+00:00\" \/>\n<meta property=\"og:image\" content=\"https:\/\/carpathiacenter.ro\/wp-content\/uploads\/2024\/08\/ligia-deca-anunta-un-buget-record-pentru-educatie-si-formare-in-romania-prin-fonduri-ue-919788.jpg\" \/>\n\t<meta property=\"og:image:width\" content=\"970\" \/>\n\t<meta property=\"og:image:height\" content=\"565\" \/>\n\t<meta property=\"og:image:type\" content=\"image\/jpeg\" \/>\n<meta name=\"author\" content=\"creativebitsolutions\" \/>\n<meta name=\"twitter:card\" content=\"summary_large_image\" \/>\n<meta name=\"twitter:label1\" content=\"Written by\" \/>\n\t<meta name=\"twitter:data1\" content=\"creativebitsolutions\" \/>\n\t<meta name=\"twitter:label2\" content=\"Estimated reading time\" \/>\n\t<meta name=\"twitter:data2\" content=\"1 minute\" \/>\n<script type=\"application\/ld+json\" class=\"yoast-schema-graph\">{\"@context\":\"https:\/\/schema.org\",\"@graph\":[{\"@type\":\"Article\",\"@id\":\"https:\/\/carpathiacenter.ro\/ligia-deca-datoria-noastra-este-sa-imbunatatim-rezultatele-elevilor\/#article\",\"isPartOf\":{\"@id\":\"https:\/\/carpathiacenter.ro\/ligia-deca-datoria-noastra-este-sa-imbunatatim-rezultatele-elevilor\/\"},\"author\":{\"name\":\"creativebitsolutions\",\"@id\":\"https:\/\/carpathiacenter.ro\/#\/schema\/person\/03d9f58202fee8379268f34afa195006\"},\"headline\":\"Ligia Deca: Datoria noastr\u0103 este s\u0103 \u00eembun\u0103t\u0103\u0163im rezultatele elevilor\",\"datePublished\":\"2024-09-10T08:50:55+00:00\",\"mainEntityOfPage\":{\"@id\":\"https:\/\/carpathiacenter.ro\/ligia-deca-datoria-noastra-este-sa-imbunatatim-rezultatele-elevilor\/\"},\"wordCount\":306,\"commentCount\":0,\"publisher\":{\"@id\":\"https:\/\/carpathiacenter.ro\/#organization\"},\"image\":{\"@id\":\"https:\/\/carpathiacenter.ro\/ligia-deca-datoria-noastra-este-sa-imbunatatim-rezultatele-elevilor\/#primaryimage\"},\"thumbnailUrl\":\"https:\/\/carpathiacenter.ro\/wp-content\/uploads\/2024\/08\/ligia-deca-anunta-un-buget-record-pentru-educatie-si-formare-in-romania-prin-fonduri-ue-919788.jpg\",\"articleSection\":[\"Uncategorized\"],\"inLanguage\":\"en-GB\",\"potentialAction\":[{\"@type\":\"CommentAction\",\"name\":\"Comment\",\"target\":[\"https:\/\/carpathiacenter.ro\/ligia-deca-datoria-noastra-este-sa-imbunatatim-rezultatele-elevilor\/#respond\"]}]},{\"@type\":\"WebPage\",\"@id\":\"https:\/\/carpathiacenter.ro\/ligia-deca-datoria-noastra-este-sa-imbunatatim-rezultatele-elevilor\/\",\"url\":\"https:\/\/carpathiacenter.ro\/ligia-deca-datoria-noastra-este-sa-imbunatatim-rezultatele-elevilor\/\",\"name\":\"Ligia Deca: Datoria noastr\u0103 este s\u0103 \u00eembun\u0103t\u0103\u0163im rezultatele elevilor - Carpathia Center Romania\",\"isPartOf\":{\"@id\":\"https:\/\/carpathiacenter.ro\/#website\"},\"primaryImageOfPage\":{\"@id\":\"https:\/\/carpathiacenter.ro\/ligia-deca-datoria-noastra-este-sa-imbunatatim-rezultatele-elevilor\/#primaryimage\"},\"image\":{\"@id\":\"https:\/\/carpathiacenter.ro\/ligia-deca-datoria-noastra-este-sa-imbunatatim-rezultatele-elevilor\/#primaryimage\"},\"thumbnailUrl\":\"https:\/\/carpathiacenter.ro\/wp-content\/uploads\/2024\/08\/ligia-deca-anunta-un-buget-record-pentru-educatie-si-formare-in-romania-prin-fonduri-ue-919788.jpg\",\"datePublished\":\"2024-09-10T08:50:55+00:00\",\"breadcrumb\":{\"@id\":\"https:\/\/carpathiacenter.ro\/ligia-deca-datoria-noastra-este-sa-imbunatatim-rezultatele-elevilor\/#breadcrumb\"},\"inLanguage\":\"en-GB\",\"potentialAction\":[{\"@type\":\"ReadAction\",\"target\":[\"https:\/\/carpathiacenter.ro\/ligia-deca-datoria-noastra-este-sa-imbunatatim-rezultatele-elevilor\/\"]}]},{\"@type\":\"ImageObject\",\"inLanguage\":\"en-GB\",\"@id\":\"https:\/\/carpathiacenter.ro\/ligia-deca-datoria-noastra-este-sa-imbunatatim-rezultatele-elevilor\/#primaryimage\",\"url\":\"https:\/\/carpathiacenter.ro\/wp-content\/uploads\/2024\/08\/ligia-deca-anunta-un-buget-record-pentru-educatie-si-formare-in-romania-prin-fonduri-ue-919788.jpg\",\"contentUrl\":\"https:\/\/carpathiacenter.ro\/wp-content\/uploads\/2024\/08\/ligia-deca-anunta-un-buget-record-pentru-educatie-si-formare-in-romania-prin-fonduri-ue-919788.jpg\",\"width\":970,\"height\":565},{\"@type\":\"BreadcrumbList\",\"@id\":\"https:\/\/carpathiacenter.ro\/ligia-deca-datoria-noastra-este-sa-imbunatatim-rezultatele-elevilor\/#breadcrumb\",\"itemListElement\":[{\"@type\":\"ListItem\",\"position\":1,\"name\":\"Prima pagin\u0103\",\"item\":\"https:\/\/carpathiacenter.ro\/\"},{\"@type\":\"ListItem\",\"position\":2,\"name\":\"Ligia Deca: Datoria noastr\u0103 este s\u0103 \u00eembun\u0103t\u0103\u0163im rezultatele elevilor\"}]},{\"@type\":\"WebSite\",\"@id\":\"https:\/\/carpathiacenter.ro\/#website\",\"url\":\"https:\/\/carpathiacenter.ro\/\",\"name\":\"Carpathia Center Romania\",\"description\":\"Impossible made possible!\",\"publisher\":{\"@id\":\"https:\/\/carpathiacenter.ro\/#organization\"},\"potentialAction\":[{\"@type\":\"SearchAction\",\"target\":{\"@type\":\"EntryPoint\",\"urlTemplate\":\"https:\/\/carpathiacenter.ro\/?s={search_term_string}\"},\"query-input\":{\"@type\":\"PropertyValueSpecification\",\"valueRequired\":true,\"valueName\":\"search_term_string\"}}],\"inLanguage\":\"en-GB\"},{\"@type\":\"Organization\",\"@id\":\"https:\/\/carpathiacenter.ro\/#organization\",\"name\":\"Carpathia Center Romania\",\"url\":\"https:\/\/carpathiacenter.ro\/\",\"logo\":{\"@type\":\"ImageObject\",\"inLanguage\":\"en-GB\",\"@id\":\"https:\/\/carpathiacenter.ro\/#\/schema\/logo\/image\/\",\"url\":\"https:\/\/carpathiacenter.ro\/wp-content\/uploads\/2024\/07\/logo-carpathia_bg_white-1024x941.png\",\"contentUrl\":\"https:\/\/carpathiacenter.ro\/wp-content\/uploads\/2024\/07\/logo-carpathia_bg_white-1024x941.png\",\"width\":1024,\"height\":941,\"caption\":\"Carpathia Center Romania\"},\"image\":{\"@id\":\"https:\/\/carpathiacenter.ro\/#\/schema\/logo\/image\/\"},\"sameAs\":[\"https:\/\/www.facebook.com\/fdpscarpathia\/\"]},{\"@type\":\"Person\",\"@id\":\"https:\/\/carpathiacenter.ro\/#\/schema\/person\/03d9f58202fee8379268f34afa195006\",\"name\":\"creativebitsolutions\",\"image\":{\"@type\":\"ImageObject\",\"inLanguage\":\"en-GB\",\"@id\":\"https:\/\/carpathiacenter.ro\/#\/schema\/person\/image\/\",\"url\":\"https:\/\/secure.gravatar.com\/avatar\/1b1a13e37f847c635dab78348f1dff2f07651ee2a3d77a5c355a4b8c75f9165a?s=96&d=mm&r=g\",\"contentUrl\":\"https:\/\/secure.gravatar.com\/avatar\/1b1a13e37f847c635dab78348f1dff2f07651ee2a3d77a5c355a4b8c75f9165a?s=96&d=mm&r=g\",\"caption\":\"creativebitsolutions\"},\"url\":\"https:\/\/carpathiacenter.ro\/en\/author\/creativebitsolutions\/\"}]}<\/script>\n<!-- \/ Yoast SEO plugin. -->","yoast_head_json":{"title":"Ligia Deca: Datoria noastr\u0103 este s\u0103 \u00eembun\u0103t\u0103\u0163im rezultatele elevilor - Carpathia Center Romania","robots":{"index":"index","follow":"follow","max-snippet":"max-snippet:-1","max-image-preview":"max-image-preview:large","max-video-preview":"max-video-preview:-1"},"canonical":"https:\/\/carpathiacenter.ro\/en\/ligia-deca-datoria-noastra-este-sa-imbunatatim-rezultatele-elevilor\/","og_locale":"en_GB","og_type":"article","og_title":"Ligia Deca: Datoria noastr\u0103 este s\u0103 \u00eembun\u0103t\u0103\u0163im rezultatele elevilor - Carpathia Center Romania","og_description":"Profesorii au rolul esen\u0163ial de a le fi repere copiilor \u00een drumul lor spre cunoa\u015ftere, a afirmat luni ministrul Educa\u0163iei, Ligia Deca, \u015fi a sus\u0163inut c\u0103 investi\u0163iile, dot\u0103rile, salariile mai mari \u015fi legile noi ale educa\u0163iei sunt m\u0103suri care \u00ee\u015fi vor vedea impactul \u00een timp. Ministrul Educa\u0163iei, Ligia Deca, \u015fi primarul Sectorului 6, Ciprian Ciucu,...","og_url":"https:\/\/carpathiacenter.ro\/en\/ligia-deca-datoria-noastra-este-sa-imbunatatim-rezultatele-elevilor\/","og_site_name":"Carpathia Center Romania","article_publisher":"https:\/\/www.facebook.com\/fdpscarpathia\/","article_published_time":"2024-09-10T08:50:55+00:00","og_image":[{"width":970,"height":565,"url":"https:\/\/carpathiacenter.ro\/wp-content\/uploads\/2024\/08\/ligia-deca-anunta-un-buget-record-pentru-educatie-si-formare-in-romania-prin-fonduri-ue-919788.jpg","type":"image\/jpeg"}],"author":"creativebitsolutions","twitter_card":"summary_large_image","twitter_misc":{"Written by":"creativebitsolutions","Estimated reading time":"1 minute"},"schema":{"@context":"https:\/\/schema.org","@graph":[{"@type":"Article","@id":"https:\/\/carpathiacenter.ro\/ligia-deca-datoria-noastra-este-sa-imbunatatim-rezultatele-elevilor\/#article","isPartOf":{"@id":"https:\/\/carpathiacenter.ro\/ligia-deca-datoria-noastra-este-sa-imbunatatim-rezultatele-elevilor\/"},"author":{"name":"creativebitsolutions","@id":"https:\/\/carpathiacenter.ro\/#\/schema\/person\/03d9f58202fee8379268f34afa195006"},"headline":"Ligia Deca: Datoria noastr\u0103 este s\u0103 \u00eembun\u0103t\u0103\u0163im rezultatele elevilor","datePublished":"2024-09-10T08:50:55+00:00","mainEntityOfPage":{"@id":"https:\/\/carpathiacenter.ro\/ligia-deca-datoria-noastra-este-sa-imbunatatim-rezultatele-elevilor\/"},"wordCount":306,"commentCount":0,"publisher":{"@id":"https:\/\/carpathiacenter.ro\/#organization"},"image":{"@id":"https:\/\/carpathiacenter.ro\/ligia-deca-datoria-noastra-este-sa-imbunatatim-rezultatele-elevilor\/#primaryimage"},"thumbnailUrl":"https:\/\/carpathiacenter.ro\/wp-content\/uploads\/2024\/08\/ligia-deca-anunta-un-buget-record-pentru-educatie-si-formare-in-romania-prin-fonduri-ue-919788.jpg","articleSection":["Uncategorized"],"inLanguage":"en-GB","potentialAction":[{"@type":"CommentAction","name":"Comment","target":["https:\/\/carpathiacenter.ro\/ligia-deca-datoria-noastra-este-sa-imbunatatim-rezultatele-elevilor\/#respond"]}]},{"@type":"WebPage","@id":"https:\/\/carpathiacenter.ro\/ligia-deca-datoria-noastra-este-sa-imbunatatim-rezultatele-elevilor\/","url":"https:\/\/carpathiacenter.ro\/ligia-deca-datoria-noastra-este-sa-imbunatatim-rezultatele-elevilor\/","name":"Ligia Deca: Datoria noastr\u0103 este s\u0103 \u00eembun\u0103t\u0103\u0163im rezultatele elevilor - Carpathia Center Romania","isPartOf":{"@id":"https:\/\/carpathiacenter.ro\/#website"},"primaryImageOfPage":{"@id":"https:\/\/carpathiacenter.ro\/ligia-deca-datoria-noastra-este-sa-imbunatatim-rezultatele-elevilor\/#primaryimage"},"image":{"@id":"https:\/\/carpathiacenter.ro\/ligia-deca-datoria-noastra-este-sa-imbunatatim-rezultatele-elevilor\/#primaryimage"},"thumbnailUrl":"https:\/\/carpathiacenter.ro\/wp-content\/uploads\/2024\/08\/ligia-deca-anunta-un-buget-record-pentru-educatie-si-formare-in-romania-prin-fonduri-ue-919788.jpg","datePublished":"2024-09-10T08:50:55+00:00","breadcrumb":{"@id":"https:\/\/carpathiacenter.ro\/ligia-deca-datoria-noastra-este-sa-imbunatatim-rezultatele-elevilor\/#breadcrumb"},"inLanguage":"en-GB","potentialAction":[{"@type":"ReadAction","target":["https:\/\/carpathiacenter.ro\/ligia-deca-datoria-noastra-este-sa-imbunatatim-rezultatele-elevilor\/"]}]},{"@type":"ImageObject","inLanguage":"en-GB","@id":"https:\/\/carpathiacenter.ro\/ligia-deca-datoria-noastra-este-sa-imbunatatim-rezultatele-elevilor\/#primaryimage","url":"https:\/\/carpathiacenter.ro\/wp-content\/uploads\/2024\/08\/ligia-deca-anunta-un-buget-record-pentru-educatie-si-formare-in-romania-prin-fonduri-ue-919788.jpg","contentUrl":"https:\/\/carpathiacenter.ro\/wp-content\/uploads\/2024\/08\/ligia-deca-anunta-un-buget-record-pentru-educatie-si-formare-in-romania-prin-fonduri-ue-919788.jpg","width":970,"height":565},{"@type":"BreadcrumbList","@id":"https:\/\/carpathiacenter.ro\/ligia-deca-datoria-noastra-este-sa-imbunatatim-rezultatele-elevilor\/#breadcrumb","itemListElement":[{"@type":"ListItem","position":1,"name":"Prima pagin\u0103","item":"https:\/\/carpathiacenter.ro\/"},{"@type":"ListItem","position":2,"name":"Ligia Deca: Datoria noastr\u0103 este s\u0103 \u00eembun\u0103t\u0103\u0163im rezultatele elevilor"}]},{"@type":"WebSite","@id":"https:\/\/carpathiacenter.ro\/#website","url":"https:\/\/carpathiacenter.ro\/","name":"Carpathia Center Romania","description":"Impossible made possible!","publisher":{"@id":"https:\/\/carpathiacenter.ro\/#organization"},"potentialAction":[{"@type":"SearchAction","target":{"@type":"EntryPoint","urlTemplate":"https:\/\/carpathiacenter.ro\/?s={search_term_string}"},"query-input":{"@type":"PropertyValueSpecification","valueRequired":true,"valueName":"search_term_string"}}],"inLanguage":"en-GB"},{"@type":"Organization","@id":"https:\/\/carpathiacenter.ro\/#organization","name":"Carpathia Center Romania","url":"https:\/\/carpathiacenter.ro\/","logo":{"@type":"ImageObject","inLanguage":"en-GB","@id":"https:\/\/carpathiacenter.ro\/#\/schema\/logo\/image\/","url":"https:\/\/carpathiacenter.ro\/wp-content\/uploads\/2024\/07\/logo-carpathia_bg_white-1024x941.png","contentUrl":"https:\/\/carpathiacenter.ro\/wp-content\/uploads\/2024\/07\/logo-carpathia_bg_white-1024x941.png","width":1024,"height":941,"caption":"Carpathia Center Romania"},"image":{"@id":"https:\/\/carpathiacenter.ro\/#\/schema\/logo\/image\/"},"sameAs":["https:\/\/www.facebook.com\/fdpscarpathia\/"]},{"@type":"Person","@id":"https:\/\/carpathiacenter.ro\/#\/schema\/person\/03d9f58202fee8379268f34afa195006","name":"creativebitsolutions","image":{"@type":"ImageObject","inLanguage":"en-GB","@id":"https:\/\/carpathiacenter.ro\/#\/schema\/person\/image\/","url":"https:\/\/secure.gravatar.com\/avatar\/1b1a13e37f847c635dab78348f1dff2f07651ee2a3d77a5c355a4b8c75f9165a?s=96&d=mm&r=g","contentUrl":"https:\/\/secure.gravatar.com\/avatar\/1b1a13e37f847c635dab78348f1dff2f07651ee2a3d77a5c355a4b8c75f9165a?s=96&d=mm&r=g","caption":"creativebitsolutions"},"url":"https:\/\/carpathiacenter.ro\/en\/author\/creativebitsolutions\/"}]}},"_links":{"self":[{"href":"https:\/\/carpathiacenter.ro\/en\/wp-json\/wp\/v2\/posts\/1231","targetHints":{"allow":["GET"]}}],"collection":[{"href":"https:\/\/carpathiacenter.ro\/en\/wp-json\/wp\/v2\/posts"}],"about":[{"href":"https:\/\/carpathiacenter.ro\/en\/wp-json\/wp\/v2\/types\/post"}],"author":[{"embeddable":true,"href":"https:\/\/carpathiacenter.ro\/en\/wp-json\/wp\/v2\/users\/4"}],"replies":[{"embeddable":true,"href":"https:\/\/carpathiacenter.ro\/en\/wp-json\/wp\/v2\/comments?post=1231"}],"version-history":[{"count":1,"href":"https:\/\/carpathiacenter.ro\/en\/wp-json\/wp\/v2\/posts\/1231\/revisions"}],"predecessor-version":[{"id":1232,"href":"https:\/\/carpathiacenter.ro\/en\/wp-json\/wp\/v2\/posts\/1231\/revisions\/1232"}],"wp:featuredmedia":[{"embeddable":true,"href":"https:\/\/carpathiacenter.ro\/en\/wp-json\/wp\/v2\/media\/1146"}],"wp:attachment":[{"href":"https:\/\/carpathiacenter.ro\/en\/wp-json\/wp\/v2\/media?parent=1231"}],"wp:term":[{"taxonomy":"category","embeddable":true,"href":"https:\/\/carpathiacenter.ro\/en\/wp-json\/wp\/v2\/categories?post=1231"},{"taxonomy":"post_tag","embeddable":true,"href":"https:\/\/carpathiacenter.ro\/en\/wp-json\/wp\/v2\/tags?post=1231"}],"curies":[{"name":"wp","href":"https:\/\/api.w.org\/{rel}","templated":true}]}}