{"id":1223,"date":"2024-09-09T09:34:50","date_gmt":"2024-09-09T09:34:50","guid":{"rendered":"https:\/\/carpathiacenter.ro\/?p=1223"},"modified":"2024-09-09T09:34:50","modified_gmt":"2024-09-09T09:34:50","slug":"iohannis-scolile-trebuie-sa-fie-absolut-sigure-pentru-elevi-cadre-didactice-si-restul-personalului","status":"publish","type":"post","link":"https:\/\/carpathiacenter.ro\/en\/iohannis-scolile-trebuie-sa-fie-absolut-sigure-pentru-elevi-cadre-didactice-si-restul-personalului\/","title":{"rendered":"Iohannis: \u015ecolile trebuie s\u0103 fie absolut sigure pentru elevi, cadre didactice \u015fi restul personalului"},"content":{"rendered":"<div class=\"tdb-block-inner td-fix-index\">\n<p><strong>\u015ecolile trebuie s\u0103 fie absolut sigure pentru elevi, cadre didactice \u015fi restul personalului din \u00eenv\u0103\u0163\u0103m\u00e2nt, a declarat, luni, pre\u015fedintele Klaus Iohannis, la ceremonia deschiderii noului an \u015fcolar de la Colegiul \u201cMihai Viteazul\u201d din Capital\u0103.<\/strong><\/p>\n<p><img fetchpriority=\"high\" decoding=\"async\" src=\"https:\/\/carpathiacenter.ro\/wp-content\/uploads\/2024\/09\/Dr.-Beatrice-Mahler-300x169.jpg\" alt=\"\" width=\"300\" height=\"169\" class=\"alignnone size-medium wp-image-1224\" srcset=\"https:\/\/carpathiacenter.ro\/wp-content\/uploads\/2024\/09\/Dr.-Beatrice-Mahler-300x169.jpg 300w, https:\/\/carpathiacenter.ro\/wp-content\/uploads\/2024\/09\/Dr.-Beatrice-Mahler-18x10.jpg 18w, https:\/\/carpathiacenter.ro\/wp-content\/uploads\/2024\/09\/Dr.-Beatrice-Mahler-600x338.jpg 600w, https:\/\/carpathiacenter.ro\/wp-content\/uploads\/2024\/09\/Dr.-Beatrice-Mahler.jpg 960w\" sizes=\"(max-width: 300px) 100vw, 300px\" \/><\/p>\n<p><img decoding=\"async\" src=\"https:\/\/carpathiacenter.ro\/wp-content\/uploads\/2024\/09\/Colegiul-Mihai-Viteazul-300x137.jpg\" alt=\"\" width=\"300\" height=\"137\" class=\"alignnone size-medium wp-image-1225\" srcset=\"https:\/\/carpathiacenter.ro\/wp-content\/uploads\/2024\/09\/Colegiul-Mihai-Viteazul-300x137.jpg 300w, https:\/\/carpathiacenter.ro\/wp-content\/uploads\/2024\/09\/Colegiul-Mihai-Viteazul-18x8.jpg 18w, https:\/\/carpathiacenter.ro\/wp-content\/uploads\/2024\/09\/Colegiul-Mihai-Viteazul-600x274.jpg 600w, https:\/\/carpathiacenter.ro\/wp-content\/uploads\/2024\/09\/Colegiul-Mihai-Viteazul.jpg 876w\" sizes=\"(max-width: 300px) 100vw, 300px\" \/><\/p>\n<p>\u015eeful statului a fost prezent la eveniment al\u0103turi de ministrul Educa\u0163iei, Ligia Deca.<\/p>\n<p>Iohannis a subliniat c\u0103 unul dintre obiectivele prioritare ale proiectului \u201cRom\u00e2nia Educat\u0103\u201d, transpus \u00een legile educa\u0163iei din 2023, a fost crearea unui mediu \u015fcolar \u015fi universitar care s\u0103 fie nu doar propice dezvolt\u0103rii educa\u0163ionale, ci \u015fi un spa\u0163iu \u00een care to\u0163i cei implica\u0163i s\u0103 se simt\u0103 proteja\u0163i \u015fi respecta\u0163i.<\/p>\n<p>El a sus\u0163inut c\u0103 reu\u015fita elevilor depinde de o bun\u0103 colaborare \u015fi comunicare \u00eentre familie \u015fi \u015fcoal\u0103, dar \u015fi de sprijinul moral pe care copiii \u00eel primesc din partea p\u0103rin\u0163ilor.<\/p>\n<p>\u201cTrebuie s\u0103 accept\u0103m c\u0103 rolul educa\u0163iei \u00een destinul unui elev s-a transformat radical, la fel cum economia, industria sau societatea continu\u0103 s\u0103 treac\u0103 prin schimb\u0103ri profunde. Pentru a fi sustenabile, cre\u015fterea economic\u0103 \u015fi a bun\u0103st\u0103rii publice trebuie s\u0103 se bazeze pe cet\u0103\u0163eni capabili de decizii autonome, informate, uneori poate riscante\u201d, a afirmat \u015feful statului.<\/p>\n<p>Klaus Iohannis a sus\u0163inut c\u0103, \u00een ceea ce prive\u015fte infrastructura \u015fi dot\u0103rile \u015fcolare, \u201cavem fondurile necesare s\u0103 continu\u0103m modernizarea spa\u0163iilor de \u00eenv\u0103\u0163\u0103m\u00e2nt, inclusiv pentru dezvoltarea \u2018\u015fcolilor verzi&#8217;\u201d.<\/p>\n<p>El a ar\u0103tat c\u0103, \u00een acest sens, \u0163ara noastr\u0103 beneficiaz\u0103 de \u00eenc\u0103 2,2 miliarde de euro pentru educa\u0163ie \u015fi formare prin Programul Opera\u0163ional Educa\u0163ie \u015fi Ocupare, parte a Planului Na\u0163ional de Redresare \u015fi Rezilien\u0163\u0103.<\/p>\n<p>\u201cAici, \u00een inima Bucure\u015ftiului \u015fi din curtea unuia dintre cele mai prestigioase colegii din \u0163ar\u0103, este locul cel mai potrivit s\u0103 con\u015ftientiz\u0103m c\u0103, oric\u00e2t de spectaculos ar fi spa\u0163iul pe care \u00eel ofer\u0103, oric\u00e2t de moderne sunt dot\u0103rile sale, o \u015fcoal\u0103 este mult mai mult dec\u00e2t un simplu edificiu. Performan\u0163a \u015fcolar\u0103 se m\u0103soar\u0103 prin rezultatele elevilor \u00een competi\u0163iile \u015fcolare \u015fi extra\u015fcolare sau la examenele na\u0163ionale, dar \u015fi prin reu\u015fita personal\u0103 a fiec\u0103rui copil, prin modul \u00een care mediul \u015fcolar a contribuit la conturarea personalit\u0103\u0163ii sale\u201d, a punctat pre\u015fedintele.<\/p>\n<p>Klaus Iohannis a eviden\u0163iat c\u0103 educa\u0163ia nu este doar un proces formal, ci \u015fi un drum al autocunoa\u015fterii \u015fi al dezvolt\u0103rii personale.<\/p>\n<p>\u201cA\u015fa cum \u015ftim, rezultatele reformelor \u00een educa\u0163ie se v\u0103d \u00een timp, iar eu sunt convins c\u0103 acestea se vor vedea pe m\u0103sur\u0103 ce genera\u0163iile noi vor ajunge la momentul examenelor na\u0163ionale\u201d, a conchis \u015feful statului. AGERPRES\/(A \u2013 autor: Oana Ghi\u0163\u0103, editor: Mihai Simionescu, editor online: Gabriela Badea)<\/p>\n<p>Sursa: <a href=\"https:\/\/www.agerpres.ro\/politica\/2024\/09\/09\/video-iohannis-scolile-trebuie-sa-fie-absolut-sigure-pentru-elevi-cadre-didactice-si-restul-personalului--1351653\" target=\"_blank\" rel=\"noopener\" title=\"\">https:\/\/www.agerpres.ro\/politica\/2024\/09\/09\/video-iohannis-scolile-trebuie-sa-fie-absolut-sigure-pentru-elevi-cadre-didactice-si-restul-personalului\u20131351653<\/a><\/p>\n<\/div>","protected":false},"excerpt":{"rendered":"<p>\u015ecolile trebuie s\u0103 fie absolut sigure pentru elevi, cadre didactice \u015fi restul personalului din \u00eenv\u0103\u0163\u0103m\u00e2nt, a declarat, luni, pre\u015fedintele Klaus Iohannis, la ceremonia deschiderii noului an \u015fcolar de la Colegiul \u201cMihai Viteazul\u201d din Capital\u0103. \u015eeful statului a fost prezent la eveniment al\u0103turi de ministrul Educa\u0163iei, Ligia Deca. Iohannis a subliniat c\u0103 unul dintre obiectivele prioritare&#8230;<\/p>","protected":false},"author":4,"featured_media":1226,"comment_status":"open","ping_status":"open","sticky":false,"template":"","format":"standard","meta":{"footnotes":""},"categories":[1],"tags":[],"class_list":["post-1223","post","type-post","status-publish","format-standard","has-post-thumbnail","hentry","category-uncategorized"],"yoast_head":"<!-- This site is optimized with the Yoast SEO plugin v26.1.1 - https:\/\/yoast.com\/wordpress\/plugins\/seo\/ -->\n<title>Iohannis: \u015ecolile trebuie s\u0103 fie absolut sigure pentru elevi, cadre didactice \u015fi restul personalului - Carpathia Center Romania<\/title>\n<meta name=\"robots\" content=\"index, follow, max-snippet:-1, max-image-preview:large, max-video-preview:-1\" \/>\n<link rel=\"canonical\" href=\"https:\/\/carpathiacenter.ro\/en\/iohannis-scolile-trebuie-sa-fie-absolut-sigure-pentru-elevi-cadre-didactice-si-restul-personalului\/\" \/>\n<meta property=\"og:locale\" content=\"en_GB\" \/>\n<meta property=\"og:type\" content=\"article\" \/>\n<meta property=\"og:title\" content=\"Iohannis: \u015ecolile trebuie s\u0103 fie absolut sigure pentru elevi, cadre didactice \u015fi restul personalului - Carpathia Center Romania\" \/>\n<meta property=\"og:description\" content=\"\u015ecolile trebuie s\u0103 fie absolut sigure pentru elevi, cadre didactice \u015fi restul personalului din \u00eenv\u0103\u0163\u0103m\u00e2nt, a declarat, luni, pre\u015fedintele Klaus Iohannis, la ceremonia deschiderii noului an \u015fcolar de la Colegiul \u201cMihai Viteazul\u201d din Capital\u0103. \u015eeful statului a fost prezent la eveniment al\u0103turi de ministrul Educa\u0163iei, Ligia Deca. Iohannis a subliniat c\u0103 unul dintre obiectivele prioritare...\" \/>\n<meta property=\"og:url\" content=\"https:\/\/carpathiacenter.ro\/en\/iohannis-scolile-trebuie-sa-fie-absolut-sigure-pentru-elevi-cadre-didactice-si-restul-personalului\/\" \/>\n<meta property=\"og:site_name\" content=\"Carpathia Center Romania\" \/>\n<meta property=\"article:publisher\" content=\"https:\/\/www.facebook.com\/fdpscarpathia\/\" \/>\n<meta property=\"article:published_time\" content=\"2024-09-09T09:34:50+00:00\" \/>\n<meta property=\"og:image\" content=\"https:\/\/carpathiacenter.ro\/wp-content\/uploads\/2024\/09\/Iohannis-la-deschidera-anului-scolar.jpg\" \/>\n\t<meta property=\"og:image:width\" content=\"1920\" \/>\n\t<meta property=\"og:image:height\" content=\"1080\" \/>\n\t<meta property=\"og:image:type\" content=\"image\/jpeg\" \/>\n<meta name=\"author\" content=\"creativebitsolutions\" \/>\n<meta name=\"twitter:card\" content=\"summary_large_image\" \/>\n<meta name=\"twitter:label1\" content=\"Written by\" \/>\n\t<meta name=\"twitter:data1\" content=\"creativebitsolutions\" \/>\n\t<meta name=\"twitter:label2\" content=\"Estimated reading time\" \/>\n\t<meta name=\"twitter:data2\" content=\"2 minutes\" \/>\n<script type=\"application\/ld+json\" class=\"yoast-schema-graph\">{\"@context\":\"https:\/\/schema.org\",\"@graph\":[{\"@type\":\"Article\",\"@id\":\"https:\/\/carpathiacenter.ro\/iohannis-scolile-trebuie-sa-fie-absolut-sigure-pentru-elevi-cadre-didactice-si-restul-personalului\/#article\",\"isPartOf\":{\"@id\":\"https:\/\/carpathiacenter.ro\/iohannis-scolile-trebuie-sa-fie-absolut-sigure-pentru-elevi-cadre-didactice-si-restul-personalului\/\"},\"author\":{\"name\":\"creativebitsolutions\",\"@id\":\"https:\/\/carpathiacenter.ro\/#\/schema\/person\/03d9f58202fee8379268f34afa195006\"},\"headline\":\"Iohannis: \u015ecolile trebuie s\u0103 fie absolut sigure pentru elevi, cadre didactice \u015fi restul personalului\",\"datePublished\":\"2024-09-09T09:34:50+00:00\",\"mainEntityOfPage\":{\"@id\":\"https:\/\/carpathiacenter.ro\/iohannis-scolile-trebuie-sa-fie-absolut-sigure-pentru-elevi-cadre-didactice-si-restul-personalului\/\"},\"wordCount\":481,\"commentCount\":0,\"publisher\":{\"@id\":\"https:\/\/carpathiacenter.ro\/#organization\"},\"image\":{\"@id\":\"https:\/\/carpathiacenter.ro\/iohannis-scolile-trebuie-sa-fie-absolut-sigure-pentru-elevi-cadre-didactice-si-restul-personalului\/#primaryimage\"},\"thumbnailUrl\":\"https:\/\/carpathiacenter.ro\/wp-content\/uploads\/2024\/09\/Iohannis-la-deschidera-anului-scolar.jpg\",\"articleSection\":[\"Uncategorized\"],\"inLanguage\":\"en-GB\",\"potentialAction\":[{\"@type\":\"CommentAction\",\"name\":\"Comment\",\"target\":[\"https:\/\/carpathiacenter.ro\/iohannis-scolile-trebuie-sa-fie-absolut-sigure-pentru-elevi-cadre-didactice-si-restul-personalului\/#respond\"]}]},{\"@type\":\"WebPage\",\"@id\":\"https:\/\/carpathiacenter.ro\/iohannis-scolile-trebuie-sa-fie-absolut-sigure-pentru-elevi-cadre-didactice-si-restul-personalului\/\",\"url\":\"https:\/\/carpathiacenter.ro\/iohannis-scolile-trebuie-sa-fie-absolut-sigure-pentru-elevi-cadre-didactice-si-restul-personalului\/\",\"name\":\"Iohannis: \u015ecolile trebuie s\u0103 fie absolut sigure pentru elevi, cadre didactice \u015fi restul personalului - Carpathia Center Romania\",\"isPartOf\":{\"@id\":\"https:\/\/carpathiacenter.ro\/#website\"},\"primaryImageOfPage\":{\"@id\":\"https:\/\/carpathiacenter.ro\/iohannis-scolile-trebuie-sa-fie-absolut-sigure-pentru-elevi-cadre-didactice-si-restul-personalului\/#primaryimage\"},\"image\":{\"@id\":\"https:\/\/carpathiacenter.ro\/iohannis-scolile-trebuie-sa-fie-absolut-sigure-pentru-elevi-cadre-didactice-si-restul-personalului\/#primaryimage\"},\"thumbnailUrl\":\"https:\/\/carpathiacenter.ro\/wp-content\/uploads\/2024\/09\/Iohannis-la-deschidera-anului-scolar.jpg\",\"datePublished\":\"2024-09-09T09:34:50+00:00\",\"breadcrumb\":{\"@id\":\"https:\/\/carpathiacenter.ro\/iohannis-scolile-trebuie-sa-fie-absolut-sigure-pentru-elevi-cadre-didactice-si-restul-personalului\/#breadcrumb\"},\"inLanguage\":\"en-GB\",\"potentialAction\":[{\"@type\":\"ReadAction\",\"target\":[\"https:\/\/carpathiacenter.ro\/iohannis-scolile-trebuie-sa-fie-absolut-sigure-pentru-elevi-cadre-didactice-si-restul-personalului\/\"]}]},{\"@type\":\"ImageObject\",\"inLanguage\":\"en-GB\",\"@id\":\"https:\/\/carpathiacenter.ro\/iohannis-scolile-trebuie-sa-fie-absolut-sigure-pentru-elevi-cadre-didactice-si-restul-personalului\/#primaryimage\",\"url\":\"https:\/\/carpathiacenter.ro\/wp-content\/uploads\/2024\/09\/Iohannis-la-deschidera-anului-scolar.jpg\",\"contentUrl\":\"https:\/\/carpathiacenter.ro\/wp-content\/uploads\/2024\/09\/Iohannis-la-deschidera-anului-scolar.jpg\",\"width\":1920,\"height\":1080},{\"@type\":\"BreadcrumbList\",\"@id\":\"https:\/\/carpathiacenter.ro\/iohannis-scolile-trebuie-sa-fie-absolut-sigure-pentru-elevi-cadre-didactice-si-restul-personalului\/#breadcrumb\",\"itemListElement\":[{\"@type\":\"ListItem\",\"position\":1,\"name\":\"Prima pagin\u0103\",\"item\":\"https:\/\/carpathiacenter.ro\/\"},{\"@type\":\"ListItem\",\"position\":2,\"name\":\"Iohannis: \u015ecolile trebuie s\u0103 fie absolut sigure pentru elevi, cadre didactice \u015fi restul personalului\"}]},{\"@type\":\"WebSite\",\"@id\":\"https:\/\/carpathiacenter.ro\/#website\",\"url\":\"https:\/\/carpathiacenter.ro\/\",\"name\":\"Carpathia Center Romania\",\"description\":\"Impossible made possible!\",\"publisher\":{\"@id\":\"https:\/\/carpathiacenter.ro\/#organization\"},\"potentialAction\":[{\"@type\":\"SearchAction\",\"target\":{\"@type\":\"EntryPoint\",\"urlTemplate\":\"https:\/\/carpathiacenter.ro\/?s={search_term_string}\"},\"query-input\":{\"@type\":\"PropertyValueSpecification\",\"valueRequired\":true,\"valueName\":\"search_term_string\"}}],\"inLanguage\":\"en-GB\"},{\"@type\":\"Organization\",\"@id\":\"https:\/\/carpathiacenter.ro\/#organization\",\"name\":\"Carpathia Center Romania\",\"url\":\"https:\/\/carpathiacenter.ro\/\",\"logo\":{\"@type\":\"ImageObject\",\"inLanguage\":\"en-GB\",\"@id\":\"https:\/\/carpathiacenter.ro\/#\/schema\/logo\/image\/\",\"url\":\"https:\/\/carpathiacenter.ro\/wp-content\/uploads\/2024\/07\/logo-carpathia_bg_white-1024x941.png\",\"contentUrl\":\"https:\/\/carpathiacenter.ro\/wp-content\/uploads\/2024\/07\/logo-carpathia_bg_white-1024x941.png\",\"width\":1024,\"height\":941,\"caption\":\"Carpathia Center Romania\"},\"image\":{\"@id\":\"https:\/\/carpathiacenter.ro\/#\/schema\/logo\/image\/\"},\"sameAs\":[\"https:\/\/www.facebook.com\/fdpscarpathia\/\"]},{\"@type\":\"Person\",\"@id\":\"https:\/\/carpathiacenter.ro\/#\/schema\/person\/03d9f58202fee8379268f34afa195006\",\"name\":\"creativebitsolutions\",\"image\":{\"@type\":\"ImageObject\",\"inLanguage\":\"en-GB\",\"@id\":\"https:\/\/carpathiacenter.ro\/#\/schema\/person\/image\/\",\"url\":\"https:\/\/secure.gravatar.com\/avatar\/1b1a13e37f847c635dab78348f1dff2f07651ee2a3d77a5c355a4b8c75f9165a?s=96&d=mm&r=g\",\"contentUrl\":\"https:\/\/secure.gravatar.com\/avatar\/1b1a13e37f847c635dab78348f1dff2f07651ee2a3d77a5c355a4b8c75f9165a?s=96&d=mm&r=g\",\"caption\":\"creativebitsolutions\"},\"url\":\"https:\/\/carpathiacenter.ro\/en\/author\/creativebitsolutions\/\"}]}<\/script>\n<!-- \/ Yoast SEO plugin. -->","yoast_head_json":{"title":"Iohannis: \u015ecolile trebuie s\u0103 fie absolut sigure pentru elevi, cadre didactice \u015fi restul personalului - Carpathia Center Romania","robots":{"index":"index","follow":"follow","max-snippet":"max-snippet:-1","max-image-preview":"max-image-preview:large","max-video-preview":"max-video-preview:-1"},"canonical":"https:\/\/carpathiacenter.ro\/en\/iohannis-scolile-trebuie-sa-fie-absolut-sigure-pentru-elevi-cadre-didactice-si-restul-personalului\/","og_locale":"en_GB","og_type":"article","og_title":"Iohannis: \u015ecolile trebuie s\u0103 fie absolut sigure pentru elevi, cadre didactice \u015fi restul personalului - Carpathia Center Romania","og_description":"\u015ecolile trebuie s\u0103 fie absolut sigure pentru elevi, cadre didactice \u015fi restul personalului din \u00eenv\u0103\u0163\u0103m\u00e2nt, a declarat, luni, pre\u015fedintele Klaus Iohannis, la ceremonia deschiderii noului an \u015fcolar de la Colegiul \u201cMihai Viteazul\u201d din Capital\u0103. \u015eeful statului a fost prezent la eveniment al\u0103turi de ministrul Educa\u0163iei, Ligia Deca. Iohannis a subliniat c\u0103 unul dintre obiectivele prioritare...","og_url":"https:\/\/carpathiacenter.ro\/en\/iohannis-scolile-trebuie-sa-fie-absolut-sigure-pentru-elevi-cadre-didactice-si-restul-personalului\/","og_site_name":"Carpathia Center Romania","article_publisher":"https:\/\/www.facebook.com\/fdpscarpathia\/","article_published_time":"2024-09-09T09:34:50+00:00","og_image":[{"width":1920,"height":1080,"url":"https:\/\/carpathiacenter.ro\/wp-content\/uploads\/2024\/09\/Iohannis-la-deschidera-anului-scolar.jpg","type":"image\/jpeg"}],"author":"creativebitsolutions","twitter_card":"summary_large_image","twitter_misc":{"Written by":"creativebitsolutions","Estimated reading time":"2 minutes"},"schema":{"@context":"https:\/\/schema.org","@graph":[{"@type":"Article","@id":"https:\/\/carpathiacenter.ro\/iohannis-scolile-trebuie-sa-fie-absolut-sigure-pentru-elevi-cadre-didactice-si-restul-personalului\/#article","isPartOf":{"@id":"https:\/\/carpathiacenter.ro\/iohannis-scolile-trebuie-sa-fie-absolut-sigure-pentru-elevi-cadre-didactice-si-restul-personalului\/"},"author":{"name":"creativebitsolutions","@id":"https:\/\/carpathiacenter.ro\/#\/schema\/person\/03d9f58202fee8379268f34afa195006"},"headline":"Iohannis: \u015ecolile trebuie s\u0103 fie absolut sigure pentru elevi, cadre didactice \u015fi restul personalului","datePublished":"2024-09-09T09:34:50+00:00","mainEntityOfPage":{"@id":"https:\/\/carpathiacenter.ro\/iohannis-scolile-trebuie-sa-fie-absolut-sigure-pentru-elevi-cadre-didactice-si-restul-personalului\/"},"wordCount":481,"commentCount":0,"publisher":{"@id":"https:\/\/carpathiacenter.ro\/#organization"},"image":{"@id":"https:\/\/carpathiacenter.ro\/iohannis-scolile-trebuie-sa-fie-absolut-sigure-pentru-elevi-cadre-didactice-si-restul-personalului\/#primaryimage"},"thumbnailUrl":"https:\/\/carpathiacenter.ro\/wp-content\/uploads\/2024\/09\/Iohannis-la-deschidera-anului-scolar.jpg","articleSection":["Uncategorized"],"inLanguage":"en-GB","potentialAction":[{"@type":"CommentAction","name":"Comment","target":["https:\/\/carpathiacenter.ro\/iohannis-scolile-trebuie-sa-fie-absolut-sigure-pentru-elevi-cadre-didactice-si-restul-personalului\/#respond"]}]},{"@type":"WebPage","@id":"https:\/\/carpathiacenter.ro\/iohannis-scolile-trebuie-sa-fie-absolut-sigure-pentru-elevi-cadre-didactice-si-restul-personalului\/","url":"https:\/\/carpathiacenter.ro\/iohannis-scolile-trebuie-sa-fie-absolut-sigure-pentru-elevi-cadre-didactice-si-restul-personalului\/","name":"Iohannis: \u015ecolile trebuie s\u0103 fie absolut sigure pentru elevi, cadre didactice \u015fi restul personalului - Carpathia Center Romania","isPartOf":{"@id":"https:\/\/carpathiacenter.ro\/#website"},"primaryImageOfPage":{"@id":"https:\/\/carpathiacenter.ro\/iohannis-scolile-trebuie-sa-fie-absolut-sigure-pentru-elevi-cadre-didactice-si-restul-personalului\/#primaryimage"},"image":{"@id":"https:\/\/carpathiacenter.ro\/iohannis-scolile-trebuie-sa-fie-absolut-sigure-pentru-elevi-cadre-didactice-si-restul-personalului\/#primaryimage"},"thumbnailUrl":"https:\/\/carpathiacenter.ro\/wp-content\/uploads\/2024\/09\/Iohannis-la-deschidera-anului-scolar.jpg","datePublished":"2024-09-09T09:34:50+00:00","breadcrumb":{"@id":"https:\/\/carpathiacenter.ro\/iohannis-scolile-trebuie-sa-fie-absolut-sigure-pentru-elevi-cadre-didactice-si-restul-personalului\/#breadcrumb"},"inLanguage":"en-GB","potentialAction":[{"@type":"ReadAction","target":["https:\/\/carpathiacenter.ro\/iohannis-scolile-trebuie-sa-fie-absolut-sigure-pentru-elevi-cadre-didactice-si-restul-personalului\/"]}]},{"@type":"ImageObject","inLanguage":"en-GB","@id":"https:\/\/carpathiacenter.ro\/iohannis-scolile-trebuie-sa-fie-absolut-sigure-pentru-elevi-cadre-didactice-si-restul-personalului\/#primaryimage","url":"https:\/\/carpathiacenter.ro\/wp-content\/uploads\/2024\/09\/Iohannis-la-deschidera-anului-scolar.jpg","contentUrl":"https:\/\/carpathiacenter.ro\/wp-content\/uploads\/2024\/09\/Iohannis-la-deschidera-anului-scolar.jpg","width":1920,"height":1080},{"@type":"BreadcrumbList","@id":"https:\/\/carpathiacenter.ro\/iohannis-scolile-trebuie-sa-fie-absolut-sigure-pentru-elevi-cadre-didactice-si-restul-personalului\/#breadcrumb","itemListElement":[{"@type":"ListItem","position":1,"name":"Prima pagin\u0103","item":"https:\/\/carpathiacenter.ro\/"},{"@type":"ListItem","position":2,"name":"Iohannis: \u015ecolile trebuie s\u0103 fie absolut sigure pentru elevi, cadre didactice \u015fi restul personalului"}]},{"@type":"WebSite","@id":"https:\/\/carpathiacenter.ro\/#website","url":"https:\/\/carpathiacenter.ro\/","name":"Carpathia Center Romania","description":"Impossible made possible!","publisher":{"@id":"https:\/\/carpathiacenter.ro\/#organization"},"potentialAction":[{"@type":"SearchAction","target":{"@type":"EntryPoint","urlTemplate":"https:\/\/carpathiacenter.ro\/?s={search_term_string}"},"query-input":{"@type":"PropertyValueSpecification","valueRequired":true,"valueName":"search_term_string"}}],"inLanguage":"en-GB"},{"@type":"Organization","@id":"https:\/\/carpathiacenter.ro\/#organization","name":"Carpathia Center Romania","url":"https:\/\/carpathiacenter.ro\/","logo":{"@type":"ImageObject","inLanguage":"en-GB","@id":"https:\/\/carpathiacenter.ro\/#\/schema\/logo\/image\/","url":"https:\/\/carpathiacenter.ro\/wp-content\/uploads\/2024\/07\/logo-carpathia_bg_white-1024x941.png","contentUrl":"https:\/\/carpathiacenter.ro\/wp-content\/uploads\/2024\/07\/logo-carpathia_bg_white-1024x941.png","width":1024,"height":941,"caption":"Carpathia Center Romania"},"image":{"@id":"https:\/\/carpathiacenter.ro\/#\/schema\/logo\/image\/"},"sameAs":["https:\/\/www.facebook.com\/fdpscarpathia\/"]},{"@type":"Person","@id":"https:\/\/carpathiacenter.ro\/#\/schema\/person\/03d9f58202fee8379268f34afa195006","name":"creativebitsolutions","image":{"@type":"ImageObject","inLanguage":"en-GB","@id":"https:\/\/carpathiacenter.ro\/#\/schema\/person\/image\/","url":"https:\/\/secure.gravatar.com\/avatar\/1b1a13e37f847c635dab78348f1dff2f07651ee2a3d77a5c355a4b8c75f9165a?s=96&d=mm&r=g","contentUrl":"https:\/\/secure.gravatar.com\/avatar\/1b1a13e37f847c635dab78348f1dff2f07651ee2a3d77a5c355a4b8c75f9165a?s=96&d=mm&r=g","caption":"creativebitsolutions"},"url":"https:\/\/carpathiacenter.ro\/en\/author\/creativebitsolutions\/"}]}},"_links":{"self":[{"href":"https:\/\/carpathiacenter.ro\/en\/wp-json\/wp\/v2\/posts\/1223","targetHints":{"allow":["GET"]}}],"collection":[{"href":"https:\/\/carpathiacenter.ro\/en\/wp-json\/wp\/v2\/posts"}],"about":[{"href":"https:\/\/carpathiacenter.ro\/en\/wp-json\/wp\/v2\/types\/post"}],"author":[{"embeddable":true,"href":"https:\/\/carpathiacenter.ro\/en\/wp-json\/wp\/v2\/users\/4"}],"replies":[{"embeddable":true,"href":"https:\/\/carpathiacenter.ro\/en\/wp-json\/wp\/v2\/comments?post=1223"}],"version-history":[{"count":1,"href":"https:\/\/carpathiacenter.ro\/en\/wp-json\/wp\/v2\/posts\/1223\/revisions"}],"predecessor-version":[{"id":1227,"href":"https:\/\/carpathiacenter.ro\/en\/wp-json\/wp\/v2\/posts\/1223\/revisions\/1227"}],"wp:featuredmedia":[{"embeddable":true,"href":"https:\/\/carpathiacenter.ro\/en\/wp-json\/wp\/v2\/media\/1226"}],"wp:attachment":[{"href":"https:\/\/carpathiacenter.ro\/en\/wp-json\/wp\/v2\/media?parent=1223"}],"wp:term":[{"taxonomy":"category","embeddable":true,"href":"https:\/\/carpathiacenter.ro\/en\/wp-json\/wp\/v2\/categories?post=1223"},{"taxonomy":"post_tag","embeddable":true,"href":"https:\/\/carpathiacenter.ro\/en\/wp-json\/wp\/v2\/tags?post=1223"}],"curies":[{"name":"wp","href":"https:\/\/api.w.org\/{rel}","templated":true}]}}