{"id":1195,"date":"2024-09-04T08:19:38","date_gmt":"2024-09-04T08:19:38","guid":{"rendered":"https:\/\/carpathiacenter.ro\/?p=1195"},"modified":"2024-09-04T08:22:35","modified_gmt":"2024-09-04T08:22:35","slug":"premierul-ciolacu-intalnire-cu-liderii-sectorului-bancar-avem-un-interes-comun-o-romanie-mai-puternica-economic","status":"publish","type":"post","link":"https:\/\/carpathiacenter.ro\/en\/premierul-ciolacu-intalnire-cu-liderii-sectorului-bancar-avem-un-interes-comun-o-romanie-mai-puternica-economic\/","title":{"rendered":"Premierul Ciolacu \u2013 \u00eent\u00e2lnire cu liderii sectorului bancar: Avem un interes comun \u2013 o Rom\u00e2nie mai puternic\u0103 economic"},"content":{"rendered":"<div class=\"tdb-block-inner td-fix-index\">\n<p><strong>Premierul Marcel Ciolacu a avut mar\u0163i o \u00eent\u00e2lnire consultativ\u0103 cu reprezentan\u0163ii b\u0103ncilor din Rom\u00e2nia, pe teme de interes pentru sus\u0163inerea unor investi\u0163ii \u015fi reforme de importan\u0163\u0103 major\u0103 pentru o dezvoltare cu adev\u0103rat sustenabil\u0103 a economiei rom\u00e2ne\u015fti, a informat Guvernul.<\/strong><\/p>\n<p>Potrivit unui comunicat transmis AGERPRES, la discu\u0163iile consultative au participat \u015fi viceprim-ministrul Marian Neac\u015fu, ministrul Finan\u0163elor, Marcel Bolo\u015f, ministrul Agriculturii, Florin Barbu, \u015fi ministrul Economiei, Antreprenoriatului \u015fi Turismului, Radu Oprea.<\/p>\n<p>\u201cRom\u00e2nia are nevoie de infuzie de capital pentru a duce la bun sf\u00e2r\u015fit ceea ce am \u00eenceput. Reforma administrativ\u0103 \u015fi cea bugetar\u0103 pe care noi le-am demarat sunt absolut necesare, indiferent ce guvern va veni \u015fi dup\u0103 alegeri. Din punctul acesta de vedere putem spune c\u0103 anul 2025 va avea un start bun, \u0163in\u00e2nd cont de reducerile de posturi operate deja \u00een administra\u0163ie, pa\u015fii f\u0103cu\u0163i \u00een direc\u0163ia digitaliz\u0103rii \u015fi reformarea sistemului de pensii, iar reforma fiscal\u0103 va atrage automat \u015fi reforma \u00eentregului sistem bugetar\u201d, a declarat \u015feful Executivului, evoc\u00e2nd \u00een acest context \u015fi negocierile pe care le-a avut cu reprezentan\u0163ii Comisiei Europene privind evolu\u0163ia deficitului bugetar, arat\u0103 sursa citat\u0103.<\/p>\n<p>\u015eeful Executivului a pus accent, totodat\u0103, pe nevoia de infuzie de capital a sectorului agricol, pentru combaterea efectelor schimb\u0103rilor climatice, dar \u015fi pe oportunit\u0103\u0163ile pe care le pot deschide sus\u0163inerea unor sectoare economice precum industria de materiale de construc\u0163ie, industria de \u00eengr\u0103\u015f\u0103minte pentru agricultur\u0103 \u015fi industria de ap\u0103rare.<\/p>\n<p>\u00centr-o&nbsp;<a href=\"https:\/\/www.facebook.com\/CiolacuMarcel\/posts\/pfbid0216zHtDLEyteqw9ifmgtbLWd6cr7raB54TooYAzBPqCPpaX8McpuSajwKX19dp6Qdl\" target=\"_blank\" rel=\"noreferrer noopener\">postare pe pagina sa de Facebook<\/a>, premierul a men\u0163ionat c\u0103 s-a stabilit, \u00een cadrul \u00eent\u00e2lnirii de mar\u0163i, ca dialogul cu liderii domeniului bancar s\u0103 devin\u0103 unul periodic.<\/p>\n<p>\u201cNe este clar c\u0103 avem un interes comun: o Rom\u00e2nie mai puternic\u0103 economic, cu afaceri \u00een cre\u015ftere \u015fi cu firme tot mai prospere\u201d, a precizat \u015feful Executivului, \u00een postarea de pe pagina sa de socializare. AGERPRES\/(AS \u2013 autor: Andreea Rotaru, editor: Florin Marin, editor online: Gabriela Badea)<\/p>\n<p><strong>* Sursa foto:<\/strong>&nbsp;<a href=\"https:\/\/www.facebook.com\/CiolacuMarcel\/posts\/pfbid0216zHtDLEyteqw9ifmgtbLWd6cr7raB54TooYAzBPqCPpaX8McpuSajwKX19dp6Qdl\" target=\"_blank\" rel=\"noreferrer noopener\">Marcel Ciolacu<\/a>&nbsp;\/ Facebook.com&nbsp;<\/p>\n<p>Sursa articol:  <a href=\"https:\/\/www.agerpres.ro\/politica\/2024\/09\/03\/premierul-ciolacu-intalnire-cu-liderii-sectorului-bancar-avem-un-interes-comun-o-romanie-mai-puternica-economic--1349410\" target=\"_blank\" rel=\"noopener\" title=\"\">https:\/\/www.agerpres.ro\/politica\/2024\/09\/03\/premierul-ciolacu-intalnire-cu-liderii-sectorului-bancar-avem-un-interes-comun-o-romanie-mai-puternica-economic\u20131349410<\/a><\/p>\n<\/div>","protected":false},"excerpt":{"rendered":"<p>Premierul Marcel Ciolacu a avut mar\u0163i o \u00eent\u00e2lnire consultativ\u0103 cu reprezentan\u0163ii b\u0103ncilor din Rom\u00e2nia, pe teme de interes pentru sus\u0163inerea unor investi\u0163ii \u015fi reforme de importan\u0163\u0103 major\u0103 pentru o dezvoltare cu adev\u0103rat sustenabil\u0103 a economiei rom\u00e2ne\u015fti, a informat Guvernul. Potrivit unui comunicat transmis AGERPRES, la discu\u0163iile consultative au participat \u015fi viceprim-ministrul Marian Neac\u015fu, ministrul Finan\u0163elor,&#8230;<\/p>","protected":false},"author":4,"featured_media":1197,"comment_status":"open","ping_status":"open","sticky":false,"template":"","format":"standard","meta":{"footnotes":""},"categories":[1],"tags":[],"class_list":["post-1195","post","type-post","status-publish","format-standard","has-post-thumbnail","hentry","category-uncategorized"],"yoast_head":"<!-- This site is optimized with the Yoast SEO plugin v26.1.1 - https:\/\/yoast.com\/wordpress\/plugins\/seo\/ -->\n<title>Premierul Ciolacu \u2013 \u00eent\u00e2lnire cu liderii sectorului bancar: Avem un interes comun \u2013 o Rom\u00e2nie mai puternic\u0103 economic - Carpathia Center Romania<\/title>\n<meta name=\"robots\" content=\"index, follow, max-snippet:-1, max-image-preview:large, max-video-preview:-1\" \/>\n<link rel=\"canonical\" href=\"https:\/\/carpathiacenter.ro\/en\/premierul-ciolacu-intalnire-cu-liderii-sectorului-bancar-avem-un-interes-comun-o-romanie-mai-puternica-economic\/\" \/>\n<meta property=\"og:locale\" content=\"en_GB\" \/>\n<meta property=\"og:type\" content=\"article\" \/>\n<meta property=\"og:title\" content=\"Premierul Ciolacu \u2013 \u00eent\u00e2lnire cu liderii sectorului bancar: Avem un interes comun \u2013 o Rom\u00e2nie mai puternic\u0103 economic - Carpathia Center Romania\" \/>\n<meta property=\"og:description\" content=\"Premierul Marcel Ciolacu a avut mar\u0163i o \u00eent\u00e2lnire consultativ\u0103 cu reprezentan\u0163ii b\u0103ncilor din Rom\u00e2nia, pe teme de interes pentru sus\u0163inerea unor investi\u0163ii \u015fi reforme de importan\u0163\u0103 major\u0103 pentru o dezvoltare cu adev\u0103rat sustenabil\u0103 a economiei rom\u00e2ne\u015fti, a informat Guvernul. Potrivit unui comunicat transmis AGERPRES, la discu\u0163iile consultative au participat \u015fi viceprim-ministrul Marian Neac\u015fu, ministrul Finan\u0163elor,...\" \/>\n<meta property=\"og:url\" content=\"https:\/\/carpathiacenter.ro\/en\/premierul-ciolacu-intalnire-cu-liderii-sectorului-bancar-avem-un-interes-comun-o-romanie-mai-puternica-economic\/\" \/>\n<meta property=\"og:site_name\" content=\"Carpathia Center Romania\" \/>\n<meta property=\"article:publisher\" content=\"https:\/\/www.facebook.com\/fdpscarpathia\/\" \/>\n<meta property=\"article:published_time\" content=\"2024-09-04T08:19:38+00:00\" \/>\n<meta property=\"article:modified_time\" content=\"2024-09-04T08:22:35+00:00\" \/>\n<meta property=\"og:image\" content=\"https:\/\/carpathiacenter.ro\/wp-content\/uploads\/2024\/09\/cine-este-marcel-ciolacu.webp\" \/>\n\t<meta property=\"og:image:width\" content=\"2048\" \/>\n\t<meta property=\"og:image:height\" content=\"1365\" \/>\n\t<meta property=\"og:image:type\" content=\"image\/webp\" \/>\n<meta name=\"author\" content=\"creativebitsolutions\" \/>\n<meta name=\"twitter:card\" content=\"summary_large_image\" \/>\n<meta name=\"twitter:label1\" content=\"Written by\" \/>\n\t<meta name=\"twitter:data1\" content=\"creativebitsolutions\" \/>\n\t<meta name=\"twitter:label2\" content=\"Estimated reading time\" \/>\n\t<meta name=\"twitter:data2\" content=\"2 minutes\" \/>\n<script type=\"application\/ld+json\" class=\"yoast-schema-graph\">{\"@context\":\"https:\/\/schema.org\",\"@graph\":[{\"@type\":\"Article\",\"@id\":\"https:\/\/carpathiacenter.ro\/premierul-ciolacu-intalnire-cu-liderii-sectorului-bancar-avem-un-interes-comun-o-romanie-mai-puternica-economic\/#article\",\"isPartOf\":{\"@id\":\"https:\/\/carpathiacenter.ro\/premierul-ciolacu-intalnire-cu-liderii-sectorului-bancar-avem-un-interes-comun-o-romanie-mai-puternica-economic\/\"},\"author\":{\"name\":\"creativebitsolutions\",\"@id\":\"https:\/\/carpathiacenter.ro\/#\/schema\/person\/03d9f58202fee8379268f34afa195006\"},\"headline\":\"Premierul Ciolacu \u2013 \u00eent\u00e2lnire cu liderii sectorului bancar: Avem un interes comun \u2013 o Rom\u00e2nie mai puternic\u0103 economic\",\"datePublished\":\"2024-09-04T08:19:38+00:00\",\"dateModified\":\"2024-09-04T08:22:35+00:00\",\"mainEntityOfPage\":{\"@id\":\"https:\/\/carpathiacenter.ro\/premierul-ciolacu-intalnire-cu-liderii-sectorului-bancar-avem-un-interes-comun-o-romanie-mai-puternica-economic\/\"},\"wordCount\":373,\"commentCount\":0,\"publisher\":{\"@id\":\"https:\/\/carpathiacenter.ro\/#organization\"},\"image\":{\"@id\":\"https:\/\/carpathiacenter.ro\/premierul-ciolacu-intalnire-cu-liderii-sectorului-bancar-avem-un-interes-comun-o-romanie-mai-puternica-economic\/#primaryimage\"},\"thumbnailUrl\":\"https:\/\/carpathiacenter.ro\/wp-content\/uploads\/2024\/09\/cine-este-marcel-ciolacu.webp\",\"articleSection\":[\"Uncategorized\"],\"inLanguage\":\"en-GB\",\"potentialAction\":[{\"@type\":\"CommentAction\",\"name\":\"Comment\",\"target\":[\"https:\/\/carpathiacenter.ro\/premierul-ciolacu-intalnire-cu-liderii-sectorului-bancar-avem-un-interes-comun-o-romanie-mai-puternica-economic\/#respond\"]}]},{\"@type\":\"WebPage\",\"@id\":\"https:\/\/carpathiacenter.ro\/premierul-ciolacu-intalnire-cu-liderii-sectorului-bancar-avem-un-interes-comun-o-romanie-mai-puternica-economic\/\",\"url\":\"https:\/\/carpathiacenter.ro\/premierul-ciolacu-intalnire-cu-liderii-sectorului-bancar-avem-un-interes-comun-o-romanie-mai-puternica-economic\/\",\"name\":\"Premierul Ciolacu \u2013 \u00eent\u00e2lnire cu liderii sectorului bancar: Avem un interes comun \u2013 o Rom\u00e2nie mai puternic\u0103 economic - Carpathia Center Romania\",\"isPartOf\":{\"@id\":\"https:\/\/carpathiacenter.ro\/#website\"},\"primaryImageOfPage\":{\"@id\":\"https:\/\/carpathiacenter.ro\/premierul-ciolacu-intalnire-cu-liderii-sectorului-bancar-avem-un-interes-comun-o-romanie-mai-puternica-economic\/#primaryimage\"},\"image\":{\"@id\":\"https:\/\/carpathiacenter.ro\/premierul-ciolacu-intalnire-cu-liderii-sectorului-bancar-avem-un-interes-comun-o-romanie-mai-puternica-economic\/#primaryimage\"},\"thumbnailUrl\":\"https:\/\/carpathiacenter.ro\/wp-content\/uploads\/2024\/09\/cine-este-marcel-ciolacu.webp\",\"datePublished\":\"2024-09-04T08:19:38+00:00\",\"dateModified\":\"2024-09-04T08:22:35+00:00\",\"breadcrumb\":{\"@id\":\"https:\/\/carpathiacenter.ro\/premierul-ciolacu-intalnire-cu-liderii-sectorului-bancar-avem-un-interes-comun-o-romanie-mai-puternica-economic\/#breadcrumb\"},\"inLanguage\":\"en-GB\",\"potentialAction\":[{\"@type\":\"ReadAction\",\"target\":[\"https:\/\/carpathiacenter.ro\/premierul-ciolacu-intalnire-cu-liderii-sectorului-bancar-avem-un-interes-comun-o-romanie-mai-puternica-economic\/\"]}]},{\"@type\":\"ImageObject\",\"inLanguage\":\"en-GB\",\"@id\":\"https:\/\/carpathiacenter.ro\/premierul-ciolacu-intalnire-cu-liderii-sectorului-bancar-avem-un-interes-comun-o-romanie-mai-puternica-economic\/#primaryimage\",\"url\":\"https:\/\/carpathiacenter.ro\/wp-content\/uploads\/2024\/09\/cine-este-marcel-ciolacu.webp\",\"contentUrl\":\"https:\/\/carpathiacenter.ro\/wp-content\/uploads\/2024\/09\/cine-este-marcel-ciolacu.webp\",\"width\":2048,\"height\":1365},{\"@type\":\"BreadcrumbList\",\"@id\":\"https:\/\/carpathiacenter.ro\/premierul-ciolacu-intalnire-cu-liderii-sectorului-bancar-avem-un-interes-comun-o-romanie-mai-puternica-economic\/#breadcrumb\",\"itemListElement\":[{\"@type\":\"ListItem\",\"position\":1,\"name\":\"Prima pagin\u0103\",\"item\":\"https:\/\/carpathiacenter.ro\/\"},{\"@type\":\"ListItem\",\"position\":2,\"name\":\"Premierul Ciolacu \u2013 \u00eent\u00e2lnire cu liderii sectorului bancar: Avem un interes comun \u2013 o Rom\u00e2nie mai puternic\u0103 economic\"}]},{\"@type\":\"WebSite\",\"@id\":\"https:\/\/carpathiacenter.ro\/#website\",\"url\":\"https:\/\/carpathiacenter.ro\/\",\"name\":\"Carpathia Center Romania\",\"description\":\"Impossible made possible!\",\"publisher\":{\"@id\":\"https:\/\/carpathiacenter.ro\/#organization\"},\"potentialAction\":[{\"@type\":\"SearchAction\",\"target\":{\"@type\":\"EntryPoint\",\"urlTemplate\":\"https:\/\/carpathiacenter.ro\/?s={search_term_string}\"},\"query-input\":{\"@type\":\"PropertyValueSpecification\",\"valueRequired\":true,\"valueName\":\"search_term_string\"}}],\"inLanguage\":\"en-GB\"},{\"@type\":\"Organization\",\"@id\":\"https:\/\/carpathiacenter.ro\/#organization\",\"name\":\"Carpathia Center Romania\",\"url\":\"https:\/\/carpathiacenter.ro\/\",\"logo\":{\"@type\":\"ImageObject\",\"inLanguage\":\"en-GB\",\"@id\":\"https:\/\/carpathiacenter.ro\/#\/schema\/logo\/image\/\",\"url\":\"https:\/\/carpathiacenter.ro\/wp-content\/uploads\/2024\/07\/logo-carpathia_bg_white-1024x941.png\",\"contentUrl\":\"https:\/\/carpathiacenter.ro\/wp-content\/uploads\/2024\/07\/logo-carpathia_bg_white-1024x941.png\",\"width\":1024,\"height\":941,\"caption\":\"Carpathia Center Romania\"},\"image\":{\"@id\":\"https:\/\/carpathiacenter.ro\/#\/schema\/logo\/image\/\"},\"sameAs\":[\"https:\/\/www.facebook.com\/fdpscarpathia\/\"]},{\"@type\":\"Person\",\"@id\":\"https:\/\/carpathiacenter.ro\/#\/schema\/person\/03d9f58202fee8379268f34afa195006\",\"name\":\"creativebitsolutions\",\"image\":{\"@type\":\"ImageObject\",\"inLanguage\":\"en-GB\",\"@id\":\"https:\/\/carpathiacenter.ro\/#\/schema\/person\/image\/\",\"url\":\"https:\/\/secure.gravatar.com\/avatar\/1b1a13e37f847c635dab78348f1dff2f07651ee2a3d77a5c355a4b8c75f9165a?s=96&d=mm&r=g\",\"contentUrl\":\"https:\/\/secure.gravatar.com\/avatar\/1b1a13e37f847c635dab78348f1dff2f07651ee2a3d77a5c355a4b8c75f9165a?s=96&d=mm&r=g\",\"caption\":\"creativebitsolutions\"},\"url\":\"https:\/\/carpathiacenter.ro\/en\/author\/creativebitsolutions\/\"}]}<\/script>\n<!-- \/ Yoast SEO plugin. -->","yoast_head_json":{"title":"Premierul Ciolacu \u2013 \u00eent\u00e2lnire cu liderii sectorului bancar: Avem un interes comun \u2013 o Rom\u00e2nie mai puternic\u0103 economic - Carpathia Center Romania","robots":{"index":"index","follow":"follow","max-snippet":"max-snippet:-1","max-image-preview":"max-image-preview:large","max-video-preview":"max-video-preview:-1"},"canonical":"https:\/\/carpathiacenter.ro\/en\/premierul-ciolacu-intalnire-cu-liderii-sectorului-bancar-avem-un-interes-comun-o-romanie-mai-puternica-economic\/","og_locale":"en_GB","og_type":"article","og_title":"Premierul Ciolacu \u2013 \u00eent\u00e2lnire cu liderii sectorului bancar: Avem un interes comun \u2013 o Rom\u00e2nie mai puternic\u0103 economic - Carpathia Center Romania","og_description":"Premierul Marcel Ciolacu a avut mar\u0163i o \u00eent\u00e2lnire consultativ\u0103 cu reprezentan\u0163ii b\u0103ncilor din Rom\u00e2nia, pe teme de interes pentru sus\u0163inerea unor investi\u0163ii \u015fi reforme de importan\u0163\u0103 major\u0103 pentru o dezvoltare cu adev\u0103rat sustenabil\u0103 a economiei rom\u00e2ne\u015fti, a informat Guvernul. Potrivit unui comunicat transmis AGERPRES, la discu\u0163iile consultative au participat \u015fi viceprim-ministrul Marian Neac\u015fu, ministrul Finan\u0163elor,...","og_url":"https:\/\/carpathiacenter.ro\/en\/premierul-ciolacu-intalnire-cu-liderii-sectorului-bancar-avem-un-interes-comun-o-romanie-mai-puternica-economic\/","og_site_name":"Carpathia Center Romania","article_publisher":"https:\/\/www.facebook.com\/fdpscarpathia\/","article_published_time":"2024-09-04T08:19:38+00:00","article_modified_time":"2024-09-04T08:22:35+00:00","og_image":[{"width":2048,"height":1365,"url":"https:\/\/carpathiacenter.ro\/wp-content\/uploads\/2024\/09\/cine-este-marcel-ciolacu.webp","type":"image\/webp"}],"author":"creativebitsolutions","twitter_card":"summary_large_image","twitter_misc":{"Written by":"creativebitsolutions","Estimated reading time":"2 minutes"},"schema":{"@context":"https:\/\/schema.org","@graph":[{"@type":"Article","@id":"https:\/\/carpathiacenter.ro\/premierul-ciolacu-intalnire-cu-liderii-sectorului-bancar-avem-un-interes-comun-o-romanie-mai-puternica-economic\/#article","isPartOf":{"@id":"https:\/\/carpathiacenter.ro\/premierul-ciolacu-intalnire-cu-liderii-sectorului-bancar-avem-un-interes-comun-o-romanie-mai-puternica-economic\/"},"author":{"name":"creativebitsolutions","@id":"https:\/\/carpathiacenter.ro\/#\/schema\/person\/03d9f58202fee8379268f34afa195006"},"headline":"Premierul Ciolacu \u2013 \u00eent\u00e2lnire cu liderii sectorului bancar: Avem un interes comun \u2013 o Rom\u00e2nie mai puternic\u0103 economic","datePublished":"2024-09-04T08:19:38+00:00","dateModified":"2024-09-04T08:22:35+00:00","mainEntityOfPage":{"@id":"https:\/\/carpathiacenter.ro\/premierul-ciolacu-intalnire-cu-liderii-sectorului-bancar-avem-un-interes-comun-o-romanie-mai-puternica-economic\/"},"wordCount":373,"commentCount":0,"publisher":{"@id":"https:\/\/carpathiacenter.ro\/#organization"},"image":{"@id":"https:\/\/carpathiacenter.ro\/premierul-ciolacu-intalnire-cu-liderii-sectorului-bancar-avem-un-interes-comun-o-romanie-mai-puternica-economic\/#primaryimage"},"thumbnailUrl":"https:\/\/carpathiacenter.ro\/wp-content\/uploads\/2024\/09\/cine-este-marcel-ciolacu.webp","articleSection":["Uncategorized"],"inLanguage":"en-GB","potentialAction":[{"@type":"CommentAction","name":"Comment","target":["https:\/\/carpathiacenter.ro\/premierul-ciolacu-intalnire-cu-liderii-sectorului-bancar-avem-un-interes-comun-o-romanie-mai-puternica-economic\/#respond"]}]},{"@type":"WebPage","@id":"https:\/\/carpathiacenter.ro\/premierul-ciolacu-intalnire-cu-liderii-sectorului-bancar-avem-un-interes-comun-o-romanie-mai-puternica-economic\/","url":"https:\/\/carpathiacenter.ro\/premierul-ciolacu-intalnire-cu-liderii-sectorului-bancar-avem-un-interes-comun-o-romanie-mai-puternica-economic\/","name":"Premierul Ciolacu \u2013 \u00eent\u00e2lnire cu liderii sectorului bancar: Avem un interes comun \u2013 o Rom\u00e2nie mai puternic\u0103 economic - Carpathia Center Romania","isPartOf":{"@id":"https:\/\/carpathiacenter.ro\/#website"},"primaryImageOfPage":{"@id":"https:\/\/carpathiacenter.ro\/premierul-ciolacu-intalnire-cu-liderii-sectorului-bancar-avem-un-interes-comun-o-romanie-mai-puternica-economic\/#primaryimage"},"image":{"@id":"https:\/\/carpathiacenter.ro\/premierul-ciolacu-intalnire-cu-liderii-sectorului-bancar-avem-un-interes-comun-o-romanie-mai-puternica-economic\/#primaryimage"},"thumbnailUrl":"https:\/\/carpathiacenter.ro\/wp-content\/uploads\/2024\/09\/cine-este-marcel-ciolacu.webp","datePublished":"2024-09-04T08:19:38+00:00","dateModified":"2024-09-04T08:22:35+00:00","breadcrumb":{"@id":"https:\/\/carpathiacenter.ro\/premierul-ciolacu-intalnire-cu-liderii-sectorului-bancar-avem-un-interes-comun-o-romanie-mai-puternica-economic\/#breadcrumb"},"inLanguage":"en-GB","potentialAction":[{"@type":"ReadAction","target":["https:\/\/carpathiacenter.ro\/premierul-ciolacu-intalnire-cu-liderii-sectorului-bancar-avem-un-interes-comun-o-romanie-mai-puternica-economic\/"]}]},{"@type":"ImageObject","inLanguage":"en-GB","@id":"https:\/\/carpathiacenter.ro\/premierul-ciolacu-intalnire-cu-liderii-sectorului-bancar-avem-un-interes-comun-o-romanie-mai-puternica-economic\/#primaryimage","url":"https:\/\/carpathiacenter.ro\/wp-content\/uploads\/2024\/09\/cine-este-marcel-ciolacu.webp","contentUrl":"https:\/\/carpathiacenter.ro\/wp-content\/uploads\/2024\/09\/cine-este-marcel-ciolacu.webp","width":2048,"height":1365},{"@type":"BreadcrumbList","@id":"https:\/\/carpathiacenter.ro\/premierul-ciolacu-intalnire-cu-liderii-sectorului-bancar-avem-un-interes-comun-o-romanie-mai-puternica-economic\/#breadcrumb","itemListElement":[{"@type":"ListItem","position":1,"name":"Prima pagin\u0103","item":"https:\/\/carpathiacenter.ro\/"},{"@type":"ListItem","position":2,"name":"Premierul Ciolacu \u2013 \u00eent\u00e2lnire cu liderii sectorului bancar: Avem un interes comun \u2013 o Rom\u00e2nie mai puternic\u0103 economic"}]},{"@type":"WebSite","@id":"https:\/\/carpathiacenter.ro\/#website","url":"https:\/\/carpathiacenter.ro\/","name":"Carpathia Center Romania","description":"Impossible made possible!","publisher":{"@id":"https:\/\/carpathiacenter.ro\/#organization"},"potentialAction":[{"@type":"SearchAction","target":{"@type":"EntryPoint","urlTemplate":"https:\/\/carpathiacenter.ro\/?s={search_term_string}"},"query-input":{"@type":"PropertyValueSpecification","valueRequired":true,"valueName":"search_term_string"}}],"inLanguage":"en-GB"},{"@type":"Organization","@id":"https:\/\/carpathiacenter.ro\/#organization","name":"Carpathia Center Romania","url":"https:\/\/carpathiacenter.ro\/","logo":{"@type":"ImageObject","inLanguage":"en-GB","@id":"https:\/\/carpathiacenter.ro\/#\/schema\/logo\/image\/","url":"https:\/\/carpathiacenter.ro\/wp-content\/uploads\/2024\/07\/logo-carpathia_bg_white-1024x941.png","contentUrl":"https:\/\/carpathiacenter.ro\/wp-content\/uploads\/2024\/07\/logo-carpathia_bg_white-1024x941.png","width":1024,"height":941,"caption":"Carpathia Center Romania"},"image":{"@id":"https:\/\/carpathiacenter.ro\/#\/schema\/logo\/image\/"},"sameAs":["https:\/\/www.facebook.com\/fdpscarpathia\/"]},{"@type":"Person","@id":"https:\/\/carpathiacenter.ro\/#\/schema\/person\/03d9f58202fee8379268f34afa195006","name":"creativebitsolutions","image":{"@type":"ImageObject","inLanguage":"en-GB","@id":"https:\/\/carpathiacenter.ro\/#\/schema\/person\/image\/","url":"https:\/\/secure.gravatar.com\/avatar\/1b1a13e37f847c635dab78348f1dff2f07651ee2a3d77a5c355a4b8c75f9165a?s=96&d=mm&r=g","contentUrl":"https:\/\/secure.gravatar.com\/avatar\/1b1a13e37f847c635dab78348f1dff2f07651ee2a3d77a5c355a4b8c75f9165a?s=96&d=mm&r=g","caption":"creativebitsolutions"},"url":"https:\/\/carpathiacenter.ro\/en\/author\/creativebitsolutions\/"}]}},"_links":{"self":[{"href":"https:\/\/carpathiacenter.ro\/en\/wp-json\/wp\/v2\/posts\/1195","targetHints":{"allow":["GET"]}}],"collection":[{"href":"https:\/\/carpathiacenter.ro\/en\/wp-json\/wp\/v2\/posts"}],"about":[{"href":"https:\/\/carpathiacenter.ro\/en\/wp-json\/wp\/v2\/types\/post"}],"author":[{"embeddable":true,"href":"https:\/\/carpathiacenter.ro\/en\/wp-json\/wp\/v2\/users\/4"}],"replies":[{"embeddable":true,"href":"https:\/\/carpathiacenter.ro\/en\/wp-json\/wp\/v2\/comments?post=1195"}],"version-history":[{"count":5,"href":"https:\/\/carpathiacenter.ro\/en\/wp-json\/wp\/v2\/posts\/1195\/revisions"}],"predecessor-version":[{"id":1202,"href":"https:\/\/carpathiacenter.ro\/en\/wp-json\/wp\/v2\/posts\/1195\/revisions\/1202"}],"wp:featuredmedia":[{"embeddable":true,"href":"https:\/\/carpathiacenter.ro\/en\/wp-json\/wp\/v2\/media\/1197"}],"wp:attachment":[{"href":"https:\/\/carpathiacenter.ro\/en\/wp-json\/wp\/v2\/media?parent=1195"}],"wp:term":[{"taxonomy":"category","embeddable":true,"href":"https:\/\/carpathiacenter.ro\/en\/wp-json\/wp\/v2\/categories?post=1195"},{"taxonomy":"post_tag","embeddable":true,"href":"https:\/\/carpathiacenter.ro\/en\/wp-json\/wp\/v2\/tags?post=1195"}],"curies":[{"name":"wp","href":"https:\/\/api.w.org\/{rel}","templated":true}]}}