{"id":1191,"date":"2024-09-04T08:15:35","date_gmt":"2024-09-04T08:15:35","guid":{"rendered":"https:\/\/carpathiacenter.ro\/?p=1191"},"modified":"2024-09-04T08:15:35","modified_gmt":"2024-09-04T08:15:35","slug":"proiectul-coridorul-verde-va-rezolva-foarte-multe-probleme-regionale-legate-de-securitatea-energetica-ministri","status":"publish","type":"post","link":"https:\/\/carpathiacenter.ro\/en\/proiectul-coridorul-verde-va-rezolva-foarte-multe-probleme-regionale-legate-de-securitatea-energetica-ministri\/","title":{"rendered":"Proiectul \u201dCoridorul Verde\u201d va rezolva foarte multe probleme regionale legate de securitatea energetic\u0103 (mini\u015ftri)"},"content":{"rendered":"<div class=\"tdb-block-inner td-fix-index\">\n<p><strong>Proiectul \u201cCoridorul Verde\u201d rezolv\u0103 foarte multe probleme legate de securitatea energetic\u0103 \u00een regiune \u015fi stabile\u015fte recorduri mondiale, cum ar fi faptul c\u0103 lungimea cablului submarin ce va fi construit va fi de aproximativ 1.200 de kilometri, au reiterat, mar\u0163i, \u00eentr-o conferin\u0163\u0103 de pres\u0103, reprezentan\u0163ii ministerelor Energiei din \u0163\u0103rile participante la acest proiect sus\u0163inut de Uniunea European\u0103 (UE).<\/strong><\/p>\n<p>\u201cAst\u0103zi, marc\u0103m un lucru simbolic, pentru c\u0103 acest proces a \u00eenceput \u00een Bucure\u015fti \u015fi doi ani mai t\u00e2rziu am reu\u015fit s\u0103 atingem o etap\u0103 foarte important\u0103. Am stabilit compania joint venture, care este foarte important\u0103 pentru avansarea proiectului nostru (\u201cCoridorul Verde\u201d, n.r.) \u015fi, \u00een acela\u015fi timp, am semnat pentru un Studiu de Fezabilitate cu participarea colegilor no\u015ftri. Acest studiu este \u00een curs de realizare \u015fi vom avea rezultatele \u00een cadrul COP29, dar \u015fi c\u00e2teva \u00een Baku, unde va fi \u00eent\u00e2lnirea de rang \u00eenalt dedicat\u0103 special acestui Coridor Verde de la Marea Caspic\u0103. Acest proiect al energiei verzi rezolv\u0103 foarte multe probleme \u015fi este important pentru securitatea energetic\u0103. Apreciez foarte mult implicarea Uniunii Europene \u015fi sper\u0103m ca aceast\u0103 cooperare s\u0103 continue \u00een viitor, deoarece, \u00een fapt, acum avem de-a face cu un aspect care r\u0103spunde la foarte multe solicit\u0103ri din partea multor p\u0103r\u0163i interesate. A\u015f vrea s\u0103 v\u0103 men\u0163ionez faptul c\u0103 acest proiect era considerat la \u00eenceput ca un proiect care s\u0103 pun\u0103 la dispozi\u0163ie energie suplimentar\u0103 din zona Caspic\u0103 c\u0103tre Uniunea European\u0103, dar pe o linie paralel\u0103 avem un alt proiect din \u0163\u0103rile central-asiatice. Vorbim de Kazahstan \u015fi Uzbekistan \u015fi pe viitor ar trebui s\u0103 ne g\u00e2ndim \u015fi la interconectarea acestor coridoare, care vor fi probabil parte dintr-un singur coridor energetic care leag\u0103 Asia de Europa. Deci, putem s\u0103 consider\u0103m c\u0103 de fapt acest proiect este unul euro-asiatic\u201d, a afirmat ministrul Energiei din Azerbaidjan, Parviz Shahbazov.<\/p>\n<p>La r\u00e2ndul s\u0103u, prim viceprimministrul \u015fi ministrul Economiei \u015fi Dezvolt\u0103rii Sustenabile din Georgia, Levan Davitashvili, a subliniat c\u0103 acest proiect poate contribui la securitatea energetic\u0103 a Uniunii Europene \u015fi este cheia pentru a avea o pia\u0163\u0103 energetic\u0103 competitiv\u0103.<\/p>\n<p>\u201cFaptul c\u0103 putem fi parte din acest proiect \u00eenseamn\u0103 foarte mult. Consider c\u0103 aceast\u0103 \u00eent\u00e2lnire a fost foarte productiv\u0103. Am semnat contractul de asociere. Rom\u00e2nia, \u00eentr-adev\u0103r, joac\u0103 un rol esen\u0163ial \u00een implementarea \u015fi dezvoltarea acestui proiect. A\u015f vrea s\u0103 men\u0163ionez faptul c\u0103 securitatea energetic\u0103 este foarte important\u0103 \u015fi acest proiect poate contribui la securitatea energetic\u0103 a Uniunii Europene \u015fi este cheia pentru a avea pie\u0163e deschise \u015fi pentru a avea o pia\u0163\u0103 energetic\u0103 competitiv\u0103. Investim foarte mult \u00een proiecte noi \u015fi vorbim despre hidro-electricitate, dar \u015fi despre energie solar\u0103. \u00cempreun\u0103 putem s\u0103 fim furnizori de energie verde pentru Uniunea European\u0103 \u015fi credem c\u0103 aceasta va fi de fapt o cooperare pe termen lung \u00eentre Georgia \u015fi Uniunea European\u0103. Pentru noi este foarte important, pentru c\u0103 suntem \u00een curs de integrare cu Uniunea European\u0103. Asta \u00eenseamn\u0103 c\u0103 este important s\u0103 dep\u0103\u015fim aceste provoc\u0103ri fizice. Suntem singura \u0163ar\u0103 care se afl\u0103 pe partea cealalt\u0103 a M\u0103rii Negre \u015fi suntem \u00eentr-adev\u0103r un candidat care \u00ee\u015fi dore\u015fte \u015fi urm\u0103re\u015fte s\u0103 fie parte a familiei europene\u201d, a men\u0163ionat Davitashvili.<\/p>\n<p>Reprezentantul Ungariei, ministrul Afacerilor Externe \u015fi Comer\u0163ului, Peter Szijjarto, a punctat faptul c\u0103 este nevoie ca acest proiect de infrastructur\u0103 s\u0103 fie finalizat c\u00e2t mai repede.<\/p>\n<p>\u201cApreciem toate eforturile pe care le-a\u0163i f\u0103cut pentru a face progrese \u00een leg\u0103tur\u0103 cu acest proiect care stabile\u015fte recorduri mondiale. Ungaria are obiective esen\u0163iale \u00een ceea ce prive\u015fte energia. \u00cen primul r\u00e2nd, ne intereseaz\u0103 o siguran\u0163\u0103 a furniz\u0103rii de energie \u015fi apoi ca energia s\u0103 devin\u0103 mai verde. Consider\u0103m c\u0103 putem s\u0103 atingem dou\u0103 obiective printr-o singur\u0103 ac\u0163iune. Acest proiect asigur\u0103 \u015fi energie verde at\u00e2t \u00een Rom\u00e2nia, c\u00e2t \u015fi \u00een Uniunea European\u0103. Prin acest proiect vom dep\u0103\u015fi recordurile mondiale, av\u00e2nd \u00een vedere c\u0103 lungimea cablului submarin va fi de aproximativ 1.200 km. Un cablu care nu a fost construit p\u00e2n\u0103 acum. Pentru a avea posibilitatea de a include energia verde Azerbaidjan \u015fi din Georgia \u00een mixurile na\u0163ionale energetice ale Rom\u00e2niei \u015fi sper\u0103m \u015fi Ungariei, avem nevoie ca proiectul de infrastructur\u0103 s\u0103 fie finalizat c\u00e2t se poate de repede. Noi, Ungaria, ne bucur\u0103m c\u0103, dup\u0103 ce am semnat acordul privind \u00eenfiin\u0163area joint venture-ului, vom face tot ce se poate pentru a accelera proiectul pentru ca s\u0103 fie implementat c\u00e2t se poate de cur\u00e2nd. Operatorul nostru de distribu\u0163ie a energiei electrice va lua toate m\u0103surile pentru a dezvolta acest proiect\u201d, a transmis oficialul ungar.<\/p>\n<p>Ministerul Energiei a organizat, mar\u0163i, la Palatul Victoria, o reuniune la nivelul mini\u015ftrilor Energiei din statele implicate \u00een realizarea proiectului \u201cCoridorul Verde\u201d, edi\u0163ia a VIII-a, cu participarea Comisiei Europene (CE).<\/p>\n<p>La eveniment au mai participat pre\u015fedintele Directoratului CNTTE Transelectrica S.A., \u015etef\u0103ni\u0163\u0103 Munteanu, \u015fi conducerea companiilor Georgian State Electrosystems, AzerEnerji \u015fi MVM Electrical Works, operatori na\u0163ionali de transport de energie electric\u0103 din celelalte \u0163\u0103ri.<\/p>\n<p>CNTEE Transelectrica, Georgian State Electrosystem, AzerEnerji \u015fi MVM Electrical Works au semnat actele constitutive ale companiei de proiect Green Energy Corridor Power Company, cu sediul \u00een Rom\u00e2nia, care va implementa proiectul \u201cCoridorul Verde\u201d, respectiv un cablu submarin de \u00eenalt\u0103 tensiune \u00een curent continuu, care va conecta, prin Marea Neagr\u0103, Rom\u00e2nia \u015fi Georgia, conexiunea fiind prelungit\u0103 \u00een Ungaria \u015fi Azerbaidjan. Acesta va contribui esen\u0163ial la consolidarea securit\u0103\u0163ii energetice na\u0163ionale \u015fi regionale, cre\u015fterea conectivit\u0103\u0163ii \u00een bazinul M\u0103rii Negre, diversificarea surselor de aprovizionare, valorificarea poten\u0163ialului de producere a energiei regenerabile \u015fi cre\u015fterea ponderii energiei regenerabile \u00een mixul energetic na\u0163ional.<\/p>\n<p>Proiectul \u201cCoridorul Verde\u201d este sus\u0163inut de Comisia European\u0103, iar pre\u015fedinta forului de la Bruxelles, Ursula von der Leyen, a participat personal la semnarea acordului \u00eentre p\u0103r\u0163i care a avut loc la Palatul Cotroceni, pe data de 17 decembrie 2022. Totodat\u0103, Comisia a participat la toate reuniunile ministeriale \u015fi la \u00eent\u00e2lnirile tehnice.<\/p>\n<p>Mar\u0163i, 3 septembrie 2024, mini\u015ftrii Energiei din cele patru state au semnat un protocol de amendare a acordului care clarific\u0103 faptul c\u0103 legisla\u0163ia european\u0103 \u015fi obliga\u0163iile care decurg din calitatea Rom\u00e2niei \u015fi Ungariei de State Membre prevaleaz\u0103 fa\u0163\u0103 de prevederile acordului. \u00cen plus, prin al\u0103turarea Ministerului Cercet\u0103rii, Inov\u0103rii \u015fi Digitaliz\u0103rii, se va evalua posibilitatea includerii \u00een studiul de fezabilitate a unei noi componente, respectiv un cablu de fibr\u0103 optic\u0103 care va conecta cele 4 \u0163\u0103ri \u015fi \u00een privin\u0163a fluxurilor de date.<\/p>\n<p>\u00cen urm\u0103toarea perioad\u0103 urmeaz\u0103 a se identifica solu\u0163iile de implementare a acestei dezvolt\u0103ri. Nu \u00een ultimul r\u00e2nd, s-au purtat discu\u0163ii despre posibilitatea al\u0103tur\u0103rii Bulgariei la studiul de fezabilitate \u015fi la proiectul de infrastructur\u0103, precizeaz\u0103 Ministerul Energiei, \u00eentr-un comunicat de pres\u0103. AGERPRES\/(AS \u2013 autor: Daniel Badea, editor: Nicoleta Gherasi, editor online: Ada V\u00eelceanu)&nbsp;<\/p>\n<p>Sursa:  <a href=\"https:\/\/www.agerpres.ro\/economic-intern\/2024\/09\/03\/proiectul-coridorul-verde-va-rezolva-foarte-multe-probleme-regionale-legate-de-securitatea-energetica-ministri--1349287\" target=\"_blank\" rel=\"noopener\" title=\"\">https:\/\/www.agerpres.ro\/economic-intern\/2024\/09\/03\/proiectul-coridorul-verde-va-rezolva-foarte-multe-probleme-regionale-legate-de-securitatea-energetica-ministri\u20131349287<\/a><\/p>\n<\/div>","protected":false},"excerpt":{"rendered":"<p>Proiectul \u201cCoridorul Verde\u201d rezolv\u0103 foarte multe probleme legate de securitatea energetic\u0103 \u00een regiune \u015fi stabile\u015fte recorduri mondiale, cum ar fi faptul c\u0103 lungimea cablului submarin ce va fi construit va fi de aproximativ 1.200 de kilometri, au reiterat, mar\u0163i, \u00eentr-o conferin\u0163\u0103 de pres\u0103, reprezentan\u0163ii ministerelor Energiei din \u0163\u0103rile participante la acest proiect sus\u0163inut de Uniunea&#8230;<\/p>","protected":false},"author":4,"featured_media":1192,"comment_status":"open","ping_status":"open","sticky":false,"template":"","format":"standard","meta":{"footnotes":""},"categories":[1],"tags":[],"class_list":["post-1191","post","type-post","status-publish","format-standard","has-post-thumbnail","hentry","category-uncategorized"],"yoast_head":"<!-- This site is optimized with the Yoast SEO plugin v26.1.1 - https:\/\/yoast.com\/wordpress\/plugins\/seo\/ -->\n<title>Proiectul \u201dCoridorul Verde\u201d va rezolva foarte multe probleme regionale legate de securitatea energetic\u0103 (mini\u015ftri) - Carpathia Center Romania<\/title>\n<meta name=\"robots\" content=\"index, follow, max-snippet:-1, max-image-preview:large, max-video-preview:-1\" \/>\n<link rel=\"canonical\" href=\"https:\/\/carpathiacenter.ro\/en\/proiectul-coridorul-verde-va-rezolva-foarte-multe-probleme-regionale-legate-de-securitatea-energetica-ministri\/\" \/>\n<meta property=\"og:locale\" content=\"en_GB\" \/>\n<meta property=\"og:type\" content=\"article\" \/>\n<meta property=\"og:title\" content=\"Proiectul \u201dCoridorul Verde\u201d va rezolva foarte multe probleme regionale legate de securitatea energetic\u0103 (mini\u015ftri) - Carpathia Center Romania\" \/>\n<meta property=\"og:description\" content=\"Proiectul \u201cCoridorul Verde\u201d rezolv\u0103 foarte multe probleme legate de securitatea energetic\u0103 \u00een regiune \u015fi stabile\u015fte recorduri mondiale, cum ar fi faptul c\u0103 lungimea cablului submarin ce va fi construit va fi de aproximativ 1.200 de kilometri, au reiterat, mar\u0163i, \u00eentr-o conferin\u0163\u0103 de pres\u0103, reprezentan\u0163ii ministerelor Energiei din \u0163\u0103rile participante la acest proiect sus\u0163inut de Uniunea...\" \/>\n<meta property=\"og:url\" content=\"https:\/\/carpathiacenter.ro\/en\/proiectul-coridorul-verde-va-rezolva-foarte-multe-probleme-regionale-legate-de-securitatea-energetica-ministri\/\" \/>\n<meta property=\"og:site_name\" content=\"Carpathia Center Romania\" \/>\n<meta property=\"article:publisher\" content=\"https:\/\/www.facebook.com\/fdpscarpathia\/\" \/>\n<meta property=\"article:published_time\" content=\"2024-09-04T08:15:35+00:00\" \/>\n<meta property=\"og:image\" content=\"https:\/\/carpathiacenter.ro\/wp-content\/uploads\/2024\/09\/Coridorul_verde.jpg\" \/>\n\t<meta property=\"og:image:width\" content=\"1920\" \/>\n\t<meta property=\"og:image:height\" content=\"1080\" \/>\n\t<meta property=\"og:image:type\" content=\"image\/jpeg\" \/>\n<meta name=\"author\" content=\"creativebitsolutions\" \/>\n<meta name=\"twitter:card\" content=\"summary_large_image\" \/>\n<meta name=\"twitter:label1\" content=\"Written by\" \/>\n\t<meta name=\"twitter:data1\" content=\"creativebitsolutions\" \/>\n\t<meta name=\"twitter:label2\" content=\"Estimated reading time\" \/>\n\t<meta name=\"twitter:data2\" content=\"6 minutes\" \/>\n<script type=\"application\/ld+json\" class=\"yoast-schema-graph\">{\"@context\":\"https:\/\/schema.org\",\"@graph\":[{\"@type\":\"Article\",\"@id\":\"https:\/\/carpathiacenter.ro\/proiectul-coridorul-verde-va-rezolva-foarte-multe-probleme-regionale-legate-de-securitatea-energetica-ministri\/#article\",\"isPartOf\":{\"@id\":\"https:\/\/carpathiacenter.ro\/proiectul-coridorul-verde-va-rezolva-foarte-multe-probleme-regionale-legate-de-securitatea-energetica-ministri\/\"},\"author\":{\"name\":\"creativebitsolutions\",\"@id\":\"https:\/\/carpathiacenter.ro\/#\/schema\/person\/03d9f58202fee8379268f34afa195006\"},\"headline\":\"Proiectul \u201dCoridorul Verde\u201d va rezolva foarte multe probleme regionale legate de securitatea energetic\u0103 (mini\u015ftri)\",\"datePublished\":\"2024-09-04T08:15:35+00:00\",\"mainEntityOfPage\":{\"@id\":\"https:\/\/carpathiacenter.ro\/proiectul-coridorul-verde-va-rezolva-foarte-multe-probleme-regionale-legate-de-securitatea-energetica-ministri\/\"},\"wordCount\":1192,\"commentCount\":0,\"publisher\":{\"@id\":\"https:\/\/carpathiacenter.ro\/#organization\"},\"image\":{\"@id\":\"https:\/\/carpathiacenter.ro\/proiectul-coridorul-verde-va-rezolva-foarte-multe-probleme-regionale-legate-de-securitatea-energetica-ministri\/#primaryimage\"},\"thumbnailUrl\":\"https:\/\/carpathiacenter.ro\/wp-content\/uploads\/2024\/09\/Coridorul_verde.jpg\",\"articleSection\":[\"Uncategorized\"],\"inLanguage\":\"en-GB\",\"potentialAction\":[{\"@type\":\"CommentAction\",\"name\":\"Comment\",\"target\":[\"https:\/\/carpathiacenter.ro\/proiectul-coridorul-verde-va-rezolva-foarte-multe-probleme-regionale-legate-de-securitatea-energetica-ministri\/#respond\"]}]},{\"@type\":\"WebPage\",\"@id\":\"https:\/\/carpathiacenter.ro\/proiectul-coridorul-verde-va-rezolva-foarte-multe-probleme-regionale-legate-de-securitatea-energetica-ministri\/\",\"url\":\"https:\/\/carpathiacenter.ro\/proiectul-coridorul-verde-va-rezolva-foarte-multe-probleme-regionale-legate-de-securitatea-energetica-ministri\/\",\"name\":\"Proiectul \u201dCoridorul Verde\u201d va rezolva foarte multe probleme regionale legate de securitatea energetic\u0103 (mini\u015ftri) - Carpathia Center Romania\",\"isPartOf\":{\"@id\":\"https:\/\/carpathiacenter.ro\/#website\"},\"primaryImageOfPage\":{\"@id\":\"https:\/\/carpathiacenter.ro\/proiectul-coridorul-verde-va-rezolva-foarte-multe-probleme-regionale-legate-de-securitatea-energetica-ministri\/#primaryimage\"},\"image\":{\"@id\":\"https:\/\/carpathiacenter.ro\/proiectul-coridorul-verde-va-rezolva-foarte-multe-probleme-regionale-legate-de-securitatea-energetica-ministri\/#primaryimage\"},\"thumbnailUrl\":\"https:\/\/carpathiacenter.ro\/wp-content\/uploads\/2024\/09\/Coridorul_verde.jpg\",\"datePublished\":\"2024-09-04T08:15:35+00:00\",\"breadcrumb\":{\"@id\":\"https:\/\/carpathiacenter.ro\/proiectul-coridorul-verde-va-rezolva-foarte-multe-probleme-regionale-legate-de-securitatea-energetica-ministri\/#breadcrumb\"},\"inLanguage\":\"en-GB\",\"potentialAction\":[{\"@type\":\"ReadAction\",\"target\":[\"https:\/\/carpathiacenter.ro\/proiectul-coridorul-verde-va-rezolva-foarte-multe-probleme-regionale-legate-de-securitatea-energetica-ministri\/\"]}]},{\"@type\":\"ImageObject\",\"inLanguage\":\"en-GB\",\"@id\":\"https:\/\/carpathiacenter.ro\/proiectul-coridorul-verde-va-rezolva-foarte-multe-probleme-regionale-legate-de-securitatea-energetica-ministri\/#primaryimage\",\"url\":\"https:\/\/carpathiacenter.ro\/wp-content\/uploads\/2024\/09\/Coridorul_verde.jpg\",\"contentUrl\":\"https:\/\/carpathiacenter.ro\/wp-content\/uploads\/2024\/09\/Coridorul_verde.jpg\",\"width\":1920,\"height\":1080},{\"@type\":\"BreadcrumbList\",\"@id\":\"https:\/\/carpathiacenter.ro\/proiectul-coridorul-verde-va-rezolva-foarte-multe-probleme-regionale-legate-de-securitatea-energetica-ministri\/#breadcrumb\",\"itemListElement\":[{\"@type\":\"ListItem\",\"position\":1,\"name\":\"Prima pagin\u0103\",\"item\":\"https:\/\/carpathiacenter.ro\/\"},{\"@type\":\"ListItem\",\"position\":2,\"name\":\"Proiectul \u201dCoridorul Verde\u201d va rezolva foarte multe probleme regionale legate de securitatea energetic\u0103 (mini\u015ftri)\"}]},{\"@type\":\"WebSite\",\"@id\":\"https:\/\/carpathiacenter.ro\/#website\",\"url\":\"https:\/\/carpathiacenter.ro\/\",\"name\":\"Carpathia Center Romania\",\"description\":\"Impossible made possible!\",\"publisher\":{\"@id\":\"https:\/\/carpathiacenter.ro\/#organization\"},\"potentialAction\":[{\"@type\":\"SearchAction\",\"target\":{\"@type\":\"EntryPoint\",\"urlTemplate\":\"https:\/\/carpathiacenter.ro\/?s={search_term_string}\"},\"query-input\":{\"@type\":\"PropertyValueSpecification\",\"valueRequired\":true,\"valueName\":\"search_term_string\"}}],\"inLanguage\":\"en-GB\"},{\"@type\":\"Organization\",\"@id\":\"https:\/\/carpathiacenter.ro\/#organization\",\"name\":\"Carpathia Center Romania\",\"url\":\"https:\/\/carpathiacenter.ro\/\",\"logo\":{\"@type\":\"ImageObject\",\"inLanguage\":\"en-GB\",\"@id\":\"https:\/\/carpathiacenter.ro\/#\/schema\/logo\/image\/\",\"url\":\"https:\/\/carpathiacenter.ro\/wp-content\/uploads\/2024\/07\/logo-carpathia_bg_white-1024x941.png\",\"contentUrl\":\"https:\/\/carpathiacenter.ro\/wp-content\/uploads\/2024\/07\/logo-carpathia_bg_white-1024x941.png\",\"width\":1024,\"height\":941,\"caption\":\"Carpathia Center Romania\"},\"image\":{\"@id\":\"https:\/\/carpathiacenter.ro\/#\/schema\/logo\/image\/\"},\"sameAs\":[\"https:\/\/www.facebook.com\/fdpscarpathia\/\"]},{\"@type\":\"Person\",\"@id\":\"https:\/\/carpathiacenter.ro\/#\/schema\/person\/03d9f58202fee8379268f34afa195006\",\"name\":\"creativebitsolutions\",\"image\":{\"@type\":\"ImageObject\",\"inLanguage\":\"en-GB\",\"@id\":\"https:\/\/carpathiacenter.ro\/#\/schema\/person\/image\/\",\"url\":\"https:\/\/secure.gravatar.com\/avatar\/1b1a13e37f847c635dab78348f1dff2f07651ee2a3d77a5c355a4b8c75f9165a?s=96&d=mm&r=g\",\"contentUrl\":\"https:\/\/secure.gravatar.com\/avatar\/1b1a13e37f847c635dab78348f1dff2f07651ee2a3d77a5c355a4b8c75f9165a?s=96&d=mm&r=g\",\"caption\":\"creativebitsolutions\"},\"url\":\"https:\/\/carpathiacenter.ro\/en\/author\/creativebitsolutions\/\"}]}<\/script>\n<!-- \/ Yoast SEO plugin. -->","yoast_head_json":{"title":"Proiectul \u201dCoridorul Verde\u201d va rezolva foarte multe probleme regionale legate de securitatea energetic\u0103 (mini\u015ftri) - Carpathia Center Romania","robots":{"index":"index","follow":"follow","max-snippet":"max-snippet:-1","max-image-preview":"max-image-preview:large","max-video-preview":"max-video-preview:-1"},"canonical":"https:\/\/carpathiacenter.ro\/en\/proiectul-coridorul-verde-va-rezolva-foarte-multe-probleme-regionale-legate-de-securitatea-energetica-ministri\/","og_locale":"en_GB","og_type":"article","og_title":"Proiectul \u201dCoridorul Verde\u201d va rezolva foarte multe probleme regionale legate de securitatea energetic\u0103 (mini\u015ftri) - Carpathia Center Romania","og_description":"Proiectul \u201cCoridorul Verde\u201d rezolv\u0103 foarte multe probleme legate de securitatea energetic\u0103 \u00een regiune \u015fi stabile\u015fte recorduri mondiale, cum ar fi faptul c\u0103 lungimea cablului submarin ce va fi construit va fi de aproximativ 1.200 de kilometri, au reiterat, mar\u0163i, \u00eentr-o conferin\u0163\u0103 de pres\u0103, reprezentan\u0163ii ministerelor Energiei din \u0163\u0103rile participante la acest proiect sus\u0163inut de Uniunea...","og_url":"https:\/\/carpathiacenter.ro\/en\/proiectul-coridorul-verde-va-rezolva-foarte-multe-probleme-regionale-legate-de-securitatea-energetica-ministri\/","og_site_name":"Carpathia Center Romania","article_publisher":"https:\/\/www.facebook.com\/fdpscarpathia\/","article_published_time":"2024-09-04T08:15:35+00:00","og_image":[{"width":1920,"height":1080,"url":"https:\/\/carpathiacenter.ro\/wp-content\/uploads\/2024\/09\/Coridorul_verde.jpg","type":"image\/jpeg"}],"author":"creativebitsolutions","twitter_card":"summary_large_image","twitter_misc":{"Written by":"creativebitsolutions","Estimated reading time":"6 minutes"},"schema":{"@context":"https:\/\/schema.org","@graph":[{"@type":"Article","@id":"https:\/\/carpathiacenter.ro\/proiectul-coridorul-verde-va-rezolva-foarte-multe-probleme-regionale-legate-de-securitatea-energetica-ministri\/#article","isPartOf":{"@id":"https:\/\/carpathiacenter.ro\/proiectul-coridorul-verde-va-rezolva-foarte-multe-probleme-regionale-legate-de-securitatea-energetica-ministri\/"},"author":{"name":"creativebitsolutions","@id":"https:\/\/carpathiacenter.ro\/#\/schema\/person\/03d9f58202fee8379268f34afa195006"},"headline":"Proiectul \u201dCoridorul Verde\u201d va rezolva foarte multe probleme regionale legate de securitatea energetic\u0103 (mini\u015ftri)","datePublished":"2024-09-04T08:15:35+00:00","mainEntityOfPage":{"@id":"https:\/\/carpathiacenter.ro\/proiectul-coridorul-verde-va-rezolva-foarte-multe-probleme-regionale-legate-de-securitatea-energetica-ministri\/"},"wordCount":1192,"commentCount":0,"publisher":{"@id":"https:\/\/carpathiacenter.ro\/#organization"},"image":{"@id":"https:\/\/carpathiacenter.ro\/proiectul-coridorul-verde-va-rezolva-foarte-multe-probleme-regionale-legate-de-securitatea-energetica-ministri\/#primaryimage"},"thumbnailUrl":"https:\/\/carpathiacenter.ro\/wp-content\/uploads\/2024\/09\/Coridorul_verde.jpg","articleSection":["Uncategorized"],"inLanguage":"en-GB","potentialAction":[{"@type":"CommentAction","name":"Comment","target":["https:\/\/carpathiacenter.ro\/proiectul-coridorul-verde-va-rezolva-foarte-multe-probleme-regionale-legate-de-securitatea-energetica-ministri\/#respond"]}]},{"@type":"WebPage","@id":"https:\/\/carpathiacenter.ro\/proiectul-coridorul-verde-va-rezolva-foarte-multe-probleme-regionale-legate-de-securitatea-energetica-ministri\/","url":"https:\/\/carpathiacenter.ro\/proiectul-coridorul-verde-va-rezolva-foarte-multe-probleme-regionale-legate-de-securitatea-energetica-ministri\/","name":"Proiectul \u201dCoridorul Verde\u201d va rezolva foarte multe probleme regionale legate de securitatea energetic\u0103 (mini\u015ftri) - Carpathia Center Romania","isPartOf":{"@id":"https:\/\/carpathiacenter.ro\/#website"},"primaryImageOfPage":{"@id":"https:\/\/carpathiacenter.ro\/proiectul-coridorul-verde-va-rezolva-foarte-multe-probleme-regionale-legate-de-securitatea-energetica-ministri\/#primaryimage"},"image":{"@id":"https:\/\/carpathiacenter.ro\/proiectul-coridorul-verde-va-rezolva-foarte-multe-probleme-regionale-legate-de-securitatea-energetica-ministri\/#primaryimage"},"thumbnailUrl":"https:\/\/carpathiacenter.ro\/wp-content\/uploads\/2024\/09\/Coridorul_verde.jpg","datePublished":"2024-09-04T08:15:35+00:00","breadcrumb":{"@id":"https:\/\/carpathiacenter.ro\/proiectul-coridorul-verde-va-rezolva-foarte-multe-probleme-regionale-legate-de-securitatea-energetica-ministri\/#breadcrumb"},"inLanguage":"en-GB","potentialAction":[{"@type":"ReadAction","target":["https:\/\/carpathiacenter.ro\/proiectul-coridorul-verde-va-rezolva-foarte-multe-probleme-regionale-legate-de-securitatea-energetica-ministri\/"]}]},{"@type":"ImageObject","inLanguage":"en-GB","@id":"https:\/\/carpathiacenter.ro\/proiectul-coridorul-verde-va-rezolva-foarte-multe-probleme-regionale-legate-de-securitatea-energetica-ministri\/#primaryimage","url":"https:\/\/carpathiacenter.ro\/wp-content\/uploads\/2024\/09\/Coridorul_verde.jpg","contentUrl":"https:\/\/carpathiacenter.ro\/wp-content\/uploads\/2024\/09\/Coridorul_verde.jpg","width":1920,"height":1080},{"@type":"BreadcrumbList","@id":"https:\/\/carpathiacenter.ro\/proiectul-coridorul-verde-va-rezolva-foarte-multe-probleme-regionale-legate-de-securitatea-energetica-ministri\/#breadcrumb","itemListElement":[{"@type":"ListItem","position":1,"name":"Prima pagin\u0103","item":"https:\/\/carpathiacenter.ro\/"},{"@type":"ListItem","position":2,"name":"Proiectul \u201dCoridorul Verde\u201d va rezolva foarte multe probleme regionale legate de securitatea energetic\u0103 (mini\u015ftri)"}]},{"@type":"WebSite","@id":"https:\/\/carpathiacenter.ro\/#website","url":"https:\/\/carpathiacenter.ro\/","name":"Carpathia Center Romania","description":"Impossible made possible!","publisher":{"@id":"https:\/\/carpathiacenter.ro\/#organization"},"potentialAction":[{"@type":"SearchAction","target":{"@type":"EntryPoint","urlTemplate":"https:\/\/carpathiacenter.ro\/?s={search_term_string}"},"query-input":{"@type":"PropertyValueSpecification","valueRequired":true,"valueName":"search_term_string"}}],"inLanguage":"en-GB"},{"@type":"Organization","@id":"https:\/\/carpathiacenter.ro\/#organization","name":"Carpathia Center Romania","url":"https:\/\/carpathiacenter.ro\/","logo":{"@type":"ImageObject","inLanguage":"en-GB","@id":"https:\/\/carpathiacenter.ro\/#\/schema\/logo\/image\/","url":"https:\/\/carpathiacenter.ro\/wp-content\/uploads\/2024\/07\/logo-carpathia_bg_white-1024x941.png","contentUrl":"https:\/\/carpathiacenter.ro\/wp-content\/uploads\/2024\/07\/logo-carpathia_bg_white-1024x941.png","width":1024,"height":941,"caption":"Carpathia Center Romania"},"image":{"@id":"https:\/\/carpathiacenter.ro\/#\/schema\/logo\/image\/"},"sameAs":["https:\/\/www.facebook.com\/fdpscarpathia\/"]},{"@type":"Person","@id":"https:\/\/carpathiacenter.ro\/#\/schema\/person\/03d9f58202fee8379268f34afa195006","name":"creativebitsolutions","image":{"@type":"ImageObject","inLanguage":"en-GB","@id":"https:\/\/carpathiacenter.ro\/#\/schema\/person\/image\/","url":"https:\/\/secure.gravatar.com\/avatar\/1b1a13e37f847c635dab78348f1dff2f07651ee2a3d77a5c355a4b8c75f9165a?s=96&d=mm&r=g","contentUrl":"https:\/\/secure.gravatar.com\/avatar\/1b1a13e37f847c635dab78348f1dff2f07651ee2a3d77a5c355a4b8c75f9165a?s=96&d=mm&r=g","caption":"creativebitsolutions"},"url":"https:\/\/carpathiacenter.ro\/en\/author\/creativebitsolutions\/"}]}},"_links":{"self":[{"href":"https:\/\/carpathiacenter.ro\/en\/wp-json\/wp\/v2\/posts\/1191","targetHints":{"allow":["GET"]}}],"collection":[{"href":"https:\/\/carpathiacenter.ro\/en\/wp-json\/wp\/v2\/posts"}],"about":[{"href":"https:\/\/carpathiacenter.ro\/en\/wp-json\/wp\/v2\/types\/post"}],"author":[{"embeddable":true,"href":"https:\/\/carpathiacenter.ro\/en\/wp-json\/wp\/v2\/users\/4"}],"replies":[{"embeddable":true,"href":"https:\/\/carpathiacenter.ro\/en\/wp-json\/wp\/v2\/comments?post=1191"}],"version-history":[{"count":2,"href":"https:\/\/carpathiacenter.ro\/en\/wp-json\/wp\/v2\/posts\/1191\/revisions"}],"predecessor-version":[{"id":1194,"href":"https:\/\/carpathiacenter.ro\/en\/wp-json\/wp\/v2\/posts\/1191\/revisions\/1194"}],"wp:featuredmedia":[{"embeddable":true,"href":"https:\/\/carpathiacenter.ro\/en\/wp-json\/wp\/v2\/media\/1192"}],"wp:attachment":[{"href":"https:\/\/carpathiacenter.ro\/en\/wp-json\/wp\/v2\/media?parent=1191"}],"wp:term":[{"taxonomy":"category","embeddable":true,"href":"https:\/\/carpathiacenter.ro\/en\/wp-json\/wp\/v2\/categories?post=1191"},{"taxonomy":"post_tag","embeddable":true,"href":"https:\/\/carpathiacenter.ro\/en\/wp-json\/wp\/v2\/tags?post=1191"}],"curies":[{"name":"wp","href":"https:\/\/api.w.org\/{rel}","templated":true}]}}