{"id":1160,"date":"2024-09-02T08:09:51","date_gmt":"2024-09-02T08:09:51","guid":{"rendered":"https:\/\/carpathiacenter.ro\/?p=1160"},"modified":"2024-09-02T08:13:31","modified_gmt":"2024-09-02T08:13:31","slug":"parlamentul-incepe-luni-a-doua-sesiune-ordinara-a-acestui-an-si-ultima-din-actuala-legislatura","status":"publish","type":"post","link":"https:\/\/carpathiacenter.ro\/en\/parlamentul-incepe-luni-a-doua-sesiune-ordinara-a-acestui-an-si-ultima-din-actuala-legislatura\/","title":{"rendered":"Parlamentul \u00eencepe luni a doua sesiune ordinar\u0103 a acestui an \u015fi ultima din actuala legislatur\u0103"},"content":{"rendered":"<div class=\"description_articol\">\n<p><strong>Parlamentul \u00eencepe luni a doua sesiune ordinar\u0103 a acestui an \u015fi ultima din actuala legislatur\u0103.<\/strong><\/p>\n<p>Camera Deputa\u0163ilor a fost convocat\u0103 pentru luni, \u00eencep\u00e2nd cu ora 15,00, \u00een noua sesiune ordinar\u0103 a anului 2024.<\/p>\n<p>Luni, \u00een prima zi din aceast\u0103 sesiune parlamentar\u0103, vor fi ale\u015fi membrii noului Birou permanent, \u015fi anume vicepre\u015fedin\u0163ii, secretarii \u015fi chestorii acestui for.<\/p>\n<p>&#8220;Camera Deputa\u0163ilor este convocat\u0103 luni, 2 septembrie, la ora 15,00, \u00een a doua sesiune ordinar\u0103 a anului 2024. (&#8230;) \u015eedin\u0163a Biroului permanent (vechea componen\u0163\u0103) va avea loc luni, \u00eencep\u00e2nd cu ora 14,30, iar de la ora 15,00 se va \u00eentruni plenul Camerei Deputa\u0163ilor. \u00cen aceea\u015fi zi, \u00een \u015fedin\u0163a de plen vor fi ale\u015fi membrii noului Birou permanent, respectiv vicepre\u015fedin\u0163ii, secretarii \u015fi chestorii acestui for&#8221;, se arat\u0103 \u00eentr-un comunicat.<\/p>\n<p>Potrivit articolului 24 din Regulamentul Camerei Deputa\u0163ilor, alegerea membrilor Biroului permanent se face la propunerea grupurilor parlamentare, \u00een conformitate cu ponderea acestora, conform configura\u0163iei politice a forului \u015fi negocierii liderilor grupurilor parlamentare.<\/p>\n<p>Conform aceluia\u015fi Regulament, lista candida\u0163ilor propu\u015fi pentru Biroul permanent se supune \u00een \u00eentregime votului Camerei Deputa\u0163ilor \u015fi se aprob\u0103 cu votul deschis al majorit\u0103\u0163ii deputa\u0163ilor prezen\u0163i.<\/p>\n<p>Camera ar urma s\u0103 aib\u0103 \u015fi un nou pre\u015fedinte, dup\u0103 ce Alfred Simonis, cel care a de\u0163inut interimar aceast\u0103 func\u0163ie, a c\u00e2\u015ftigat pe 9 iunie \u015fefia Consiliului Jude\u0163ean Timi\u015f. &#8220;De luni, 2 septembrie, voi renun\u0163a la pre\u015fedin\u0163ia Camerei Deputa\u0163ilor, m\u0103 voi retrage din aceast\u0103 pozi\u0163ie \u015fi nu voi mai candida la nicio alt\u0103 pozi\u0163ie \u00een Parlamentul Rom\u00e2niei. Ne apropiem treptat de preluarea mandatului de pre\u015fedinte al Consiliului Jude\u0163ean Timi\u015f&#8221;, spunea, pe 29 august, Alfred Simonis.<\/p>\n<p>\u015ei Senatul \u00eencepe luni o nou\u0103 sesiune ordinar\u0103, ultima a acestei legislaturi.<\/p>\n<p>&#8221;Se convoac\u0103 Senatul \u00een a doua sesiune ordinar\u0103 a anului 2024, \u00een ziua de luni, 2 septembrie, ora 15,00&#8221;, se arat\u0103 \u00een decizia semnat\u0103 de pre\u015fedintele Senatului, Nicolae Ciuc\u0103, publicat\u0103 \u00een Monitorul Oficial.<\/p>\n<p>Luni vor fi ale\u015fi membrii Biroului permanent.<\/p>\n<p>Sesiunea parlamentar\u0103 care \u00eencepe luni este ultima din actuala legislatur\u0103, av\u00e2nd \u00een vedere c\u0103 pe 1 decembrie sunt programate alegerile generale. AGERPRES\/(AS &#8211; editor: Georgiana T\u0103n\u0103sescu, editor online: Ady Iva\u015fcu)<\/p>\n<p><\/p>\n<p><a href=\"https:\/\/www.agerpres.ro\/viata-parlamentara\/2024\/09\/02\/parlamentul-incepe-luni-a-doua-sesiune-ordinara-a-acestui-an-si-ultima-din-actuala-legislatura--1348388\" target=\"_blank\" rel=\"noopener\">Sursa<\/a><\/p>\n<\/div>","protected":false},"excerpt":{"rendered":"<p>Parlamentul \u00eencepe luni a doua sesiune ordinar\u0103 a acestui an \u015fi ultima din actuala legislatur\u0103. Camera Deputa\u0163ilor a fost convocat\u0103 pentru luni, \u00eencep\u00e2nd cu ora 15,00, \u00een noua sesiune ordinar\u0103 a anului 2024. Luni, \u00een prima zi din aceast\u0103 sesiune parlamentar\u0103, vor fi ale\u015fi membrii noului Birou permanent, \u015fi anume vicepre\u015fedin\u0163ii, secretarii \u015fi chestorii acestui&#8230;<\/p>","protected":false},"author":4,"featured_media":1161,"comment_status":"open","ping_status":"open","sticky":false,"template":"","format":"standard","meta":{"footnotes":""},"categories":[1],"tags":[],"class_list":["post-1160","post","type-post","status-publish","format-standard","has-post-thumbnail","hentry","category-uncategorized"],"yoast_head":"<!-- This site is optimized with the Yoast SEO plugin v26.1.1 - https:\/\/yoast.com\/wordpress\/plugins\/seo\/ -->\n<title>Parlamentul \u00eencepe luni a doua sesiune ordinar\u0103 a acestui an \u015fi ultima din actuala legislatur\u0103 - Carpathia Center Romania<\/title>\n<meta name=\"robots\" content=\"index, follow, max-snippet:-1, max-image-preview:large, max-video-preview:-1\" \/>\n<link rel=\"canonical\" href=\"https:\/\/carpathiacenter.ro\/en\/parlamentul-incepe-luni-a-doua-sesiune-ordinara-a-acestui-an-si-ultima-din-actuala-legislatura\/\" \/>\n<meta property=\"og:locale\" content=\"en_GB\" \/>\n<meta property=\"og:type\" content=\"article\" \/>\n<meta property=\"og:title\" content=\"Parlamentul \u00eencepe luni a doua sesiune ordinar\u0103 a acestui an \u015fi ultima din actuala legislatur\u0103 - Carpathia Center Romania\" \/>\n<meta property=\"og:description\" content=\"Parlamentul \u00eencepe luni a doua sesiune ordinar\u0103 a acestui an \u015fi ultima din actuala legislatur\u0103. Camera Deputa\u0163ilor a fost convocat\u0103 pentru luni, \u00eencep\u00e2nd cu ora 15,00, \u00een noua sesiune ordinar\u0103 a anului 2024. Luni, \u00een prima zi din aceast\u0103 sesiune parlamentar\u0103, vor fi ale\u015fi membrii noului Birou permanent, \u015fi anume vicepre\u015fedin\u0163ii, secretarii \u015fi chestorii acestui...\" \/>\n<meta property=\"og:url\" content=\"https:\/\/carpathiacenter.ro\/en\/parlamentul-incepe-luni-a-doua-sesiune-ordinara-a-acestui-an-si-ultima-din-actuala-legislatura\/\" \/>\n<meta property=\"og:site_name\" content=\"Carpathia Center Romania\" \/>\n<meta property=\"article:publisher\" content=\"https:\/\/www.facebook.com\/fdpscarpathia\/\" \/>\n<meta property=\"article:published_time\" content=\"2024-09-02T08:09:51+00:00\" \/>\n<meta property=\"article:modified_time\" content=\"2024-09-02T08:13:31+00:00\" \/>\n<meta property=\"og:image\" content=\"https:\/\/carpathiacenter.ro\/wp-content\/uploads\/2024\/09\/aD00NDAmaGFzaD1hZjc0ZTYwYTQwNDYyZmE0N2NlNzQyYTU1MDZiMmNjNA.thumb_.jpg\" \/>\n\t<meta property=\"og:image:width\" content=\"780\" \/>\n\t<meta property=\"og:image:height\" content=\"440\" \/>\n\t<meta property=\"og:image:type\" content=\"image\/jpeg\" \/>\n<meta name=\"author\" content=\"creativebitsolutions\" \/>\n<meta name=\"twitter:card\" content=\"summary_large_image\" \/>\n<meta name=\"twitter:label1\" content=\"Written by\" \/>\n\t<meta name=\"twitter:data1\" content=\"creativebitsolutions\" \/>\n\t<meta name=\"twitter:label2\" content=\"Estimated reading time\" \/>\n\t<meta name=\"twitter:data2\" content=\"2 minutes\" \/>\n<script type=\"application\/ld+json\" class=\"yoast-schema-graph\">{\"@context\":\"https:\/\/schema.org\",\"@graph\":[{\"@type\":\"Article\",\"@id\":\"https:\/\/carpathiacenter.ro\/parlamentul-incepe-luni-a-doua-sesiune-ordinara-a-acestui-an-si-ultima-din-actuala-legislatura\/#article\",\"isPartOf\":{\"@id\":\"https:\/\/carpathiacenter.ro\/parlamentul-incepe-luni-a-doua-sesiune-ordinara-a-acestui-an-si-ultima-din-actuala-legislatura\/\"},\"author\":{\"name\":\"creativebitsolutions\",\"@id\":\"https:\/\/carpathiacenter.ro\/#\/schema\/person\/03d9f58202fee8379268f34afa195006\"},\"headline\":\"Parlamentul \u00eencepe luni a doua sesiune ordinar\u0103 a acestui an \u015fi ultima din actuala legislatur\u0103\",\"datePublished\":\"2024-09-02T08:09:51+00:00\",\"dateModified\":\"2024-09-02T08:13:31+00:00\",\"mainEntityOfPage\":{\"@id\":\"https:\/\/carpathiacenter.ro\/parlamentul-incepe-luni-a-doua-sesiune-ordinara-a-acestui-an-si-ultima-din-actuala-legislatura\/\"},\"wordCount\":383,\"commentCount\":0,\"publisher\":{\"@id\":\"https:\/\/carpathiacenter.ro\/#organization\"},\"image\":{\"@id\":\"https:\/\/carpathiacenter.ro\/parlamentul-incepe-luni-a-doua-sesiune-ordinara-a-acestui-an-si-ultima-din-actuala-legislatura\/#primaryimage\"},\"thumbnailUrl\":\"https:\/\/carpathiacenter.ro\/wp-content\/uploads\/2024\/09\/aD00NDAmaGFzaD1hZjc0ZTYwYTQwNDYyZmE0N2NlNzQyYTU1MDZiMmNjNA.thumb_.jpg\",\"articleSection\":[\"Uncategorized\"],\"inLanguage\":\"en-GB\",\"potentialAction\":[{\"@type\":\"CommentAction\",\"name\":\"Comment\",\"target\":[\"https:\/\/carpathiacenter.ro\/parlamentul-incepe-luni-a-doua-sesiune-ordinara-a-acestui-an-si-ultima-din-actuala-legislatura\/#respond\"]}]},{\"@type\":\"WebPage\",\"@id\":\"https:\/\/carpathiacenter.ro\/parlamentul-incepe-luni-a-doua-sesiune-ordinara-a-acestui-an-si-ultima-din-actuala-legislatura\/\",\"url\":\"https:\/\/carpathiacenter.ro\/parlamentul-incepe-luni-a-doua-sesiune-ordinara-a-acestui-an-si-ultima-din-actuala-legislatura\/\",\"name\":\"Parlamentul \u00eencepe luni a doua sesiune ordinar\u0103 a acestui an \u015fi ultima din actuala legislatur\u0103 - Carpathia Center Romania\",\"isPartOf\":{\"@id\":\"https:\/\/carpathiacenter.ro\/#website\"},\"primaryImageOfPage\":{\"@id\":\"https:\/\/carpathiacenter.ro\/parlamentul-incepe-luni-a-doua-sesiune-ordinara-a-acestui-an-si-ultima-din-actuala-legislatura\/#primaryimage\"},\"image\":{\"@id\":\"https:\/\/carpathiacenter.ro\/parlamentul-incepe-luni-a-doua-sesiune-ordinara-a-acestui-an-si-ultima-din-actuala-legislatura\/#primaryimage\"},\"thumbnailUrl\":\"https:\/\/carpathiacenter.ro\/wp-content\/uploads\/2024\/09\/aD00NDAmaGFzaD1hZjc0ZTYwYTQwNDYyZmE0N2NlNzQyYTU1MDZiMmNjNA.thumb_.jpg\",\"datePublished\":\"2024-09-02T08:09:51+00:00\",\"dateModified\":\"2024-09-02T08:13:31+00:00\",\"breadcrumb\":{\"@id\":\"https:\/\/carpathiacenter.ro\/parlamentul-incepe-luni-a-doua-sesiune-ordinara-a-acestui-an-si-ultima-din-actuala-legislatura\/#breadcrumb\"},\"inLanguage\":\"en-GB\",\"potentialAction\":[{\"@type\":\"ReadAction\",\"target\":[\"https:\/\/carpathiacenter.ro\/parlamentul-incepe-luni-a-doua-sesiune-ordinara-a-acestui-an-si-ultima-din-actuala-legislatura\/\"]}]},{\"@type\":\"ImageObject\",\"inLanguage\":\"en-GB\",\"@id\":\"https:\/\/carpathiacenter.ro\/parlamentul-incepe-luni-a-doua-sesiune-ordinara-a-acestui-an-si-ultima-din-actuala-legislatura\/#primaryimage\",\"url\":\"https:\/\/carpathiacenter.ro\/wp-content\/uploads\/2024\/09\/aD00NDAmaGFzaD1hZjc0ZTYwYTQwNDYyZmE0N2NlNzQyYTU1MDZiMmNjNA.thumb_.jpg\",\"contentUrl\":\"https:\/\/carpathiacenter.ro\/wp-content\/uploads\/2024\/09\/aD00NDAmaGFzaD1hZjc0ZTYwYTQwNDYyZmE0N2NlNzQyYTU1MDZiMmNjNA.thumb_.jpg\",\"width\":780,\"height\":440},{\"@type\":\"BreadcrumbList\",\"@id\":\"https:\/\/carpathiacenter.ro\/parlamentul-incepe-luni-a-doua-sesiune-ordinara-a-acestui-an-si-ultima-din-actuala-legislatura\/#breadcrumb\",\"itemListElement\":[{\"@type\":\"ListItem\",\"position\":1,\"name\":\"Prima pagin\u0103\",\"item\":\"https:\/\/carpathiacenter.ro\/\"},{\"@type\":\"ListItem\",\"position\":2,\"name\":\"Parlamentul \u00eencepe luni a doua sesiune ordinar\u0103 a acestui an \u015fi ultima din actuala legislatur\u0103\"}]},{\"@type\":\"WebSite\",\"@id\":\"https:\/\/carpathiacenter.ro\/#website\",\"url\":\"https:\/\/carpathiacenter.ro\/\",\"name\":\"Carpathia Center Romania\",\"description\":\"Impossible made possible!\",\"publisher\":{\"@id\":\"https:\/\/carpathiacenter.ro\/#organization\"},\"potentialAction\":[{\"@type\":\"SearchAction\",\"target\":{\"@type\":\"EntryPoint\",\"urlTemplate\":\"https:\/\/carpathiacenter.ro\/?s={search_term_string}\"},\"query-input\":{\"@type\":\"PropertyValueSpecification\",\"valueRequired\":true,\"valueName\":\"search_term_string\"}}],\"inLanguage\":\"en-GB\"},{\"@type\":\"Organization\",\"@id\":\"https:\/\/carpathiacenter.ro\/#organization\",\"name\":\"Carpathia Center Romania\",\"url\":\"https:\/\/carpathiacenter.ro\/\",\"logo\":{\"@type\":\"ImageObject\",\"inLanguage\":\"en-GB\",\"@id\":\"https:\/\/carpathiacenter.ro\/#\/schema\/logo\/image\/\",\"url\":\"https:\/\/carpathiacenter.ro\/wp-content\/uploads\/2024\/07\/logo-carpathia_bg_white-1024x941.png\",\"contentUrl\":\"https:\/\/carpathiacenter.ro\/wp-content\/uploads\/2024\/07\/logo-carpathia_bg_white-1024x941.png\",\"width\":1024,\"height\":941,\"caption\":\"Carpathia Center Romania\"},\"image\":{\"@id\":\"https:\/\/carpathiacenter.ro\/#\/schema\/logo\/image\/\"},\"sameAs\":[\"https:\/\/www.facebook.com\/fdpscarpathia\/\"]},{\"@type\":\"Person\",\"@id\":\"https:\/\/carpathiacenter.ro\/#\/schema\/person\/03d9f58202fee8379268f34afa195006\",\"name\":\"creativebitsolutions\",\"image\":{\"@type\":\"ImageObject\",\"inLanguage\":\"en-GB\",\"@id\":\"https:\/\/carpathiacenter.ro\/#\/schema\/person\/image\/\",\"url\":\"https:\/\/secure.gravatar.com\/avatar\/1b1a13e37f847c635dab78348f1dff2f07651ee2a3d77a5c355a4b8c75f9165a?s=96&d=mm&r=g\",\"contentUrl\":\"https:\/\/secure.gravatar.com\/avatar\/1b1a13e37f847c635dab78348f1dff2f07651ee2a3d77a5c355a4b8c75f9165a?s=96&d=mm&r=g\",\"caption\":\"creativebitsolutions\"},\"url\":\"https:\/\/carpathiacenter.ro\/en\/author\/creativebitsolutions\/\"}]}<\/script>\n<!-- \/ Yoast SEO plugin. -->","yoast_head_json":{"title":"Parlamentul \u00eencepe luni a doua sesiune ordinar\u0103 a acestui an \u015fi ultima din actuala legislatur\u0103 - Carpathia Center Romania","robots":{"index":"index","follow":"follow","max-snippet":"max-snippet:-1","max-image-preview":"max-image-preview:large","max-video-preview":"max-video-preview:-1"},"canonical":"https:\/\/carpathiacenter.ro\/en\/parlamentul-incepe-luni-a-doua-sesiune-ordinara-a-acestui-an-si-ultima-din-actuala-legislatura\/","og_locale":"en_GB","og_type":"article","og_title":"Parlamentul \u00eencepe luni a doua sesiune ordinar\u0103 a acestui an \u015fi ultima din actuala legislatur\u0103 - Carpathia Center Romania","og_description":"Parlamentul \u00eencepe luni a doua sesiune ordinar\u0103 a acestui an \u015fi ultima din actuala legislatur\u0103. Camera Deputa\u0163ilor a fost convocat\u0103 pentru luni, \u00eencep\u00e2nd cu ora 15,00, \u00een noua sesiune ordinar\u0103 a anului 2024. Luni, \u00een prima zi din aceast\u0103 sesiune parlamentar\u0103, vor fi ale\u015fi membrii noului Birou permanent, \u015fi anume vicepre\u015fedin\u0163ii, secretarii \u015fi chestorii acestui...","og_url":"https:\/\/carpathiacenter.ro\/en\/parlamentul-incepe-luni-a-doua-sesiune-ordinara-a-acestui-an-si-ultima-din-actuala-legislatura\/","og_site_name":"Carpathia Center Romania","article_publisher":"https:\/\/www.facebook.com\/fdpscarpathia\/","article_published_time":"2024-09-02T08:09:51+00:00","article_modified_time":"2024-09-02T08:13:31+00:00","og_image":[{"width":780,"height":440,"url":"https:\/\/carpathiacenter.ro\/wp-content\/uploads\/2024\/09\/aD00NDAmaGFzaD1hZjc0ZTYwYTQwNDYyZmE0N2NlNzQyYTU1MDZiMmNjNA.thumb_.jpg","type":"image\/jpeg"}],"author":"creativebitsolutions","twitter_card":"summary_large_image","twitter_misc":{"Written by":"creativebitsolutions","Estimated reading time":"2 minutes"},"schema":{"@context":"https:\/\/schema.org","@graph":[{"@type":"Article","@id":"https:\/\/carpathiacenter.ro\/parlamentul-incepe-luni-a-doua-sesiune-ordinara-a-acestui-an-si-ultima-din-actuala-legislatura\/#article","isPartOf":{"@id":"https:\/\/carpathiacenter.ro\/parlamentul-incepe-luni-a-doua-sesiune-ordinara-a-acestui-an-si-ultima-din-actuala-legislatura\/"},"author":{"name":"creativebitsolutions","@id":"https:\/\/carpathiacenter.ro\/#\/schema\/person\/03d9f58202fee8379268f34afa195006"},"headline":"Parlamentul \u00eencepe luni a doua sesiune ordinar\u0103 a acestui an \u015fi ultima din actuala legislatur\u0103","datePublished":"2024-09-02T08:09:51+00:00","dateModified":"2024-09-02T08:13:31+00:00","mainEntityOfPage":{"@id":"https:\/\/carpathiacenter.ro\/parlamentul-incepe-luni-a-doua-sesiune-ordinara-a-acestui-an-si-ultima-din-actuala-legislatura\/"},"wordCount":383,"commentCount":0,"publisher":{"@id":"https:\/\/carpathiacenter.ro\/#organization"},"image":{"@id":"https:\/\/carpathiacenter.ro\/parlamentul-incepe-luni-a-doua-sesiune-ordinara-a-acestui-an-si-ultima-din-actuala-legislatura\/#primaryimage"},"thumbnailUrl":"https:\/\/carpathiacenter.ro\/wp-content\/uploads\/2024\/09\/aD00NDAmaGFzaD1hZjc0ZTYwYTQwNDYyZmE0N2NlNzQyYTU1MDZiMmNjNA.thumb_.jpg","articleSection":["Uncategorized"],"inLanguage":"en-GB","potentialAction":[{"@type":"CommentAction","name":"Comment","target":["https:\/\/carpathiacenter.ro\/parlamentul-incepe-luni-a-doua-sesiune-ordinara-a-acestui-an-si-ultima-din-actuala-legislatura\/#respond"]}]},{"@type":"WebPage","@id":"https:\/\/carpathiacenter.ro\/parlamentul-incepe-luni-a-doua-sesiune-ordinara-a-acestui-an-si-ultima-din-actuala-legislatura\/","url":"https:\/\/carpathiacenter.ro\/parlamentul-incepe-luni-a-doua-sesiune-ordinara-a-acestui-an-si-ultima-din-actuala-legislatura\/","name":"Parlamentul \u00eencepe luni a doua sesiune ordinar\u0103 a acestui an \u015fi ultima din actuala legislatur\u0103 - Carpathia Center Romania","isPartOf":{"@id":"https:\/\/carpathiacenter.ro\/#website"},"primaryImageOfPage":{"@id":"https:\/\/carpathiacenter.ro\/parlamentul-incepe-luni-a-doua-sesiune-ordinara-a-acestui-an-si-ultima-din-actuala-legislatura\/#primaryimage"},"image":{"@id":"https:\/\/carpathiacenter.ro\/parlamentul-incepe-luni-a-doua-sesiune-ordinara-a-acestui-an-si-ultima-din-actuala-legislatura\/#primaryimage"},"thumbnailUrl":"https:\/\/carpathiacenter.ro\/wp-content\/uploads\/2024\/09\/aD00NDAmaGFzaD1hZjc0ZTYwYTQwNDYyZmE0N2NlNzQyYTU1MDZiMmNjNA.thumb_.jpg","datePublished":"2024-09-02T08:09:51+00:00","dateModified":"2024-09-02T08:13:31+00:00","breadcrumb":{"@id":"https:\/\/carpathiacenter.ro\/parlamentul-incepe-luni-a-doua-sesiune-ordinara-a-acestui-an-si-ultima-din-actuala-legislatura\/#breadcrumb"},"inLanguage":"en-GB","potentialAction":[{"@type":"ReadAction","target":["https:\/\/carpathiacenter.ro\/parlamentul-incepe-luni-a-doua-sesiune-ordinara-a-acestui-an-si-ultima-din-actuala-legislatura\/"]}]},{"@type":"ImageObject","inLanguage":"en-GB","@id":"https:\/\/carpathiacenter.ro\/parlamentul-incepe-luni-a-doua-sesiune-ordinara-a-acestui-an-si-ultima-din-actuala-legislatura\/#primaryimage","url":"https:\/\/carpathiacenter.ro\/wp-content\/uploads\/2024\/09\/aD00NDAmaGFzaD1hZjc0ZTYwYTQwNDYyZmE0N2NlNzQyYTU1MDZiMmNjNA.thumb_.jpg","contentUrl":"https:\/\/carpathiacenter.ro\/wp-content\/uploads\/2024\/09\/aD00NDAmaGFzaD1hZjc0ZTYwYTQwNDYyZmE0N2NlNzQyYTU1MDZiMmNjNA.thumb_.jpg","width":780,"height":440},{"@type":"BreadcrumbList","@id":"https:\/\/carpathiacenter.ro\/parlamentul-incepe-luni-a-doua-sesiune-ordinara-a-acestui-an-si-ultima-din-actuala-legislatura\/#breadcrumb","itemListElement":[{"@type":"ListItem","position":1,"name":"Prima pagin\u0103","item":"https:\/\/carpathiacenter.ro\/"},{"@type":"ListItem","position":2,"name":"Parlamentul \u00eencepe luni a doua sesiune ordinar\u0103 a acestui an \u015fi ultima din actuala legislatur\u0103"}]},{"@type":"WebSite","@id":"https:\/\/carpathiacenter.ro\/#website","url":"https:\/\/carpathiacenter.ro\/","name":"Carpathia Center Romania","description":"Impossible made possible!","publisher":{"@id":"https:\/\/carpathiacenter.ro\/#organization"},"potentialAction":[{"@type":"SearchAction","target":{"@type":"EntryPoint","urlTemplate":"https:\/\/carpathiacenter.ro\/?s={search_term_string}"},"query-input":{"@type":"PropertyValueSpecification","valueRequired":true,"valueName":"search_term_string"}}],"inLanguage":"en-GB"},{"@type":"Organization","@id":"https:\/\/carpathiacenter.ro\/#organization","name":"Carpathia Center Romania","url":"https:\/\/carpathiacenter.ro\/","logo":{"@type":"ImageObject","inLanguage":"en-GB","@id":"https:\/\/carpathiacenter.ro\/#\/schema\/logo\/image\/","url":"https:\/\/carpathiacenter.ro\/wp-content\/uploads\/2024\/07\/logo-carpathia_bg_white-1024x941.png","contentUrl":"https:\/\/carpathiacenter.ro\/wp-content\/uploads\/2024\/07\/logo-carpathia_bg_white-1024x941.png","width":1024,"height":941,"caption":"Carpathia Center Romania"},"image":{"@id":"https:\/\/carpathiacenter.ro\/#\/schema\/logo\/image\/"},"sameAs":["https:\/\/www.facebook.com\/fdpscarpathia\/"]},{"@type":"Person","@id":"https:\/\/carpathiacenter.ro\/#\/schema\/person\/03d9f58202fee8379268f34afa195006","name":"creativebitsolutions","image":{"@type":"ImageObject","inLanguage":"en-GB","@id":"https:\/\/carpathiacenter.ro\/#\/schema\/person\/image\/","url":"https:\/\/secure.gravatar.com\/avatar\/1b1a13e37f847c635dab78348f1dff2f07651ee2a3d77a5c355a4b8c75f9165a?s=96&d=mm&r=g","contentUrl":"https:\/\/secure.gravatar.com\/avatar\/1b1a13e37f847c635dab78348f1dff2f07651ee2a3d77a5c355a4b8c75f9165a?s=96&d=mm&r=g","caption":"creativebitsolutions"},"url":"https:\/\/carpathiacenter.ro\/en\/author\/creativebitsolutions\/"}]}},"_links":{"self":[{"href":"https:\/\/carpathiacenter.ro\/en\/wp-json\/wp\/v2\/posts\/1160","targetHints":{"allow":["GET"]}}],"collection":[{"href":"https:\/\/carpathiacenter.ro\/en\/wp-json\/wp\/v2\/posts"}],"about":[{"href":"https:\/\/carpathiacenter.ro\/en\/wp-json\/wp\/v2\/types\/post"}],"author":[{"embeddable":true,"href":"https:\/\/carpathiacenter.ro\/en\/wp-json\/wp\/v2\/users\/4"}],"replies":[{"embeddable":true,"href":"https:\/\/carpathiacenter.ro\/en\/wp-json\/wp\/v2\/comments?post=1160"}],"version-history":[{"count":5,"href":"https:\/\/carpathiacenter.ro\/en\/wp-json\/wp\/v2\/posts\/1160\/revisions"}],"predecessor-version":[{"id":1166,"href":"https:\/\/carpathiacenter.ro\/en\/wp-json\/wp\/v2\/posts\/1160\/revisions\/1166"}],"wp:featuredmedia":[{"embeddable":true,"href":"https:\/\/carpathiacenter.ro\/en\/wp-json\/wp\/v2\/media\/1161"}],"wp:attachment":[{"href":"https:\/\/carpathiacenter.ro\/en\/wp-json\/wp\/v2\/media?parent=1160"}],"wp:term":[{"taxonomy":"category","embeddable":true,"href":"https:\/\/carpathiacenter.ro\/en\/wp-json\/wp\/v2\/categories?post=1160"},{"taxonomy":"post_tag","embeddable":true,"href":"https:\/\/carpathiacenter.ro\/en\/wp-json\/wp\/v2\/tags?post=1160"}],"curies":[{"name":"wp","href":"https:\/\/api.w.org\/{rel}","templated":true}]}}