{"id":1145,"date":"2024-08-29T08:47:35","date_gmt":"2024-08-29T08:47:35","guid":{"rendered":"https:\/\/carpathiacenter.ro\/?p=1145"},"modified":"2024-08-29T08:47:35","modified_gmt":"2024-08-29T08:47:35","slug":"zi-libera-intre-probele-de-la-examenele-nationale-am-tinut-cont-de-propunerile-primite","status":"publish","type":"post","link":"https:\/\/carpathiacenter.ro\/en\/zi-libera-intre-probele-de-la-examenele-nationale-am-tinut-cont-de-propunerile-primite\/","title":{"rendered":"Zi liber\u0103 \u00eentre probele de la examenele na\u0163ionale; am \u0163inut cont de propunerile primite"},"content":{"rendered":"<div class=\"description_articol\">\n<p>Ministrul Educa\u0163iei, Ligia Deca, a anun\u0163at miercuri c\u0103 va fi introdus\u0103 c\u00e2te o zi liber\u0103 \u00eentre probe la Evaluarea Na\u0163ional\u0103, dar \u015fi la Bacalaureat de anul viitor.<\/p>\n<p>&#8221;Feedback preluat: zi liber\u0103 \u00eentre probele de la examene! Am \u0163inut cont de propunerile primite \u015fi de opiniile exprimate \u00een spa\u0163iul public \u015fi vom introduce c\u00e2te o zi liber\u0103 \u00eentre probe la Evaluarea Na\u0163ional\u0103 2025. La Bacalaureat 2025 vom introduce o zi liber\u0103 dup\u0103 a doua prob\u0103&#8221;, a scris ea pe Facebook.<\/p>\n<p>Ligia Deca a ar\u0103tat c\u0103 va propune aceast\u0103 variant\u0103 de calendar cu zile libere \u00eentre probe la \u015fedin\u0163a de joi a Comisiei de Dialog Social de la nivelul Ministerului Educa\u0163iei.<\/p>\n<p>&#8221;Vom propune aceast\u0103 variant\u0103 de calendar, cu zile libere \u00eentre probe, la \u015fedin\u0163a de m\u00e2ine a Comisiei de Dialog Social de la nivelul Ministerului Educa\u0163iei, apoi vom comunica \u015fi calendarul final al examenelor. M\u0103 bucur c\u0103 primim feedback atunci c\u00e2nd lans\u0103m documente \u00een consultare public\u0103. Transparen\u0163a institu\u0163ional\u0103, feedback-ul constructiv \u015fi dialogul sunt, \u00eentotdeauna, cele mai potrivite modalit\u0103\u0163i pentru a lua cele mai bune decizii pentru copii&#8221;, a ar\u0103tat ministrul. AGERPRES\/(AS &#8211; autor: Georgiana T\u0103n\u0103sescu, editor: Mihai Simionescu, editor online: Ady Iva\u015fcu)<br \/>\n<a href=\"https:\/\/www.agerpres.ro\/educatie-stiinta\/2024\/08\/28\/deca-anunta-zi-libera-intre-probele-de-la-examenele-nationale-am-tinut-cont-de-propunerile-primite--1346807\" target=\"_blank\" rel=\"noopener\">Vezi sursa articolului<\/a>\n<\/p>\n<\/div>","protected":false},"excerpt":{"rendered":"<p>Ministrul Educa\u0163iei, Ligia Deca, a anun\u0163at miercuri c\u0103 va fi introdus\u0103 c\u00e2te o zi liber\u0103 \u00eentre probe la Evaluarea Na\u0163ional\u0103, dar \u015fi la Bacalaureat de anul viitor. &#8221;Feedback preluat: zi liber\u0103 \u00eentre probele de la examene! Am \u0163inut cont de propunerile primite \u015fi de opiniile exprimate \u00een spa\u0163iul public \u015fi vom introduce c\u00e2te o zi&#8230;<\/p>","protected":false},"author":4,"featured_media":1146,"comment_status":"open","ping_status":"open","sticky":false,"template":"","format":"standard","meta":{"footnotes":""},"categories":[1],"tags":[],"class_list":["post-1145","post","type-post","status-publish","format-standard","has-post-thumbnail","hentry","category-uncategorized"],"yoast_head":"<!-- This site is optimized with the Yoast SEO plugin v26.1.1 - https:\/\/yoast.com\/wordpress\/plugins\/seo\/ -->\n<title>Zi liber\u0103 \u00eentre probele de la examenele na\u0163ionale; am \u0163inut cont de propunerile primite - Carpathia Center Romania<\/title>\n<meta name=\"robots\" content=\"index, follow, max-snippet:-1, max-image-preview:large, max-video-preview:-1\" \/>\n<link rel=\"canonical\" href=\"https:\/\/carpathiacenter.ro\/en\/zi-libera-intre-probele-de-la-examenele-nationale-am-tinut-cont-de-propunerile-primite\/\" \/>\n<meta property=\"og:locale\" content=\"en_GB\" \/>\n<meta property=\"og:type\" content=\"article\" \/>\n<meta property=\"og:title\" content=\"Zi liber\u0103 \u00eentre probele de la examenele na\u0163ionale; am \u0163inut cont de propunerile primite - Carpathia Center Romania\" \/>\n<meta property=\"og:description\" content=\"Ministrul Educa\u0163iei, Ligia Deca, a anun\u0163at miercuri c\u0103 va fi introdus\u0103 c\u00e2te o zi liber\u0103 \u00eentre probe la Evaluarea Na\u0163ional\u0103, dar \u015fi la Bacalaureat de anul viitor. &#8221;Feedback preluat: zi liber\u0103 \u00eentre probele de la examene! Am \u0163inut cont de propunerile primite \u015fi de opiniile exprimate \u00een spa\u0163iul public \u015fi vom introduce c\u00e2te o zi...\" \/>\n<meta property=\"og:url\" content=\"https:\/\/carpathiacenter.ro\/en\/zi-libera-intre-probele-de-la-examenele-nationale-am-tinut-cont-de-propunerile-primite\/\" \/>\n<meta property=\"og:site_name\" content=\"Carpathia Center Romania\" \/>\n<meta property=\"article:publisher\" content=\"https:\/\/www.facebook.com\/fdpscarpathia\/\" \/>\n<meta property=\"article:published_time\" content=\"2024-08-29T08:47:35+00:00\" \/>\n<meta property=\"og:image\" content=\"https:\/\/carpathiacenter.ro\/wp-content\/uploads\/2024\/08\/ligia-deca-anunta-un-buget-record-pentru-educatie-si-formare-in-romania-prin-fonduri-ue-919788.jpg\" \/>\n\t<meta property=\"og:image:width\" content=\"970\" \/>\n\t<meta property=\"og:image:height\" content=\"565\" \/>\n\t<meta property=\"og:image:type\" content=\"image\/jpeg\" \/>\n<meta name=\"author\" content=\"creativebitsolutions\" \/>\n<meta name=\"twitter:card\" content=\"summary_large_image\" \/>\n<meta name=\"twitter:label1\" content=\"Written by\" \/>\n\t<meta name=\"twitter:data1\" content=\"creativebitsolutions\" \/>\n\t<meta name=\"twitter:label2\" content=\"Estimated reading time\" \/>\n\t<meta name=\"twitter:data2\" content=\"1 minute\" \/>\n<script type=\"application\/ld+json\" class=\"yoast-schema-graph\">{\"@context\":\"https:\/\/schema.org\",\"@graph\":[{\"@type\":\"Article\",\"@id\":\"https:\/\/carpathiacenter.ro\/zi-libera-intre-probele-de-la-examenele-nationale-am-tinut-cont-de-propunerile-primite\/#article\",\"isPartOf\":{\"@id\":\"https:\/\/carpathiacenter.ro\/zi-libera-intre-probele-de-la-examenele-nationale-am-tinut-cont-de-propunerile-primite\/\"},\"author\":{\"name\":\"creativebitsolutions\",\"@id\":\"https:\/\/carpathiacenter.ro\/#\/schema\/person\/03d9f58202fee8379268f34afa195006\"},\"headline\":\"Zi liber\u0103 \u00eentre probele de la examenele na\u0163ionale; am \u0163inut cont de propunerile primite\",\"datePublished\":\"2024-08-29T08:47:35+00:00\",\"mainEntityOfPage\":{\"@id\":\"https:\/\/carpathiacenter.ro\/zi-libera-intre-probele-de-la-examenele-nationale-am-tinut-cont-de-propunerile-primite\/\"},\"wordCount\":229,\"commentCount\":0,\"publisher\":{\"@id\":\"https:\/\/carpathiacenter.ro\/#organization\"},\"image\":{\"@id\":\"https:\/\/carpathiacenter.ro\/zi-libera-intre-probele-de-la-examenele-nationale-am-tinut-cont-de-propunerile-primite\/#primaryimage\"},\"thumbnailUrl\":\"https:\/\/carpathiacenter.ro\/wp-content\/uploads\/2024\/08\/ligia-deca-anunta-un-buget-record-pentru-educatie-si-formare-in-romania-prin-fonduri-ue-919788.jpg\",\"articleSection\":[\"Uncategorized\"],\"inLanguage\":\"en-GB\",\"potentialAction\":[{\"@type\":\"CommentAction\",\"name\":\"Comment\",\"target\":[\"https:\/\/carpathiacenter.ro\/zi-libera-intre-probele-de-la-examenele-nationale-am-tinut-cont-de-propunerile-primite\/#respond\"]}]},{\"@type\":\"WebPage\",\"@id\":\"https:\/\/carpathiacenter.ro\/zi-libera-intre-probele-de-la-examenele-nationale-am-tinut-cont-de-propunerile-primite\/\",\"url\":\"https:\/\/carpathiacenter.ro\/zi-libera-intre-probele-de-la-examenele-nationale-am-tinut-cont-de-propunerile-primite\/\",\"name\":\"Zi liber\u0103 \u00eentre probele de la examenele na\u0163ionale; am \u0163inut cont de propunerile primite - Carpathia Center Romania\",\"isPartOf\":{\"@id\":\"https:\/\/carpathiacenter.ro\/#website\"},\"primaryImageOfPage\":{\"@id\":\"https:\/\/carpathiacenter.ro\/zi-libera-intre-probele-de-la-examenele-nationale-am-tinut-cont-de-propunerile-primite\/#primaryimage\"},\"image\":{\"@id\":\"https:\/\/carpathiacenter.ro\/zi-libera-intre-probele-de-la-examenele-nationale-am-tinut-cont-de-propunerile-primite\/#primaryimage\"},\"thumbnailUrl\":\"https:\/\/carpathiacenter.ro\/wp-content\/uploads\/2024\/08\/ligia-deca-anunta-un-buget-record-pentru-educatie-si-formare-in-romania-prin-fonduri-ue-919788.jpg\",\"datePublished\":\"2024-08-29T08:47:35+00:00\",\"breadcrumb\":{\"@id\":\"https:\/\/carpathiacenter.ro\/zi-libera-intre-probele-de-la-examenele-nationale-am-tinut-cont-de-propunerile-primite\/#breadcrumb\"},\"inLanguage\":\"en-GB\",\"potentialAction\":[{\"@type\":\"ReadAction\",\"target\":[\"https:\/\/carpathiacenter.ro\/zi-libera-intre-probele-de-la-examenele-nationale-am-tinut-cont-de-propunerile-primite\/\"]}]},{\"@type\":\"ImageObject\",\"inLanguage\":\"en-GB\",\"@id\":\"https:\/\/carpathiacenter.ro\/zi-libera-intre-probele-de-la-examenele-nationale-am-tinut-cont-de-propunerile-primite\/#primaryimage\",\"url\":\"https:\/\/carpathiacenter.ro\/wp-content\/uploads\/2024\/08\/ligia-deca-anunta-un-buget-record-pentru-educatie-si-formare-in-romania-prin-fonduri-ue-919788.jpg\",\"contentUrl\":\"https:\/\/carpathiacenter.ro\/wp-content\/uploads\/2024\/08\/ligia-deca-anunta-un-buget-record-pentru-educatie-si-formare-in-romania-prin-fonduri-ue-919788.jpg\",\"width\":970,\"height\":565},{\"@type\":\"BreadcrumbList\",\"@id\":\"https:\/\/carpathiacenter.ro\/zi-libera-intre-probele-de-la-examenele-nationale-am-tinut-cont-de-propunerile-primite\/#breadcrumb\",\"itemListElement\":[{\"@type\":\"ListItem\",\"position\":1,\"name\":\"Prima pagin\u0103\",\"item\":\"https:\/\/carpathiacenter.ro\/\"},{\"@type\":\"ListItem\",\"position\":2,\"name\":\"Zi liber\u0103 \u00eentre probele de la examenele na\u0163ionale; am \u0163inut cont de propunerile primite\"}]},{\"@type\":\"WebSite\",\"@id\":\"https:\/\/carpathiacenter.ro\/#website\",\"url\":\"https:\/\/carpathiacenter.ro\/\",\"name\":\"Carpathia Center Romania\",\"description\":\"Impossible made possible!\",\"publisher\":{\"@id\":\"https:\/\/carpathiacenter.ro\/#organization\"},\"potentialAction\":[{\"@type\":\"SearchAction\",\"target\":{\"@type\":\"EntryPoint\",\"urlTemplate\":\"https:\/\/carpathiacenter.ro\/?s={search_term_string}\"},\"query-input\":{\"@type\":\"PropertyValueSpecification\",\"valueRequired\":true,\"valueName\":\"search_term_string\"}}],\"inLanguage\":\"en-GB\"},{\"@type\":\"Organization\",\"@id\":\"https:\/\/carpathiacenter.ro\/#organization\",\"name\":\"Carpathia Center Romania\",\"url\":\"https:\/\/carpathiacenter.ro\/\",\"logo\":{\"@type\":\"ImageObject\",\"inLanguage\":\"en-GB\",\"@id\":\"https:\/\/carpathiacenter.ro\/#\/schema\/logo\/image\/\",\"url\":\"https:\/\/carpathiacenter.ro\/wp-content\/uploads\/2024\/07\/logo-carpathia_bg_white-1024x941.png\",\"contentUrl\":\"https:\/\/carpathiacenter.ro\/wp-content\/uploads\/2024\/07\/logo-carpathia_bg_white-1024x941.png\",\"width\":1024,\"height\":941,\"caption\":\"Carpathia Center Romania\"},\"image\":{\"@id\":\"https:\/\/carpathiacenter.ro\/#\/schema\/logo\/image\/\"},\"sameAs\":[\"https:\/\/www.facebook.com\/fdpscarpathia\/\"]},{\"@type\":\"Person\",\"@id\":\"https:\/\/carpathiacenter.ro\/#\/schema\/person\/03d9f58202fee8379268f34afa195006\",\"name\":\"creativebitsolutions\",\"image\":{\"@type\":\"ImageObject\",\"inLanguage\":\"en-GB\",\"@id\":\"https:\/\/carpathiacenter.ro\/#\/schema\/person\/image\/\",\"url\":\"https:\/\/secure.gravatar.com\/avatar\/1b1a13e37f847c635dab78348f1dff2f07651ee2a3d77a5c355a4b8c75f9165a?s=96&d=mm&r=g\",\"contentUrl\":\"https:\/\/secure.gravatar.com\/avatar\/1b1a13e37f847c635dab78348f1dff2f07651ee2a3d77a5c355a4b8c75f9165a?s=96&d=mm&r=g\",\"caption\":\"creativebitsolutions\"},\"url\":\"https:\/\/carpathiacenter.ro\/en\/author\/creativebitsolutions\/\"}]}<\/script>\n<!-- \/ Yoast SEO plugin. -->","yoast_head_json":{"title":"Zi liber\u0103 \u00eentre probele de la examenele na\u0163ionale; am \u0163inut cont de propunerile primite - Carpathia Center Romania","robots":{"index":"index","follow":"follow","max-snippet":"max-snippet:-1","max-image-preview":"max-image-preview:large","max-video-preview":"max-video-preview:-1"},"canonical":"https:\/\/carpathiacenter.ro\/en\/zi-libera-intre-probele-de-la-examenele-nationale-am-tinut-cont-de-propunerile-primite\/","og_locale":"en_GB","og_type":"article","og_title":"Zi liber\u0103 \u00eentre probele de la examenele na\u0163ionale; am \u0163inut cont de propunerile primite - Carpathia Center Romania","og_description":"Ministrul Educa\u0163iei, Ligia Deca, a anun\u0163at miercuri c\u0103 va fi introdus\u0103 c\u00e2te o zi liber\u0103 \u00eentre probe la Evaluarea Na\u0163ional\u0103, dar \u015fi la Bacalaureat de anul viitor. &#8221;Feedback preluat: zi liber\u0103 \u00eentre probele de la examene! Am \u0163inut cont de propunerile primite \u015fi de opiniile exprimate \u00een spa\u0163iul public \u015fi vom introduce c\u00e2te o zi...","og_url":"https:\/\/carpathiacenter.ro\/en\/zi-libera-intre-probele-de-la-examenele-nationale-am-tinut-cont-de-propunerile-primite\/","og_site_name":"Carpathia Center Romania","article_publisher":"https:\/\/www.facebook.com\/fdpscarpathia\/","article_published_time":"2024-08-29T08:47:35+00:00","og_image":[{"width":970,"height":565,"url":"https:\/\/carpathiacenter.ro\/wp-content\/uploads\/2024\/08\/ligia-deca-anunta-un-buget-record-pentru-educatie-si-formare-in-romania-prin-fonduri-ue-919788.jpg","type":"image\/jpeg"}],"author":"creativebitsolutions","twitter_card":"summary_large_image","twitter_misc":{"Written by":"creativebitsolutions","Estimated reading time":"1 minute"},"schema":{"@context":"https:\/\/schema.org","@graph":[{"@type":"Article","@id":"https:\/\/carpathiacenter.ro\/zi-libera-intre-probele-de-la-examenele-nationale-am-tinut-cont-de-propunerile-primite\/#article","isPartOf":{"@id":"https:\/\/carpathiacenter.ro\/zi-libera-intre-probele-de-la-examenele-nationale-am-tinut-cont-de-propunerile-primite\/"},"author":{"name":"creativebitsolutions","@id":"https:\/\/carpathiacenter.ro\/#\/schema\/person\/03d9f58202fee8379268f34afa195006"},"headline":"Zi liber\u0103 \u00eentre probele de la examenele na\u0163ionale; am \u0163inut cont de propunerile primite","datePublished":"2024-08-29T08:47:35+00:00","mainEntityOfPage":{"@id":"https:\/\/carpathiacenter.ro\/zi-libera-intre-probele-de-la-examenele-nationale-am-tinut-cont-de-propunerile-primite\/"},"wordCount":229,"commentCount":0,"publisher":{"@id":"https:\/\/carpathiacenter.ro\/#organization"},"image":{"@id":"https:\/\/carpathiacenter.ro\/zi-libera-intre-probele-de-la-examenele-nationale-am-tinut-cont-de-propunerile-primite\/#primaryimage"},"thumbnailUrl":"https:\/\/carpathiacenter.ro\/wp-content\/uploads\/2024\/08\/ligia-deca-anunta-un-buget-record-pentru-educatie-si-formare-in-romania-prin-fonduri-ue-919788.jpg","articleSection":["Uncategorized"],"inLanguage":"en-GB","potentialAction":[{"@type":"CommentAction","name":"Comment","target":["https:\/\/carpathiacenter.ro\/zi-libera-intre-probele-de-la-examenele-nationale-am-tinut-cont-de-propunerile-primite\/#respond"]}]},{"@type":"WebPage","@id":"https:\/\/carpathiacenter.ro\/zi-libera-intre-probele-de-la-examenele-nationale-am-tinut-cont-de-propunerile-primite\/","url":"https:\/\/carpathiacenter.ro\/zi-libera-intre-probele-de-la-examenele-nationale-am-tinut-cont-de-propunerile-primite\/","name":"Zi liber\u0103 \u00eentre probele de la examenele na\u0163ionale; am \u0163inut cont de propunerile primite - Carpathia Center Romania","isPartOf":{"@id":"https:\/\/carpathiacenter.ro\/#website"},"primaryImageOfPage":{"@id":"https:\/\/carpathiacenter.ro\/zi-libera-intre-probele-de-la-examenele-nationale-am-tinut-cont-de-propunerile-primite\/#primaryimage"},"image":{"@id":"https:\/\/carpathiacenter.ro\/zi-libera-intre-probele-de-la-examenele-nationale-am-tinut-cont-de-propunerile-primite\/#primaryimage"},"thumbnailUrl":"https:\/\/carpathiacenter.ro\/wp-content\/uploads\/2024\/08\/ligia-deca-anunta-un-buget-record-pentru-educatie-si-formare-in-romania-prin-fonduri-ue-919788.jpg","datePublished":"2024-08-29T08:47:35+00:00","breadcrumb":{"@id":"https:\/\/carpathiacenter.ro\/zi-libera-intre-probele-de-la-examenele-nationale-am-tinut-cont-de-propunerile-primite\/#breadcrumb"},"inLanguage":"en-GB","potentialAction":[{"@type":"ReadAction","target":["https:\/\/carpathiacenter.ro\/zi-libera-intre-probele-de-la-examenele-nationale-am-tinut-cont-de-propunerile-primite\/"]}]},{"@type":"ImageObject","inLanguage":"en-GB","@id":"https:\/\/carpathiacenter.ro\/zi-libera-intre-probele-de-la-examenele-nationale-am-tinut-cont-de-propunerile-primite\/#primaryimage","url":"https:\/\/carpathiacenter.ro\/wp-content\/uploads\/2024\/08\/ligia-deca-anunta-un-buget-record-pentru-educatie-si-formare-in-romania-prin-fonduri-ue-919788.jpg","contentUrl":"https:\/\/carpathiacenter.ro\/wp-content\/uploads\/2024\/08\/ligia-deca-anunta-un-buget-record-pentru-educatie-si-formare-in-romania-prin-fonduri-ue-919788.jpg","width":970,"height":565},{"@type":"BreadcrumbList","@id":"https:\/\/carpathiacenter.ro\/zi-libera-intre-probele-de-la-examenele-nationale-am-tinut-cont-de-propunerile-primite\/#breadcrumb","itemListElement":[{"@type":"ListItem","position":1,"name":"Prima pagin\u0103","item":"https:\/\/carpathiacenter.ro\/"},{"@type":"ListItem","position":2,"name":"Zi liber\u0103 \u00eentre probele de la examenele na\u0163ionale; am \u0163inut cont de propunerile primite"}]},{"@type":"WebSite","@id":"https:\/\/carpathiacenter.ro\/#website","url":"https:\/\/carpathiacenter.ro\/","name":"Carpathia Center Romania","description":"Impossible made possible!","publisher":{"@id":"https:\/\/carpathiacenter.ro\/#organization"},"potentialAction":[{"@type":"SearchAction","target":{"@type":"EntryPoint","urlTemplate":"https:\/\/carpathiacenter.ro\/?s={search_term_string}"},"query-input":{"@type":"PropertyValueSpecification","valueRequired":true,"valueName":"search_term_string"}}],"inLanguage":"en-GB"},{"@type":"Organization","@id":"https:\/\/carpathiacenter.ro\/#organization","name":"Carpathia Center Romania","url":"https:\/\/carpathiacenter.ro\/","logo":{"@type":"ImageObject","inLanguage":"en-GB","@id":"https:\/\/carpathiacenter.ro\/#\/schema\/logo\/image\/","url":"https:\/\/carpathiacenter.ro\/wp-content\/uploads\/2024\/07\/logo-carpathia_bg_white-1024x941.png","contentUrl":"https:\/\/carpathiacenter.ro\/wp-content\/uploads\/2024\/07\/logo-carpathia_bg_white-1024x941.png","width":1024,"height":941,"caption":"Carpathia Center Romania"},"image":{"@id":"https:\/\/carpathiacenter.ro\/#\/schema\/logo\/image\/"},"sameAs":["https:\/\/www.facebook.com\/fdpscarpathia\/"]},{"@type":"Person","@id":"https:\/\/carpathiacenter.ro\/#\/schema\/person\/03d9f58202fee8379268f34afa195006","name":"creativebitsolutions","image":{"@type":"ImageObject","inLanguage":"en-GB","@id":"https:\/\/carpathiacenter.ro\/#\/schema\/person\/image\/","url":"https:\/\/secure.gravatar.com\/avatar\/1b1a13e37f847c635dab78348f1dff2f07651ee2a3d77a5c355a4b8c75f9165a?s=96&d=mm&r=g","contentUrl":"https:\/\/secure.gravatar.com\/avatar\/1b1a13e37f847c635dab78348f1dff2f07651ee2a3d77a5c355a4b8c75f9165a?s=96&d=mm&r=g","caption":"creativebitsolutions"},"url":"https:\/\/carpathiacenter.ro\/en\/author\/creativebitsolutions\/"}]}},"_links":{"self":[{"href":"https:\/\/carpathiacenter.ro\/en\/wp-json\/wp\/v2\/posts\/1145","targetHints":{"allow":["GET"]}}],"collection":[{"href":"https:\/\/carpathiacenter.ro\/en\/wp-json\/wp\/v2\/posts"}],"about":[{"href":"https:\/\/carpathiacenter.ro\/en\/wp-json\/wp\/v2\/types\/post"}],"author":[{"embeddable":true,"href":"https:\/\/carpathiacenter.ro\/en\/wp-json\/wp\/v2\/users\/4"}],"replies":[{"embeddable":true,"href":"https:\/\/carpathiacenter.ro\/en\/wp-json\/wp\/v2\/comments?post=1145"}],"version-history":[{"count":1,"href":"https:\/\/carpathiacenter.ro\/en\/wp-json\/wp\/v2\/posts\/1145\/revisions"}],"predecessor-version":[{"id":1147,"href":"https:\/\/carpathiacenter.ro\/en\/wp-json\/wp\/v2\/posts\/1145\/revisions\/1147"}],"wp:featuredmedia":[{"embeddable":true,"href":"https:\/\/carpathiacenter.ro\/en\/wp-json\/wp\/v2\/media\/1146"}],"wp:attachment":[{"href":"https:\/\/carpathiacenter.ro\/en\/wp-json\/wp\/v2\/media?parent=1145"}],"wp:term":[{"taxonomy":"category","embeddable":true,"href":"https:\/\/carpathiacenter.ro\/en\/wp-json\/wp\/v2\/categories?post=1145"},{"taxonomy":"post_tag","embeddable":true,"href":"https:\/\/carpathiacenter.ro\/en\/wp-json\/wp\/v2\/tags?post=1145"}],"curies":[{"name":"wp","href":"https:\/\/api.w.org\/{rel}","templated":true}]}}