{"id":1142,"date":"2024-08-29T08:45:03","date_gmt":"2024-08-29T08:45:03","guid":{"rendered":"https:\/\/carpathiacenter.ro\/?p=1142"},"modified":"2024-08-29T08:45:03","modified_gmt":"2024-08-29T08:45:03","slug":"29-august-ziua-internationala-impotriva-testelor-nucleare-onu","status":"publish","type":"post","link":"https:\/\/carpathiacenter.ro\/en\/29-august-ziua-internationala-impotriva-testelor-nucleare-onu\/","title":{"rendered":"29 august &#8211; Ziua interna\u0163ional\u0103 \u00eempotriva testelor nucleare (ONU)"},"content":{"rendered":"<div class=\"description_articol\">\n<p>Ziua interna\u0163ional\u0103 \u00eempotriva testelor nucleare (&#8220;International Day against Nuclear Tests&#8221;) este marcat\u0103 \u00een fiecare an, la data de 29 august, pentru a atrage aten\u0163ia asupra efectelor negative pe care le au testele cu arme nucleare.<\/p>\n<p>Aceast\u0103 zi a fost celebrat\u0103 pentru prima dat\u0103 \u00een anul 2010. \u00cen fiecare an, ziua este marcat\u0103 prin organizarea unor activit\u0103\u0163i precum simpozioane, conferin\u0163e, expozi\u0163ii, concursuri, publica\u0163ii, prelegeri, transmisiuni media \u015fi alte ini\u0163iative.<\/p>\n<p>Ziua interna\u0163ional\u0103 \u00eempotriva testelor nucleare a fost declarat\u0103 prin Rezolu\u0163ia 64\/35, la 2 decembrie 2009, \u00een cadrul celei de-a 64-a sesiuni a Adun\u0103rii Generale a Organiza\u0163iei Na\u0163iunilor Unite (ONU), conform <a href=\"https:\/\/www.un.org\/\" target=\"_blank\" rel=\"noopener\">https:\/\/www.un.org<\/a>\/. Rezolu\u0163ia solicita cre\u015fterea gradului de con\u015ftientizare \u015fi educa\u0163ie &#8220;cu privire la efectele exploziilor de testare ale armelor nucleare sau ale oric\u0103ror explozii nucleare \u015fi la necesitatea \u00eencet\u0103rii lor ca mijloc de realizare a scopului unei lumi f\u0103r\u0103 arme nucleare&#8221;.<\/p>\n<p>De c\u00e2nd au \u00eenceput testele cu arme nucleare, la 16 iulie 1945, peste 2.000 de astfel de acte au avut loc. \u00cen primele zile ale testelor nucleare, s-a acordat pu\u0163in\u0103 aten\u0163ie efectelor lor devastatoare asupra vie\u0163ii umane, cu at\u00e2t mai pu\u0163in pericolelor provocate de precipita\u0163iile nucleare din testele atmosferice. Istoria a ar\u0103tat, \u00eens\u0103, efectele tragice ale test\u0103rii cu arme nucleare.<\/p>\n<p>&nbsp;<\/p>\n<div class=\"videoEmbed\"><iframe allowfullscreen=\"\" frameborder=\"0\" height=\"349\" mozallowfullscreen=\"\" src=\"https:\/\/www.youtube.com\/embed\/OP16wDH7nXU\" webkitallowfullscreen=\"\" width=\"560\"><\/iframe><\/div>\n<p>\nPrincipalul instrument interna\u0163ional de lupt\u0103 \u00eempotriva tuturor formelor de teste nucleare a fost negociat la Geneva, \u00eentre anii 1994 \u015fi 1996, respectiv Tratatul privind interzicerea total\u0103 a testelor nucleare (&#8220;Comprehensive Nuclear Test-Ban Treaty&#8221; &#8211; CTBT). Acesta a fost adoptat de c\u0103tre Adunarea General\u0103 a Na\u0163iunilor Unite la 10 septembrie 1996, dar nu a intrat \u00een vigoare din cauza nesemn\u0103rii sau neratific\u0103rii de c\u0103tre unele \u0163\u0103ri cu programe nucleare, de a c\u0103ror ratificare depinde intrarea \u00een vigoare a tratatului CTBT, conform <a href=\"https:\/\/www.ctbto.org\/\" target=\"_blank\" rel=\"noopener\">https:\/\/www.ctbto.org\/<\/a>.<\/p>\n<p>P\u00e2n\u0103 \u00een prezent, 187 de state au semnat Tratatul \u015fi 178 au ratificat CTBT. Rom\u00e2nia a semnat Tratatul privind interzicerea total\u0103 a testelor nucleare la 24 septembrie 1996 \u015fi l-a ratificat la 4 octombrie 1999, potrivit <a href=\"https:\/\/www.un.org\/\" target=\"_blank\" rel=\"noopener\">https:\/\/www.un.org<\/a>\/.<\/p>\n<p>\u00cen 12 decembrie 2019, Adunarea General\u0103 a adoptat Rezolu\u0163ia 74\/50, prin care a stabilit Grupul de exper\u0163i guvernamentali pentru a examina \u00een continuare chestiunile de verificare a dezarm\u0103rii nucleare.<\/p>\n<p>La 24 octombrie 2020, al 50-lea instrument de ratificare a Tratatului privind interzicerea armelor nucleare (TPNW) a fost depus la Na\u0163iunile Unite.<\/p>\n<p>\u00cen 22 ianuarie 2021, a intrat oficial \u00een vigoare Tratatul privind interzicerea armelor nucleare (TPNW &#8211; Treaty on the Prohibition of Nuclear Weapons). Acesta a fost adoptat la 7 iulie 2017. Prima reuniune a statelor semnatare ale Tratatului privind interzicerea armelor nucleare a avut loc la Viena, \u00een zilele de 21-23 iulie 2022. A doua reuniune s-a desf\u0103\u015furat la New York, \u00een intervalul 27 noiembrie-1 decembrie 2023, conform \u015fi <a href=\"https:\/\/www.un.org\/\" target=\"_blank\" rel=\"noopener\">https:\/\/www.un.org<\/a>\/ \u015fi <a href=\"https:\/\/treaties.un.org\/\" target=\"_blank\" rel=\"noopener\">https:\/\/treaties.un.org\/<\/a>.<\/p>\n<p>\u00cen perioada 22 iulie-2 august 2024, a avut loc, la Geneva, a doua sesiune a Comisiei preg\u0103titoare pentru Conferin\u0163a de revizuire a p\u0103r\u0163ilor din 2026 la Tratatul privind neproliferarea armelor nucleare (TNP), \u00een vigoare de la 5 martie 1970. Tratatul reprezint\u0103 pilonul esen\u0163ial al regimului de neproliferare a armelor nucleare la nivel global, temeiul realiz\u0103rii dezarm\u0103rii nucleare \u015fi un element important pentru dezvoltarea viitoare a aplica\u0163iilor energiei nucleare \u00een scopuri pa\u015fnice.<\/p>\n<p>Exist\u0103 \u015fi alte zile interna\u0163ionale desf\u0103\u015furate sub egida ONU, marc\u00e2nd aceea\u015fi tematic\u0103: Ziua interna\u0163ional\u0103 pentru eliminarea total\u0103 a armelor nucleare (26 septembrie), precum \u015fi Ziua interna\u0163ional\u0103 pentru dezarmare \u015fi neproliferare (5 martie). AGERPRES\/ (Documentare &#8211; Ionela Gavril, editor: Suzana Cristache Dr\u0103gan, editor online: Alexandru Cojocaru)<\/p>\n<p>&nbsp;<\/p>\n<p>Sursa foto:&nbsp;<a href=\"https:\/\/www.ctbto.org\/our-mission\/ending-nuclear-tests\" target=\"_blank\" rel=\"noopener\">www.ctbto.org<\/a><\/p>\n<\/div>","protected":false},"excerpt":{"rendered":"<p>Ziua interna\u0163ional\u0103 \u00eempotriva testelor nucleare (&#8220;International Day against Nuclear Tests&#8221;) este marcat\u0103 \u00een fiecare an, la data de 29 august, pentru a atrage aten\u0163ia asupra efectelor negative pe care le au testele cu arme nucleare. Aceast\u0103 zi a fost celebrat\u0103 pentru prima dat\u0103 \u00een anul 2010. \u00cen fiecare an, ziua este marcat\u0103 prin organizarea unor&#8230;<\/p>","protected":false},"author":4,"featured_media":1143,"comment_status":"open","ping_status":"open","sticky":false,"template":"","format":"standard","meta":{"footnotes":""},"categories":[1],"tags":[],"class_list":["post-1142","post","type-post","status-publish","format-standard","has-post-thumbnail","hentry","category-uncategorized"],"yoast_head":"<!-- This site is optimized with the Yoast SEO plugin v26.1.1 - https:\/\/yoast.com\/wordpress\/plugins\/seo\/ -->\n<title>29 august - Ziua interna\u0163ional\u0103 \u00eempotriva testelor nucleare (ONU) - Carpathia Center Romania<\/title>\n<meta name=\"robots\" content=\"index, follow, max-snippet:-1, max-image-preview:large, max-video-preview:-1\" \/>\n<link rel=\"canonical\" href=\"https:\/\/carpathiacenter.ro\/en\/29-august-ziua-internationala-impotriva-testelor-nucleare-onu\/\" \/>\n<meta property=\"og:locale\" content=\"en_GB\" \/>\n<meta property=\"og:type\" content=\"article\" \/>\n<meta property=\"og:title\" content=\"29 august - Ziua interna\u0163ional\u0103 \u00eempotriva testelor nucleare (ONU) - Carpathia Center Romania\" \/>\n<meta property=\"og:description\" content=\"Ziua interna\u0163ional\u0103 \u00eempotriva testelor nucleare (&#8220;International Day against Nuclear Tests&#8221;) este marcat\u0103 \u00een fiecare an, la data de 29 august, pentru a atrage aten\u0163ia asupra efectelor negative pe care le au testele cu arme nucleare. Aceast\u0103 zi a fost celebrat\u0103 pentru prima dat\u0103 \u00een anul 2010. \u00cen fiecare an, ziua este marcat\u0103 prin organizarea unor...\" \/>\n<meta property=\"og:url\" content=\"https:\/\/carpathiacenter.ro\/en\/29-august-ziua-internationala-impotriva-testelor-nucleare-onu\/\" \/>\n<meta property=\"og:site_name\" content=\"Carpathia Center Romania\" \/>\n<meta property=\"article:publisher\" content=\"https:\/\/www.facebook.com\/fdpscarpathia\/\" \/>\n<meta property=\"article:published_time\" content=\"2024-08-29T08:45:03+00:00\" \/>\n<meta property=\"og:image\" content=\"https:\/\/carpathiacenter.ro\/wp-content\/uploads\/2024\/08\/nuclear-bomb.webp\" \/>\n\t<meta property=\"og:image:width\" content=\"700\" \/>\n\t<meta property=\"og:image:height\" content=\"505\" \/>\n\t<meta property=\"og:image:type\" content=\"image\/webp\" \/>\n<meta name=\"author\" content=\"creativebitsolutions\" \/>\n<meta name=\"twitter:card\" content=\"summary_large_image\" \/>\n<meta name=\"twitter:label1\" content=\"Written by\" \/>\n\t<meta name=\"twitter:data1\" content=\"creativebitsolutions\" \/>\n\t<meta name=\"twitter:label2\" content=\"Estimated reading time\" \/>\n\t<meta name=\"twitter:data2\" content=\"3 minutes\" \/>\n<script type=\"application\/ld+json\" class=\"yoast-schema-graph\">{\"@context\":\"https:\/\/schema.org\",\"@graph\":[{\"@type\":\"Article\",\"@id\":\"https:\/\/carpathiacenter.ro\/29-august-ziua-internationala-impotriva-testelor-nucleare-onu\/#article\",\"isPartOf\":{\"@id\":\"https:\/\/carpathiacenter.ro\/29-august-ziua-internationala-impotriva-testelor-nucleare-onu\/\"},\"author\":{\"name\":\"creativebitsolutions\",\"@id\":\"https:\/\/carpathiacenter.ro\/#\/schema\/person\/03d9f58202fee8379268f34afa195006\"},\"headline\":\"29 august &#8211; Ziua interna\u0163ional\u0103 \u00eempotriva testelor nucleare (ONU)\",\"datePublished\":\"2024-08-29T08:45:03+00:00\",\"mainEntityOfPage\":{\"@id\":\"https:\/\/carpathiacenter.ro\/29-august-ziua-internationala-impotriva-testelor-nucleare-onu\/\"},\"wordCount\":608,\"commentCount\":0,\"publisher\":{\"@id\":\"https:\/\/carpathiacenter.ro\/#organization\"},\"image\":{\"@id\":\"https:\/\/carpathiacenter.ro\/29-august-ziua-internationala-impotriva-testelor-nucleare-onu\/#primaryimage\"},\"thumbnailUrl\":\"https:\/\/carpathiacenter.ro\/wp-content\/uploads\/2024\/08\/nuclear-bomb.webp\",\"articleSection\":[\"Uncategorized\"],\"inLanguage\":\"en-GB\",\"potentialAction\":[{\"@type\":\"CommentAction\",\"name\":\"Comment\",\"target\":[\"https:\/\/carpathiacenter.ro\/29-august-ziua-internationala-impotriva-testelor-nucleare-onu\/#respond\"]}]},{\"@type\":\"WebPage\",\"@id\":\"https:\/\/carpathiacenter.ro\/29-august-ziua-internationala-impotriva-testelor-nucleare-onu\/\",\"url\":\"https:\/\/carpathiacenter.ro\/29-august-ziua-internationala-impotriva-testelor-nucleare-onu\/\",\"name\":\"29 august - Ziua interna\u0163ional\u0103 \u00eempotriva testelor nucleare (ONU) - Carpathia Center Romania\",\"isPartOf\":{\"@id\":\"https:\/\/carpathiacenter.ro\/#website\"},\"primaryImageOfPage\":{\"@id\":\"https:\/\/carpathiacenter.ro\/29-august-ziua-internationala-impotriva-testelor-nucleare-onu\/#primaryimage\"},\"image\":{\"@id\":\"https:\/\/carpathiacenter.ro\/29-august-ziua-internationala-impotriva-testelor-nucleare-onu\/#primaryimage\"},\"thumbnailUrl\":\"https:\/\/carpathiacenter.ro\/wp-content\/uploads\/2024\/08\/nuclear-bomb.webp\",\"datePublished\":\"2024-08-29T08:45:03+00:00\",\"breadcrumb\":{\"@id\":\"https:\/\/carpathiacenter.ro\/29-august-ziua-internationala-impotriva-testelor-nucleare-onu\/#breadcrumb\"},\"inLanguage\":\"en-GB\",\"potentialAction\":[{\"@type\":\"ReadAction\",\"target\":[\"https:\/\/carpathiacenter.ro\/29-august-ziua-internationala-impotriva-testelor-nucleare-onu\/\"]}]},{\"@type\":\"ImageObject\",\"inLanguage\":\"en-GB\",\"@id\":\"https:\/\/carpathiacenter.ro\/29-august-ziua-internationala-impotriva-testelor-nucleare-onu\/#primaryimage\",\"url\":\"https:\/\/carpathiacenter.ro\/wp-content\/uploads\/2024\/08\/nuclear-bomb.webp\",\"contentUrl\":\"https:\/\/carpathiacenter.ro\/wp-content\/uploads\/2024\/08\/nuclear-bomb.webp\",\"width\":700,\"height\":505},{\"@type\":\"BreadcrumbList\",\"@id\":\"https:\/\/carpathiacenter.ro\/29-august-ziua-internationala-impotriva-testelor-nucleare-onu\/#breadcrumb\",\"itemListElement\":[{\"@type\":\"ListItem\",\"position\":1,\"name\":\"Prima pagin\u0103\",\"item\":\"https:\/\/carpathiacenter.ro\/\"},{\"@type\":\"ListItem\",\"position\":2,\"name\":\"29 august &#8211; Ziua interna\u0163ional\u0103 \u00eempotriva testelor nucleare (ONU)\"}]},{\"@type\":\"WebSite\",\"@id\":\"https:\/\/carpathiacenter.ro\/#website\",\"url\":\"https:\/\/carpathiacenter.ro\/\",\"name\":\"Carpathia Center Romania\",\"description\":\"Impossible made possible!\",\"publisher\":{\"@id\":\"https:\/\/carpathiacenter.ro\/#organization\"},\"potentialAction\":[{\"@type\":\"SearchAction\",\"target\":{\"@type\":\"EntryPoint\",\"urlTemplate\":\"https:\/\/carpathiacenter.ro\/?s={search_term_string}\"},\"query-input\":{\"@type\":\"PropertyValueSpecification\",\"valueRequired\":true,\"valueName\":\"search_term_string\"}}],\"inLanguage\":\"en-GB\"},{\"@type\":\"Organization\",\"@id\":\"https:\/\/carpathiacenter.ro\/#organization\",\"name\":\"Carpathia Center Romania\",\"url\":\"https:\/\/carpathiacenter.ro\/\",\"logo\":{\"@type\":\"ImageObject\",\"inLanguage\":\"en-GB\",\"@id\":\"https:\/\/carpathiacenter.ro\/#\/schema\/logo\/image\/\",\"url\":\"https:\/\/carpathiacenter.ro\/wp-content\/uploads\/2024\/07\/logo-carpathia_bg_white-1024x941.png\",\"contentUrl\":\"https:\/\/carpathiacenter.ro\/wp-content\/uploads\/2024\/07\/logo-carpathia_bg_white-1024x941.png\",\"width\":1024,\"height\":941,\"caption\":\"Carpathia Center Romania\"},\"image\":{\"@id\":\"https:\/\/carpathiacenter.ro\/#\/schema\/logo\/image\/\"},\"sameAs\":[\"https:\/\/www.facebook.com\/fdpscarpathia\/\"]},{\"@type\":\"Person\",\"@id\":\"https:\/\/carpathiacenter.ro\/#\/schema\/person\/03d9f58202fee8379268f34afa195006\",\"name\":\"creativebitsolutions\",\"image\":{\"@type\":\"ImageObject\",\"inLanguage\":\"en-GB\",\"@id\":\"https:\/\/carpathiacenter.ro\/#\/schema\/person\/image\/\",\"url\":\"https:\/\/secure.gravatar.com\/avatar\/1b1a13e37f847c635dab78348f1dff2f07651ee2a3d77a5c355a4b8c75f9165a?s=96&d=mm&r=g\",\"contentUrl\":\"https:\/\/secure.gravatar.com\/avatar\/1b1a13e37f847c635dab78348f1dff2f07651ee2a3d77a5c355a4b8c75f9165a?s=96&d=mm&r=g\",\"caption\":\"creativebitsolutions\"},\"url\":\"https:\/\/carpathiacenter.ro\/en\/author\/creativebitsolutions\/\"}]}<\/script>\n<!-- \/ Yoast SEO plugin. -->","yoast_head_json":{"title":"29 august - Ziua interna\u0163ional\u0103 \u00eempotriva testelor nucleare (ONU) - Carpathia Center Romania","robots":{"index":"index","follow":"follow","max-snippet":"max-snippet:-1","max-image-preview":"max-image-preview:large","max-video-preview":"max-video-preview:-1"},"canonical":"https:\/\/carpathiacenter.ro\/en\/29-august-ziua-internationala-impotriva-testelor-nucleare-onu\/","og_locale":"en_GB","og_type":"article","og_title":"29 august - Ziua interna\u0163ional\u0103 \u00eempotriva testelor nucleare (ONU) - Carpathia Center Romania","og_description":"Ziua interna\u0163ional\u0103 \u00eempotriva testelor nucleare (&#8220;International Day against Nuclear Tests&#8221;) este marcat\u0103 \u00een fiecare an, la data de 29 august, pentru a atrage aten\u0163ia asupra efectelor negative pe care le au testele cu arme nucleare. Aceast\u0103 zi a fost celebrat\u0103 pentru prima dat\u0103 \u00een anul 2010. \u00cen fiecare an, ziua este marcat\u0103 prin organizarea unor...","og_url":"https:\/\/carpathiacenter.ro\/en\/29-august-ziua-internationala-impotriva-testelor-nucleare-onu\/","og_site_name":"Carpathia Center Romania","article_publisher":"https:\/\/www.facebook.com\/fdpscarpathia\/","article_published_time":"2024-08-29T08:45:03+00:00","og_image":[{"width":700,"height":505,"url":"https:\/\/carpathiacenter.ro\/wp-content\/uploads\/2024\/08\/nuclear-bomb.webp","type":"image\/webp"}],"author":"creativebitsolutions","twitter_card":"summary_large_image","twitter_misc":{"Written by":"creativebitsolutions","Estimated reading time":"3 minutes"},"schema":{"@context":"https:\/\/schema.org","@graph":[{"@type":"Article","@id":"https:\/\/carpathiacenter.ro\/29-august-ziua-internationala-impotriva-testelor-nucleare-onu\/#article","isPartOf":{"@id":"https:\/\/carpathiacenter.ro\/29-august-ziua-internationala-impotriva-testelor-nucleare-onu\/"},"author":{"name":"creativebitsolutions","@id":"https:\/\/carpathiacenter.ro\/#\/schema\/person\/03d9f58202fee8379268f34afa195006"},"headline":"29 august &#8211; Ziua interna\u0163ional\u0103 \u00eempotriva testelor nucleare (ONU)","datePublished":"2024-08-29T08:45:03+00:00","mainEntityOfPage":{"@id":"https:\/\/carpathiacenter.ro\/29-august-ziua-internationala-impotriva-testelor-nucleare-onu\/"},"wordCount":608,"commentCount":0,"publisher":{"@id":"https:\/\/carpathiacenter.ro\/#organization"},"image":{"@id":"https:\/\/carpathiacenter.ro\/29-august-ziua-internationala-impotriva-testelor-nucleare-onu\/#primaryimage"},"thumbnailUrl":"https:\/\/carpathiacenter.ro\/wp-content\/uploads\/2024\/08\/nuclear-bomb.webp","articleSection":["Uncategorized"],"inLanguage":"en-GB","potentialAction":[{"@type":"CommentAction","name":"Comment","target":["https:\/\/carpathiacenter.ro\/29-august-ziua-internationala-impotriva-testelor-nucleare-onu\/#respond"]}]},{"@type":"WebPage","@id":"https:\/\/carpathiacenter.ro\/29-august-ziua-internationala-impotriva-testelor-nucleare-onu\/","url":"https:\/\/carpathiacenter.ro\/29-august-ziua-internationala-impotriva-testelor-nucleare-onu\/","name":"29 august - Ziua interna\u0163ional\u0103 \u00eempotriva testelor nucleare (ONU) - Carpathia Center Romania","isPartOf":{"@id":"https:\/\/carpathiacenter.ro\/#website"},"primaryImageOfPage":{"@id":"https:\/\/carpathiacenter.ro\/29-august-ziua-internationala-impotriva-testelor-nucleare-onu\/#primaryimage"},"image":{"@id":"https:\/\/carpathiacenter.ro\/29-august-ziua-internationala-impotriva-testelor-nucleare-onu\/#primaryimage"},"thumbnailUrl":"https:\/\/carpathiacenter.ro\/wp-content\/uploads\/2024\/08\/nuclear-bomb.webp","datePublished":"2024-08-29T08:45:03+00:00","breadcrumb":{"@id":"https:\/\/carpathiacenter.ro\/29-august-ziua-internationala-impotriva-testelor-nucleare-onu\/#breadcrumb"},"inLanguage":"en-GB","potentialAction":[{"@type":"ReadAction","target":["https:\/\/carpathiacenter.ro\/29-august-ziua-internationala-impotriva-testelor-nucleare-onu\/"]}]},{"@type":"ImageObject","inLanguage":"en-GB","@id":"https:\/\/carpathiacenter.ro\/29-august-ziua-internationala-impotriva-testelor-nucleare-onu\/#primaryimage","url":"https:\/\/carpathiacenter.ro\/wp-content\/uploads\/2024\/08\/nuclear-bomb.webp","contentUrl":"https:\/\/carpathiacenter.ro\/wp-content\/uploads\/2024\/08\/nuclear-bomb.webp","width":700,"height":505},{"@type":"BreadcrumbList","@id":"https:\/\/carpathiacenter.ro\/29-august-ziua-internationala-impotriva-testelor-nucleare-onu\/#breadcrumb","itemListElement":[{"@type":"ListItem","position":1,"name":"Prima pagin\u0103","item":"https:\/\/carpathiacenter.ro\/"},{"@type":"ListItem","position":2,"name":"29 august &#8211; Ziua interna\u0163ional\u0103 \u00eempotriva testelor nucleare (ONU)"}]},{"@type":"WebSite","@id":"https:\/\/carpathiacenter.ro\/#website","url":"https:\/\/carpathiacenter.ro\/","name":"Carpathia Center Romania","description":"Impossible made possible!","publisher":{"@id":"https:\/\/carpathiacenter.ro\/#organization"},"potentialAction":[{"@type":"SearchAction","target":{"@type":"EntryPoint","urlTemplate":"https:\/\/carpathiacenter.ro\/?s={search_term_string}"},"query-input":{"@type":"PropertyValueSpecification","valueRequired":true,"valueName":"search_term_string"}}],"inLanguage":"en-GB"},{"@type":"Organization","@id":"https:\/\/carpathiacenter.ro\/#organization","name":"Carpathia Center Romania","url":"https:\/\/carpathiacenter.ro\/","logo":{"@type":"ImageObject","inLanguage":"en-GB","@id":"https:\/\/carpathiacenter.ro\/#\/schema\/logo\/image\/","url":"https:\/\/carpathiacenter.ro\/wp-content\/uploads\/2024\/07\/logo-carpathia_bg_white-1024x941.png","contentUrl":"https:\/\/carpathiacenter.ro\/wp-content\/uploads\/2024\/07\/logo-carpathia_bg_white-1024x941.png","width":1024,"height":941,"caption":"Carpathia Center Romania"},"image":{"@id":"https:\/\/carpathiacenter.ro\/#\/schema\/logo\/image\/"},"sameAs":["https:\/\/www.facebook.com\/fdpscarpathia\/"]},{"@type":"Person","@id":"https:\/\/carpathiacenter.ro\/#\/schema\/person\/03d9f58202fee8379268f34afa195006","name":"creativebitsolutions","image":{"@type":"ImageObject","inLanguage":"en-GB","@id":"https:\/\/carpathiacenter.ro\/#\/schema\/person\/image\/","url":"https:\/\/secure.gravatar.com\/avatar\/1b1a13e37f847c635dab78348f1dff2f07651ee2a3d77a5c355a4b8c75f9165a?s=96&d=mm&r=g","contentUrl":"https:\/\/secure.gravatar.com\/avatar\/1b1a13e37f847c635dab78348f1dff2f07651ee2a3d77a5c355a4b8c75f9165a?s=96&d=mm&r=g","caption":"creativebitsolutions"},"url":"https:\/\/carpathiacenter.ro\/en\/author\/creativebitsolutions\/"}]}},"_links":{"self":[{"href":"https:\/\/carpathiacenter.ro\/en\/wp-json\/wp\/v2\/posts\/1142","targetHints":{"allow":["GET"]}}],"collection":[{"href":"https:\/\/carpathiacenter.ro\/en\/wp-json\/wp\/v2\/posts"}],"about":[{"href":"https:\/\/carpathiacenter.ro\/en\/wp-json\/wp\/v2\/types\/post"}],"author":[{"embeddable":true,"href":"https:\/\/carpathiacenter.ro\/en\/wp-json\/wp\/v2\/users\/4"}],"replies":[{"embeddable":true,"href":"https:\/\/carpathiacenter.ro\/en\/wp-json\/wp\/v2\/comments?post=1142"}],"version-history":[{"count":1,"href":"https:\/\/carpathiacenter.ro\/en\/wp-json\/wp\/v2\/posts\/1142\/revisions"}],"predecessor-version":[{"id":1144,"href":"https:\/\/carpathiacenter.ro\/en\/wp-json\/wp\/v2\/posts\/1142\/revisions\/1144"}],"wp:featuredmedia":[{"embeddable":true,"href":"https:\/\/carpathiacenter.ro\/en\/wp-json\/wp\/v2\/media\/1143"}],"wp:attachment":[{"href":"https:\/\/carpathiacenter.ro\/en\/wp-json\/wp\/v2\/media?parent=1142"}],"wp:term":[{"taxonomy":"category","embeddable":true,"href":"https:\/\/carpathiacenter.ro\/en\/wp-json\/wp\/v2\/categories?post=1142"},{"taxonomy":"post_tag","embeddable":true,"href":"https:\/\/carpathiacenter.ro\/en\/wp-json\/wp\/v2\/tags?post=1142"}],"curies":[{"name":"wp","href":"https:\/\/api.w.org\/{rel}","templated":true}]}}