{"id":1095,"date":"2024-08-27T08:44:10","date_gmt":"2024-08-27T08:44:10","guid":{"rendered":"https:\/\/carpathiacenter.ro\/?p=1095"},"modified":"2024-08-27T08:44:10","modified_gmt":"2024-08-27T08:44:10","slug":"curtea-de-conturi-raportul-de-audit-despre-care-se-comenteaza-in-spatiul-public-urmeaza-sa-fie-supus-aprobarii-plenului","status":"publish","type":"post","link":"https:\/\/carpathiacenter.ro\/en\/curtea-de-conturi-raportul-de-audit-despre-care-se-comenteaza-in-spatiul-public-urmeaza-sa-fie-supus-aprobarii-plenului\/","title":{"rendered":"Curtea de Conturi: Raportul de audit despre care se comenteaz\u0103 \u00een spa\u0163iul public urmeaz\u0103 s\u0103 fie supus aprob\u0103rii Plenului"},"content":{"rendered":"<div class=\"description_articol\">\n<p><strong>Raportul de audit al Cur\u0163ii de Conturi despre care se vorbe\u015fte \u00een spa\u0163iul public nu are \u00een acest moment caracter public, acesta a trecut de faza de conciliere \u015fi urmeaz\u0103 s\u0103 fie supus aprob\u0103rii Plenului, precizeaz\u0103 reprezentan\u0163ii institu\u0163iei.<\/strong><\/p>\n<p>&#8220;Av\u00e2nd \u00een vedere comentariile recente ap\u0103rute \u00een spa\u0163iul public referitoare la unul dintre rapoartele de audit ale Cur\u0163ii de Conturi, care \u00een acest moment \u00eenc\u0103 nu are caracter public, dorim s\u0103 asigur\u0103m o informare corect\u0103 a tuturor celor interesa\u0163i. \u00cen acest sens, v\u0103 invit\u0103m s\u0103 consulta\u0163i Regulamentul privind activitatea de audit public extern ( RAAPE) disponibil pe site-ul institu\u0163iei la urm\u0103torul link: https:\/\/www.curteadeconturi.ro\/&#8230;\/Monitorul_Oficial&#8230;Men\u0163ion\u0103m faptul c\u0103 raportul de audit \u00een cauz\u0103 a parcurs etapa de conciliere la data de 22 august, urm\u00e2nd s\u0103 fie supus aprob\u0103rii Plenului Cur\u0163ii de Conturi. (art. 28, art. 29 \u015fi art. 30 din RAAPE)&#8221;, au explicat reprezentan\u0163ii Cur\u0163ii de Conturi pe pagina de <a href=\"https:\/\/www.facebook.com\/CurteadeConturiRO\/posts\/pfbid0WypdxpDQTVzSBuxJKoJZstfiYoFE6M3y2MDCGw9YkyFLxTfWJo1MFk5rHAcB9fyGl\" target=\"_blank\" rel=\"noopener\">Facebook<\/a> a institu\u0163iei.<\/p>\n<p>&nbsp;<\/p>\n<p><iframe style=\"border: none; overflow: hidden;\" src=\"https:\/\/www.facebook.com\/plugins\/post.php?href=https%3A%2F%2Fwww.facebook.com%2FCurteadeConturiRO%2Fposts%2Fpfbid0WypdxpDQTVzSBuxJKoJZstfiYoFE6M3y2MDCGw9YkyFLxTfWJo1MFk5rHAcB9fyGl&amp;show_text=true&amp;width=500\" width=\"500\" height=\"825\" frameborder=\"0\" scrolling=\"no\" allowfullscreen=\"allowfullscreen\"><\/iframe><\/p>\n<p>Primarul Sectorului 1, Clotilde Armand, a depus, luni diminea\u0163\u0103, o pl\u00e2ngere \u00een format electronic la Agen\u0163ia Na\u0163ional\u0103 de Integritate \u00een leg\u0103tur\u0103 cu sumele \u00eencasate de pre\u015fedintele Autorit\u0103\u0163ii Electorale Permanente, Toni Grebl\u0103.<\/p>\n<p>&#8220;Toni Grebl\u0103 a semnat un ordin ilegal prin care \u015fi-a m\u0103rit salariul cu 50%, vorbim de mii de euro\/lun\u0103, scriu jurnali\u015ftii de la Snoop.ro. Toni Grebl\u0103, demnitarul care trebuie s\u0103 vegheze la corectitudinea alegerilor din noiembrie &#8211; decembrie 2024, recunoa\u015fte senin c\u0103 a semnat ordinul ilegal \u015fi c\u0103 d\u0103 banii \u00eenapoi&#8221;, a precizat Armand, conform unui comunicat USR. AGERPRES\/(AS-editor: Nicoleta Gherasi, editor online: Ady Iva\u015fcu)<\/p>\n<p>&nbsp;<\/p>\n<p>Sursa:<a href=\"https:\/\/www.agerpres.ro\/economic-intern\/2024\/08\/26\/curtea-de-conturi-raportul-de-audit-despre-care-se-comenteaza-in-spatiul-public-urmeaza-sa-fie-supus-aprobarii-plenului--1345792\">https:\/\/www.agerpres.ro\/economic-intern\/2024\/08\/26\/curtea-de-conturi-raportul-de-audit-despre-care-se-comenteaza-in-spatiul-public-urmeaza-sa-fie-supus-aprobarii-plenului&#8211;1345792<\/a><\/p>\n<\/div>","protected":false},"excerpt":{"rendered":"<p>Raportul de audit al Cur\u0163ii de Conturi despre care se vorbe\u015fte \u00een spa\u0163iul public nu are \u00een acest moment caracter public, acesta a trecut de faza de conciliere \u015fi urmeaz\u0103 s\u0103 fie supus aprob\u0103rii Plenului, precizeaz\u0103 reprezentan\u0163ii institu\u0163iei. &#8220;Av\u00e2nd \u00een vedere comentariile recente ap\u0103rute \u00een spa\u0163iul public referitoare la unul dintre rapoartele de audit ale&#8230;<\/p>","protected":false},"author":4,"featured_media":1096,"comment_status":"open","ping_status":"open","sticky":false,"template":"","format":"standard","meta":{"footnotes":""},"categories":[1],"tags":[],"class_list":["post-1095","post","type-post","status-publish","format-standard","has-post-thumbnail","hentry","category-uncategorized"],"yoast_head":"<!-- This site is optimized with the Yoast SEO plugin v26.1.1 - https:\/\/yoast.com\/wordpress\/plugins\/seo\/ -->\n<title>Curtea de Conturi: Raportul de audit despre care se comenteaz\u0103 \u00een spa\u0163iul public urmeaz\u0103 s\u0103 fie supus aprob\u0103rii Plenului - Carpathia Center Romania<\/title>\n<meta name=\"robots\" content=\"index, follow, max-snippet:-1, max-image-preview:large, max-video-preview:-1\" \/>\n<link rel=\"canonical\" href=\"https:\/\/carpathiacenter.ro\/en\/curtea-de-conturi-raportul-de-audit-despre-care-se-comenteaza-in-spatiul-public-urmeaza-sa-fie-supus-aprobarii-plenului\/\" \/>\n<meta property=\"og:locale\" content=\"en_GB\" \/>\n<meta property=\"og:type\" content=\"article\" \/>\n<meta property=\"og:title\" content=\"Curtea de Conturi: Raportul de audit despre care se comenteaz\u0103 \u00een spa\u0163iul public urmeaz\u0103 s\u0103 fie supus aprob\u0103rii Plenului - Carpathia Center Romania\" \/>\n<meta property=\"og:description\" content=\"Raportul de audit al Cur\u0163ii de Conturi despre care se vorbe\u015fte \u00een spa\u0163iul public nu are \u00een acest moment caracter public, acesta a trecut de faza de conciliere \u015fi urmeaz\u0103 s\u0103 fie supus aprob\u0103rii Plenului, precizeaz\u0103 reprezentan\u0163ii institu\u0163iei. &#8220;Av\u00e2nd \u00een vedere comentariile recente ap\u0103rute \u00een spa\u0163iul public referitoare la unul dintre rapoartele de audit ale...\" \/>\n<meta property=\"og:url\" content=\"https:\/\/carpathiacenter.ro\/en\/curtea-de-conturi-raportul-de-audit-despre-care-se-comenteaza-in-spatiul-public-urmeaza-sa-fie-supus-aprobarii-plenului\/\" \/>\n<meta property=\"og:site_name\" content=\"Carpathia Center Romania\" \/>\n<meta property=\"article:publisher\" content=\"https:\/\/www.facebook.com\/fdpscarpathia\/\" \/>\n<meta property=\"article:published_time\" content=\"2024-08-27T08:44:10+00:00\" \/>\n<meta property=\"og:image\" content=\"https:\/\/carpathiacenter.ro\/wp-content\/uploads\/2024\/08\/curtea_de_conturi1_55447600-656x420-1.webp\" \/>\n\t<meta property=\"og:image:width\" content=\"1020\" \/>\n\t<meta property=\"og:image:height\" content=\"574\" \/>\n\t<meta property=\"og:image:type\" content=\"image\/webp\" \/>\n<meta name=\"author\" content=\"creativebitsolutions\" \/>\n<meta name=\"twitter:card\" content=\"summary_large_image\" \/>\n<meta name=\"twitter:label1\" content=\"Written by\" \/>\n\t<meta name=\"twitter:data1\" content=\"creativebitsolutions\" \/>\n\t<meta name=\"twitter:label2\" content=\"Estimated reading time\" \/>\n\t<meta name=\"twitter:data2\" content=\"1 minute\" \/>\n<script type=\"application\/ld+json\" class=\"yoast-schema-graph\">{\"@context\":\"https:\/\/schema.org\",\"@graph\":[{\"@type\":\"Article\",\"@id\":\"https:\/\/carpathiacenter.ro\/curtea-de-conturi-raportul-de-audit-despre-care-se-comenteaza-in-spatiul-public-urmeaza-sa-fie-supus-aprobarii-plenului\/#article\",\"isPartOf\":{\"@id\":\"https:\/\/carpathiacenter.ro\/curtea-de-conturi-raportul-de-audit-despre-care-se-comenteaza-in-spatiul-public-urmeaza-sa-fie-supus-aprobarii-plenului\/\"},\"author\":{\"name\":\"creativebitsolutions\",\"@id\":\"https:\/\/carpathiacenter.ro\/#\/schema\/person\/03d9f58202fee8379268f34afa195006\"},\"headline\":\"Curtea de Conturi: Raportul de audit despre care se comenteaz\u0103 \u00een spa\u0163iul public urmeaz\u0103 s\u0103 fie supus aprob\u0103rii Plenului\",\"datePublished\":\"2024-08-27T08:44:10+00:00\",\"mainEntityOfPage\":{\"@id\":\"https:\/\/carpathiacenter.ro\/curtea-de-conturi-raportul-de-audit-despre-care-se-comenteaza-in-spatiul-public-urmeaza-sa-fie-supus-aprobarii-plenului\/\"},\"wordCount\":309,\"commentCount\":0,\"publisher\":{\"@id\":\"https:\/\/carpathiacenter.ro\/#organization\"},\"image\":{\"@id\":\"https:\/\/carpathiacenter.ro\/curtea-de-conturi-raportul-de-audit-despre-care-se-comenteaza-in-spatiul-public-urmeaza-sa-fie-supus-aprobarii-plenului\/#primaryimage\"},\"thumbnailUrl\":\"https:\/\/carpathiacenter.ro\/wp-content\/uploads\/2024\/08\/curtea_de_conturi1_55447600-656x420-1.webp\",\"articleSection\":[\"Uncategorized\"],\"inLanguage\":\"en-GB\",\"potentialAction\":[{\"@type\":\"CommentAction\",\"name\":\"Comment\",\"target\":[\"https:\/\/carpathiacenter.ro\/curtea-de-conturi-raportul-de-audit-despre-care-se-comenteaza-in-spatiul-public-urmeaza-sa-fie-supus-aprobarii-plenului\/#respond\"]}]},{\"@type\":\"WebPage\",\"@id\":\"https:\/\/carpathiacenter.ro\/curtea-de-conturi-raportul-de-audit-despre-care-se-comenteaza-in-spatiul-public-urmeaza-sa-fie-supus-aprobarii-plenului\/\",\"url\":\"https:\/\/carpathiacenter.ro\/curtea-de-conturi-raportul-de-audit-despre-care-se-comenteaza-in-spatiul-public-urmeaza-sa-fie-supus-aprobarii-plenului\/\",\"name\":\"Curtea de Conturi: Raportul de audit despre care se comenteaz\u0103 \u00een spa\u0163iul public urmeaz\u0103 s\u0103 fie supus aprob\u0103rii Plenului - Carpathia Center Romania\",\"isPartOf\":{\"@id\":\"https:\/\/carpathiacenter.ro\/#website\"},\"primaryImageOfPage\":{\"@id\":\"https:\/\/carpathiacenter.ro\/curtea-de-conturi-raportul-de-audit-despre-care-se-comenteaza-in-spatiul-public-urmeaza-sa-fie-supus-aprobarii-plenului\/#primaryimage\"},\"image\":{\"@id\":\"https:\/\/carpathiacenter.ro\/curtea-de-conturi-raportul-de-audit-despre-care-se-comenteaza-in-spatiul-public-urmeaza-sa-fie-supus-aprobarii-plenului\/#primaryimage\"},\"thumbnailUrl\":\"https:\/\/carpathiacenter.ro\/wp-content\/uploads\/2024\/08\/curtea_de_conturi1_55447600-656x420-1.webp\",\"datePublished\":\"2024-08-27T08:44:10+00:00\",\"breadcrumb\":{\"@id\":\"https:\/\/carpathiacenter.ro\/curtea-de-conturi-raportul-de-audit-despre-care-se-comenteaza-in-spatiul-public-urmeaza-sa-fie-supus-aprobarii-plenului\/#breadcrumb\"},\"inLanguage\":\"en-GB\",\"potentialAction\":[{\"@type\":\"ReadAction\",\"target\":[\"https:\/\/carpathiacenter.ro\/curtea-de-conturi-raportul-de-audit-despre-care-se-comenteaza-in-spatiul-public-urmeaza-sa-fie-supus-aprobarii-plenului\/\"]}]},{\"@type\":\"ImageObject\",\"inLanguage\":\"en-GB\",\"@id\":\"https:\/\/carpathiacenter.ro\/curtea-de-conturi-raportul-de-audit-despre-care-se-comenteaza-in-spatiul-public-urmeaza-sa-fie-supus-aprobarii-plenului\/#primaryimage\",\"url\":\"https:\/\/carpathiacenter.ro\/wp-content\/uploads\/2024\/08\/curtea_de_conturi1_55447600-656x420-1.webp\",\"contentUrl\":\"https:\/\/carpathiacenter.ro\/wp-content\/uploads\/2024\/08\/curtea_de_conturi1_55447600-656x420-1.webp\",\"width\":1020,\"height\":574},{\"@type\":\"BreadcrumbList\",\"@id\":\"https:\/\/carpathiacenter.ro\/curtea-de-conturi-raportul-de-audit-despre-care-se-comenteaza-in-spatiul-public-urmeaza-sa-fie-supus-aprobarii-plenului\/#breadcrumb\",\"itemListElement\":[{\"@type\":\"ListItem\",\"position\":1,\"name\":\"Prima pagin\u0103\",\"item\":\"https:\/\/carpathiacenter.ro\/\"},{\"@type\":\"ListItem\",\"position\":2,\"name\":\"Curtea de Conturi: Raportul de audit despre care se comenteaz\u0103 \u00een spa\u0163iul public urmeaz\u0103 s\u0103 fie supus aprob\u0103rii Plenului\"}]},{\"@type\":\"WebSite\",\"@id\":\"https:\/\/carpathiacenter.ro\/#website\",\"url\":\"https:\/\/carpathiacenter.ro\/\",\"name\":\"Carpathia Center Romania\",\"description\":\"Impossible made possible!\",\"publisher\":{\"@id\":\"https:\/\/carpathiacenter.ro\/#organization\"},\"potentialAction\":[{\"@type\":\"SearchAction\",\"target\":{\"@type\":\"EntryPoint\",\"urlTemplate\":\"https:\/\/carpathiacenter.ro\/?s={search_term_string}\"},\"query-input\":{\"@type\":\"PropertyValueSpecification\",\"valueRequired\":true,\"valueName\":\"search_term_string\"}}],\"inLanguage\":\"en-GB\"},{\"@type\":\"Organization\",\"@id\":\"https:\/\/carpathiacenter.ro\/#organization\",\"name\":\"Carpathia Center Romania\",\"url\":\"https:\/\/carpathiacenter.ro\/\",\"logo\":{\"@type\":\"ImageObject\",\"inLanguage\":\"en-GB\",\"@id\":\"https:\/\/carpathiacenter.ro\/#\/schema\/logo\/image\/\",\"url\":\"https:\/\/carpathiacenter.ro\/wp-content\/uploads\/2024\/07\/logo-carpathia_bg_white-1024x941.png\",\"contentUrl\":\"https:\/\/carpathiacenter.ro\/wp-content\/uploads\/2024\/07\/logo-carpathia_bg_white-1024x941.png\",\"width\":1024,\"height\":941,\"caption\":\"Carpathia Center Romania\"},\"image\":{\"@id\":\"https:\/\/carpathiacenter.ro\/#\/schema\/logo\/image\/\"},\"sameAs\":[\"https:\/\/www.facebook.com\/fdpscarpathia\/\"]},{\"@type\":\"Person\",\"@id\":\"https:\/\/carpathiacenter.ro\/#\/schema\/person\/03d9f58202fee8379268f34afa195006\",\"name\":\"creativebitsolutions\",\"image\":{\"@type\":\"ImageObject\",\"inLanguage\":\"en-GB\",\"@id\":\"https:\/\/carpathiacenter.ro\/#\/schema\/person\/image\/\",\"url\":\"https:\/\/secure.gravatar.com\/avatar\/1b1a13e37f847c635dab78348f1dff2f07651ee2a3d77a5c355a4b8c75f9165a?s=96&d=mm&r=g\",\"contentUrl\":\"https:\/\/secure.gravatar.com\/avatar\/1b1a13e37f847c635dab78348f1dff2f07651ee2a3d77a5c355a4b8c75f9165a?s=96&d=mm&r=g\",\"caption\":\"creativebitsolutions\"},\"url\":\"https:\/\/carpathiacenter.ro\/en\/author\/creativebitsolutions\/\"}]}<\/script>\n<!-- \/ Yoast SEO plugin. -->","yoast_head_json":{"title":"Curtea de Conturi: Raportul de audit despre care se comenteaz\u0103 \u00een spa\u0163iul public urmeaz\u0103 s\u0103 fie supus aprob\u0103rii Plenului - Carpathia Center Romania","robots":{"index":"index","follow":"follow","max-snippet":"max-snippet:-1","max-image-preview":"max-image-preview:large","max-video-preview":"max-video-preview:-1"},"canonical":"https:\/\/carpathiacenter.ro\/en\/curtea-de-conturi-raportul-de-audit-despre-care-se-comenteaza-in-spatiul-public-urmeaza-sa-fie-supus-aprobarii-plenului\/","og_locale":"en_GB","og_type":"article","og_title":"Curtea de Conturi: Raportul de audit despre care se comenteaz\u0103 \u00een spa\u0163iul public urmeaz\u0103 s\u0103 fie supus aprob\u0103rii Plenului - Carpathia Center Romania","og_description":"Raportul de audit al Cur\u0163ii de Conturi despre care se vorbe\u015fte \u00een spa\u0163iul public nu are \u00een acest moment caracter public, acesta a trecut de faza de conciliere \u015fi urmeaz\u0103 s\u0103 fie supus aprob\u0103rii Plenului, precizeaz\u0103 reprezentan\u0163ii institu\u0163iei. &#8220;Av\u00e2nd \u00een vedere comentariile recente ap\u0103rute \u00een spa\u0163iul public referitoare la unul dintre rapoartele de audit ale...","og_url":"https:\/\/carpathiacenter.ro\/en\/curtea-de-conturi-raportul-de-audit-despre-care-se-comenteaza-in-spatiul-public-urmeaza-sa-fie-supus-aprobarii-plenului\/","og_site_name":"Carpathia Center Romania","article_publisher":"https:\/\/www.facebook.com\/fdpscarpathia\/","article_published_time":"2024-08-27T08:44:10+00:00","og_image":[{"width":1020,"height":574,"url":"https:\/\/carpathiacenter.ro\/wp-content\/uploads\/2024\/08\/curtea_de_conturi1_55447600-656x420-1.webp","type":"image\/webp"}],"author":"creativebitsolutions","twitter_card":"summary_large_image","twitter_misc":{"Written by":"creativebitsolutions","Estimated reading time":"1 minute"},"schema":{"@context":"https:\/\/schema.org","@graph":[{"@type":"Article","@id":"https:\/\/carpathiacenter.ro\/curtea-de-conturi-raportul-de-audit-despre-care-se-comenteaza-in-spatiul-public-urmeaza-sa-fie-supus-aprobarii-plenului\/#article","isPartOf":{"@id":"https:\/\/carpathiacenter.ro\/curtea-de-conturi-raportul-de-audit-despre-care-se-comenteaza-in-spatiul-public-urmeaza-sa-fie-supus-aprobarii-plenului\/"},"author":{"name":"creativebitsolutions","@id":"https:\/\/carpathiacenter.ro\/#\/schema\/person\/03d9f58202fee8379268f34afa195006"},"headline":"Curtea de Conturi: Raportul de audit despre care se comenteaz\u0103 \u00een spa\u0163iul public urmeaz\u0103 s\u0103 fie supus aprob\u0103rii Plenului","datePublished":"2024-08-27T08:44:10+00:00","mainEntityOfPage":{"@id":"https:\/\/carpathiacenter.ro\/curtea-de-conturi-raportul-de-audit-despre-care-se-comenteaza-in-spatiul-public-urmeaza-sa-fie-supus-aprobarii-plenului\/"},"wordCount":309,"commentCount":0,"publisher":{"@id":"https:\/\/carpathiacenter.ro\/#organization"},"image":{"@id":"https:\/\/carpathiacenter.ro\/curtea-de-conturi-raportul-de-audit-despre-care-se-comenteaza-in-spatiul-public-urmeaza-sa-fie-supus-aprobarii-plenului\/#primaryimage"},"thumbnailUrl":"https:\/\/carpathiacenter.ro\/wp-content\/uploads\/2024\/08\/curtea_de_conturi1_55447600-656x420-1.webp","articleSection":["Uncategorized"],"inLanguage":"en-GB","potentialAction":[{"@type":"CommentAction","name":"Comment","target":["https:\/\/carpathiacenter.ro\/curtea-de-conturi-raportul-de-audit-despre-care-se-comenteaza-in-spatiul-public-urmeaza-sa-fie-supus-aprobarii-plenului\/#respond"]}]},{"@type":"WebPage","@id":"https:\/\/carpathiacenter.ro\/curtea-de-conturi-raportul-de-audit-despre-care-se-comenteaza-in-spatiul-public-urmeaza-sa-fie-supus-aprobarii-plenului\/","url":"https:\/\/carpathiacenter.ro\/curtea-de-conturi-raportul-de-audit-despre-care-se-comenteaza-in-spatiul-public-urmeaza-sa-fie-supus-aprobarii-plenului\/","name":"Curtea de Conturi: Raportul de audit despre care se comenteaz\u0103 \u00een spa\u0163iul public urmeaz\u0103 s\u0103 fie supus aprob\u0103rii Plenului - Carpathia Center Romania","isPartOf":{"@id":"https:\/\/carpathiacenter.ro\/#website"},"primaryImageOfPage":{"@id":"https:\/\/carpathiacenter.ro\/curtea-de-conturi-raportul-de-audit-despre-care-se-comenteaza-in-spatiul-public-urmeaza-sa-fie-supus-aprobarii-plenului\/#primaryimage"},"image":{"@id":"https:\/\/carpathiacenter.ro\/curtea-de-conturi-raportul-de-audit-despre-care-se-comenteaza-in-spatiul-public-urmeaza-sa-fie-supus-aprobarii-plenului\/#primaryimage"},"thumbnailUrl":"https:\/\/carpathiacenter.ro\/wp-content\/uploads\/2024\/08\/curtea_de_conturi1_55447600-656x420-1.webp","datePublished":"2024-08-27T08:44:10+00:00","breadcrumb":{"@id":"https:\/\/carpathiacenter.ro\/curtea-de-conturi-raportul-de-audit-despre-care-se-comenteaza-in-spatiul-public-urmeaza-sa-fie-supus-aprobarii-plenului\/#breadcrumb"},"inLanguage":"en-GB","potentialAction":[{"@type":"ReadAction","target":["https:\/\/carpathiacenter.ro\/curtea-de-conturi-raportul-de-audit-despre-care-se-comenteaza-in-spatiul-public-urmeaza-sa-fie-supus-aprobarii-plenului\/"]}]},{"@type":"ImageObject","inLanguage":"en-GB","@id":"https:\/\/carpathiacenter.ro\/curtea-de-conturi-raportul-de-audit-despre-care-se-comenteaza-in-spatiul-public-urmeaza-sa-fie-supus-aprobarii-plenului\/#primaryimage","url":"https:\/\/carpathiacenter.ro\/wp-content\/uploads\/2024\/08\/curtea_de_conturi1_55447600-656x420-1.webp","contentUrl":"https:\/\/carpathiacenter.ro\/wp-content\/uploads\/2024\/08\/curtea_de_conturi1_55447600-656x420-1.webp","width":1020,"height":574},{"@type":"BreadcrumbList","@id":"https:\/\/carpathiacenter.ro\/curtea-de-conturi-raportul-de-audit-despre-care-se-comenteaza-in-spatiul-public-urmeaza-sa-fie-supus-aprobarii-plenului\/#breadcrumb","itemListElement":[{"@type":"ListItem","position":1,"name":"Prima pagin\u0103","item":"https:\/\/carpathiacenter.ro\/"},{"@type":"ListItem","position":2,"name":"Curtea de Conturi: Raportul de audit despre care se comenteaz\u0103 \u00een spa\u0163iul public urmeaz\u0103 s\u0103 fie supus aprob\u0103rii Plenului"}]},{"@type":"WebSite","@id":"https:\/\/carpathiacenter.ro\/#website","url":"https:\/\/carpathiacenter.ro\/","name":"Carpathia Center Romania","description":"Impossible made possible!","publisher":{"@id":"https:\/\/carpathiacenter.ro\/#organization"},"potentialAction":[{"@type":"SearchAction","target":{"@type":"EntryPoint","urlTemplate":"https:\/\/carpathiacenter.ro\/?s={search_term_string}"},"query-input":{"@type":"PropertyValueSpecification","valueRequired":true,"valueName":"search_term_string"}}],"inLanguage":"en-GB"},{"@type":"Organization","@id":"https:\/\/carpathiacenter.ro\/#organization","name":"Carpathia Center Romania","url":"https:\/\/carpathiacenter.ro\/","logo":{"@type":"ImageObject","inLanguage":"en-GB","@id":"https:\/\/carpathiacenter.ro\/#\/schema\/logo\/image\/","url":"https:\/\/carpathiacenter.ro\/wp-content\/uploads\/2024\/07\/logo-carpathia_bg_white-1024x941.png","contentUrl":"https:\/\/carpathiacenter.ro\/wp-content\/uploads\/2024\/07\/logo-carpathia_bg_white-1024x941.png","width":1024,"height":941,"caption":"Carpathia Center Romania"},"image":{"@id":"https:\/\/carpathiacenter.ro\/#\/schema\/logo\/image\/"},"sameAs":["https:\/\/www.facebook.com\/fdpscarpathia\/"]},{"@type":"Person","@id":"https:\/\/carpathiacenter.ro\/#\/schema\/person\/03d9f58202fee8379268f34afa195006","name":"creativebitsolutions","image":{"@type":"ImageObject","inLanguage":"en-GB","@id":"https:\/\/carpathiacenter.ro\/#\/schema\/person\/image\/","url":"https:\/\/secure.gravatar.com\/avatar\/1b1a13e37f847c635dab78348f1dff2f07651ee2a3d77a5c355a4b8c75f9165a?s=96&d=mm&r=g","contentUrl":"https:\/\/secure.gravatar.com\/avatar\/1b1a13e37f847c635dab78348f1dff2f07651ee2a3d77a5c355a4b8c75f9165a?s=96&d=mm&r=g","caption":"creativebitsolutions"},"url":"https:\/\/carpathiacenter.ro\/en\/author\/creativebitsolutions\/"}]}},"_links":{"self":[{"href":"https:\/\/carpathiacenter.ro\/en\/wp-json\/wp\/v2\/posts\/1095","targetHints":{"allow":["GET"]}}],"collection":[{"href":"https:\/\/carpathiacenter.ro\/en\/wp-json\/wp\/v2\/posts"}],"about":[{"href":"https:\/\/carpathiacenter.ro\/en\/wp-json\/wp\/v2\/types\/post"}],"author":[{"embeddable":true,"href":"https:\/\/carpathiacenter.ro\/en\/wp-json\/wp\/v2\/users\/4"}],"replies":[{"embeddable":true,"href":"https:\/\/carpathiacenter.ro\/en\/wp-json\/wp\/v2\/comments?post=1095"}],"version-history":[{"count":1,"href":"https:\/\/carpathiacenter.ro\/en\/wp-json\/wp\/v2\/posts\/1095\/revisions"}],"predecessor-version":[{"id":1097,"href":"https:\/\/carpathiacenter.ro\/en\/wp-json\/wp\/v2\/posts\/1095\/revisions\/1097"}],"wp:featuredmedia":[{"embeddable":true,"href":"https:\/\/carpathiacenter.ro\/en\/wp-json\/wp\/v2\/media\/1096"}],"wp:attachment":[{"href":"https:\/\/carpathiacenter.ro\/en\/wp-json\/wp\/v2\/media?parent=1095"}],"wp:term":[{"taxonomy":"category","embeddable":true,"href":"https:\/\/carpathiacenter.ro\/en\/wp-json\/wp\/v2\/categories?post=1095"},{"taxonomy":"post_tag","embeddable":true,"href":"https:\/\/carpathiacenter.ro\/en\/wp-json\/wp\/v2\/tags?post=1095"}],"curies":[{"name":"wp","href":"https:\/\/api.w.org\/{rel}","templated":true}]}}