{"id":1090,"date":"2024-08-26T13:43:56","date_gmt":"2024-08-26T13:43:56","guid":{"rendered":"https:\/\/carpathiacenter.ro\/?p=1090"},"modified":"2024-08-26T15:27:35","modified_gmt":"2024-08-26T15:27:35","slug":"geoana-despre-candidatura-la-prezidentiale-voi-anunta-oficial-in-clipa-in-care-voi-termina-mandatul-la-nato","status":"publish","type":"post","link":"https:\/\/carpathiacenter.ro\/en\/geoana-despre-candidatura-la-prezidentiale-voi-anunta-oficial-in-clipa-in-care-voi-termina-mandatul-la-nato\/","title":{"rendered":"Geoan\u0103 despre candidatura la preziden\u0163iale: Voi anun\u0163a oficial \u00een clipa \u00een care voi termina mandatul la NATO"},"content":{"rendered":"<div class=\"description_articol\">\n<p><strong>Secretarul general adjunct al Alian\u0163ei Nord-Atlantice, Mircea Geoan\u0103, a declarat c\u0103 decizia sa privind candidatura la preziden\u0163ial\u0103 este luat\u0103 la nivel personal, \u00eens\u0103 anun\u0163ul oficial va fi f\u0103cut \u00een momentul \u00eencet\u0103rii mandatului la NATO, adic\u0103 \u00een zilele urm\u0103toare.<\/strong><\/p>\n<p>&#8221;Pot s\u0103 spun ceva &#8211; (&#8230;) trebuie s\u0103 fii onest cu oamenii, nu trebuie s\u0103 te \u00eenv\u00e2r\u0163i \u00een jurul cozii prea mult &#8211; la nivel personal decizia mea este luat\u0103. La nivel politic \u015fi institu\u0163ional trebuie s\u0103 respect regula jocului la NATO \u015fi anun\u0163ul formal, oficial, am s\u0103-l fac \u00een clipa \u00een care termin mandatul meu \u015fi acest lucru se va \u00eent\u00e2mpla \u00een perioada imediat urm\u0103toare. (&#8230;) Adic\u0103 la nivel personal lucrurile sunt clare, sunt lini\u015ftit, sunt hot\u0103r\u00e2t, sunt determinat, dar din punct de vedere al unui anun\u0163 formal, oficial, \u015fi tot ce \u00eenseamn\u0103 intrarea \u00een urm\u0103toarea etap\u0103 trebuie s\u0103 mai a\u015ftept\u0103m c\u00e2teva zile, nu mai este mult \u015fi voi anun\u0163a oficial \u00een clipa \u00een care voi termina mandatul la NATO. A\u015fa am promis, a\u015fa am spus, a\u015fa este corect&#8221;, a spus Geoan\u0103, duminic\u0103, la Digi 24.<\/p>\n<p>El admite c\u0103 decizia privind intrarea \u00een cursa pentru Cotroceni nu este una u\u015foar\u0103.<\/p>\n<p>&#8221;Este o decizie care implic\u0103 la nivel personal, de familie, de prieteni, de oamenii care m\u0103 sus\u0163in, un anumit grad de responsabilitate &#8211; nu te joci cu lucrurile astea. (&#8230;) Am vorbit cu foarte, foarte mult\u0103 lume, am mers mult prin \u0163ar\u0103, prin diaspor\u0103, am vorbit cu antreprenori, am vorbit cu oameni simpli, am vorbit cu rom\u00e2nii \u015fi cu rom\u00e2ncele din toat\u0103 \u0163ara \u015fi din diaspor\u0103 \u015fi cred c\u0103 \u00een clipa de fa\u0163\u0103 Rom\u00e2nia \u015fi rom\u00e2nii \u015fi rom\u00e2ncele suntem preg\u0103ti\u0163i pentru o schimbare adev\u0103rat\u0103&#8221;, a precizat el.<\/p>\n<p><strong>\u00centrebat \u00een c\u00e2t timp ar putea face anun\u0163ul privind candidatura la preziden\u0163iale, el a r\u0103spuns c\u0103 &#8221;este o chestiune de buc\u0103t\u0103rie intern\u0103 (&#8230;), lucrurile sunt discutate la nivelul conducerii NATO, la nivelul viitoarei conduceri a NATO&#8221;.<\/strong><\/p>\n<p>&#8221;\u00cen clipa \u00een care lucrurile vor fi clare, voi face un anun\u0163 public. (&#8230;) Nu am fugit de un r\u0103spuns, pentru c\u0103 nu se face chestiunea asta, e o pozi\u0163ie foarte important\u0103, \u00eenseamn\u0103 mult\u0103 r\u0103spundere, nu po\u0163i s\u0103 intri \u00eentr-o campanie \u00een condi\u0163iile \u00een care ai o pozi\u0163ie at\u00e2t de important\u0103 interna\u0163ional\u0103, dar lucrurile se a\u015faz\u0103 \u015fi, repet, pentru mine, la nivel personal, la nivel de motiva\u0163ie, de \u00een\u0163elegere a nevoilor Rom\u00e2niei, cred c\u0103 Rom\u00e2nia este preg\u0103tit\u0103 pentru o schimbare important\u0103&#8221;, a ad\u0103ugat Mircea Geoan\u0103.<\/p>\n<p>\u00cen opinia sa, aceste alegeri preziden\u0163iale sunt probabil cele mai importante pe care le-a avut Rom\u00e2nia &#8221;\u00een ultimii, dac\u0103 nu 35, m\u0103car 20 de ani&#8221;.<\/p>\n<p>&#8221;Cred c\u0103 \u00eentrebarea fundamental\u0103 la aceste alegeri este ce viitor alegem pentru Rom\u00e2nia. (&#8230;) Sper din toat\u0103 inima ca to\u0163i rom\u00e2nii \u015fi rom\u00e2ncele, alte etnii, tot ce \u00eenseamn\u0103 diaspora rom\u00e2neasc\u0103 s\u0103 vin\u0103 \u00een num\u0103r foarte mare la vot, pentru c\u0103 se decide viitorul nostru, nu pentru 5 ani sau 10 ani, pentru un pre\u015fedinte sau pentru un guvern, dou\u0103 sau cinci, ci pentru multe, multe genera\u0163ii de acum, \u015fi cred c\u0103 este cea mai important\u0103 alegere pe care o avem de f\u0103cut \u00een ultimii 20 de ani sau mai mult&#8221;, consider\u0103 Geoan\u0103. AGERPRES\/(AS &#8211; editor: Georgiana T\u0103n\u0103sescu, editor online: Alexandru Cojocaru)<\/p>\n<\/div>","protected":false},"excerpt":{"rendered":"<p>Secretarul general adjunct al Alian\u0163ei Nord-Atlantice, Mircea Geoan\u0103, a declarat c\u0103 decizia sa privind candidatura la preziden\u0163ial\u0103 este luat\u0103 la nivel personal, \u00eens\u0103 anun\u0163ul oficial va fi f\u0103cut \u00een momentul \u00eencet\u0103rii mandatului la NATO, adic\u0103 \u00een zilele urm\u0103toare. &#8221;Pot s\u0103 spun ceva &#8211; (&#8230;) trebuie s\u0103 fii onest cu oamenii, nu trebuie s\u0103 te \u00eenv\u00e2r\u0163i&#8230;<\/p>","protected":false},"author":4,"featured_media":1091,"comment_status":"open","ping_status":"open","sticky":false,"template":"","format":"standard","meta":{"footnotes":""},"categories":[1],"tags":[],"class_list":["post-1090","post","type-post","status-publish","format-standard","has-post-thumbnail","hentry","category-uncategorized"],"yoast_head":"<!-- This site is optimized with the Yoast SEO plugin v26.1.1 - https:\/\/yoast.com\/wordpress\/plugins\/seo\/ -->\n<title>Geoan\u0103 despre candidatura la preziden\u0163iale: Voi anun\u0163a oficial \u00een clipa \u00een care voi termina mandatul la NATO - Carpathia Center Romania<\/title>\n<meta name=\"robots\" content=\"index, follow, max-snippet:-1, max-image-preview:large, max-video-preview:-1\" \/>\n<link rel=\"canonical\" href=\"https:\/\/carpathiacenter.ro\/en\/geoana-despre-candidatura-la-prezidentiale-voi-anunta-oficial-in-clipa-in-care-voi-termina-mandatul-la-nato\/\" \/>\n<meta property=\"og:locale\" content=\"en_GB\" \/>\n<meta property=\"og:type\" content=\"article\" \/>\n<meta property=\"og:title\" content=\"Geoan\u0103 despre candidatura la preziden\u0163iale: Voi anun\u0163a oficial \u00een clipa \u00een care voi termina mandatul la NATO - Carpathia Center Romania\" \/>\n<meta property=\"og:description\" content=\"Secretarul general adjunct al Alian\u0163ei Nord-Atlantice, Mircea Geoan\u0103, a declarat c\u0103 decizia sa privind candidatura la preziden\u0163ial\u0103 este luat\u0103 la nivel personal, \u00eens\u0103 anun\u0163ul oficial va fi f\u0103cut \u00een momentul \u00eencet\u0103rii mandatului la NATO, adic\u0103 \u00een zilele urm\u0103toare. &#8221;Pot s\u0103 spun ceva &#8211; (&#8230;) trebuie s\u0103 fii onest cu oamenii, nu trebuie s\u0103 te \u00eenv\u00e2r\u0163i...\" \/>\n<meta property=\"og:url\" content=\"https:\/\/carpathiacenter.ro\/en\/geoana-despre-candidatura-la-prezidentiale-voi-anunta-oficial-in-clipa-in-care-voi-termina-mandatul-la-nato\/\" \/>\n<meta property=\"og:site_name\" content=\"Carpathia Center Romania\" \/>\n<meta property=\"article:publisher\" content=\"https:\/\/www.facebook.com\/fdpscarpathia\/\" \/>\n<meta property=\"article:published_time\" content=\"2024-08-26T13:43:56+00:00\" \/>\n<meta property=\"article:modified_time\" content=\"2024-08-26T15:27:35+00:00\" \/>\n<meta property=\"og:image\" content=\"https:\/\/carpathiacenter.ro\/wp-content\/uploads\/2024\/08\/mircea-geoana-scaled-1.jpg\" \/>\n\t<meta property=\"og:image:width\" content=\"2560\" \/>\n\t<meta property=\"og:image:height\" content=\"1707\" \/>\n\t<meta property=\"og:image:type\" content=\"image\/jpeg\" \/>\n<meta name=\"author\" content=\"creativebitsolutions\" \/>\n<meta name=\"twitter:card\" content=\"summary_large_image\" \/>\n<meta name=\"twitter:label1\" content=\"Written by\" \/>\n\t<meta name=\"twitter:data1\" content=\"creativebitsolutions\" \/>\n\t<meta name=\"twitter:label2\" content=\"Estimated reading time\" \/>\n\t<meta name=\"twitter:data2\" content=\"3 minutes\" \/>\n<script type=\"application\/ld+json\" class=\"yoast-schema-graph\">{\"@context\":\"https:\/\/schema.org\",\"@graph\":[{\"@type\":\"Article\",\"@id\":\"https:\/\/carpathiacenter.ro\/geoana-despre-candidatura-la-prezidentiale-voi-anunta-oficial-in-clipa-in-care-voi-termina-mandatul-la-nato\/#article\",\"isPartOf\":{\"@id\":\"https:\/\/carpathiacenter.ro\/geoana-despre-candidatura-la-prezidentiale-voi-anunta-oficial-in-clipa-in-care-voi-termina-mandatul-la-nato\/\"},\"author\":{\"name\":\"creativebitsolutions\",\"@id\":\"https:\/\/carpathiacenter.ro\/#\/schema\/person\/03d9f58202fee8379268f34afa195006\"},\"headline\":\"Geoan\u0103 despre candidatura la preziden\u0163iale: Voi anun\u0163a oficial \u00een clipa \u00een care voi termina mandatul la NATO\",\"datePublished\":\"2024-08-26T13:43:56+00:00\",\"dateModified\":\"2024-08-26T15:27:35+00:00\",\"mainEntityOfPage\":{\"@id\":\"https:\/\/carpathiacenter.ro\/geoana-despre-candidatura-la-prezidentiale-voi-anunta-oficial-in-clipa-in-care-voi-termina-mandatul-la-nato\/\"},\"wordCount\":600,\"commentCount\":0,\"publisher\":{\"@id\":\"https:\/\/carpathiacenter.ro\/#organization\"},\"image\":{\"@id\":\"https:\/\/carpathiacenter.ro\/geoana-despre-candidatura-la-prezidentiale-voi-anunta-oficial-in-clipa-in-care-voi-termina-mandatul-la-nato\/#primaryimage\"},\"thumbnailUrl\":\"https:\/\/carpathiacenter.ro\/wp-content\/uploads\/2024\/08\/mircea-geoana-scaled-1.jpg\",\"articleSection\":[\"Uncategorized\"],\"inLanguage\":\"en-GB\",\"potentialAction\":[{\"@type\":\"CommentAction\",\"name\":\"Comment\",\"target\":[\"https:\/\/carpathiacenter.ro\/geoana-despre-candidatura-la-prezidentiale-voi-anunta-oficial-in-clipa-in-care-voi-termina-mandatul-la-nato\/#respond\"]}]},{\"@type\":\"WebPage\",\"@id\":\"https:\/\/carpathiacenter.ro\/geoana-despre-candidatura-la-prezidentiale-voi-anunta-oficial-in-clipa-in-care-voi-termina-mandatul-la-nato\/\",\"url\":\"https:\/\/carpathiacenter.ro\/geoana-despre-candidatura-la-prezidentiale-voi-anunta-oficial-in-clipa-in-care-voi-termina-mandatul-la-nato\/\",\"name\":\"Geoan\u0103 despre candidatura la preziden\u0163iale: Voi anun\u0163a oficial \u00een clipa \u00een care voi termina mandatul la NATO - Carpathia Center Romania\",\"isPartOf\":{\"@id\":\"https:\/\/carpathiacenter.ro\/#website\"},\"primaryImageOfPage\":{\"@id\":\"https:\/\/carpathiacenter.ro\/geoana-despre-candidatura-la-prezidentiale-voi-anunta-oficial-in-clipa-in-care-voi-termina-mandatul-la-nato\/#primaryimage\"},\"image\":{\"@id\":\"https:\/\/carpathiacenter.ro\/geoana-despre-candidatura-la-prezidentiale-voi-anunta-oficial-in-clipa-in-care-voi-termina-mandatul-la-nato\/#primaryimage\"},\"thumbnailUrl\":\"https:\/\/carpathiacenter.ro\/wp-content\/uploads\/2024\/08\/mircea-geoana-scaled-1.jpg\",\"datePublished\":\"2024-08-26T13:43:56+00:00\",\"dateModified\":\"2024-08-26T15:27:35+00:00\",\"breadcrumb\":{\"@id\":\"https:\/\/carpathiacenter.ro\/geoana-despre-candidatura-la-prezidentiale-voi-anunta-oficial-in-clipa-in-care-voi-termina-mandatul-la-nato\/#breadcrumb\"},\"inLanguage\":\"en-GB\",\"potentialAction\":[{\"@type\":\"ReadAction\",\"target\":[\"https:\/\/carpathiacenter.ro\/geoana-despre-candidatura-la-prezidentiale-voi-anunta-oficial-in-clipa-in-care-voi-termina-mandatul-la-nato\/\"]}]},{\"@type\":\"ImageObject\",\"inLanguage\":\"en-GB\",\"@id\":\"https:\/\/carpathiacenter.ro\/geoana-despre-candidatura-la-prezidentiale-voi-anunta-oficial-in-clipa-in-care-voi-termina-mandatul-la-nato\/#primaryimage\",\"url\":\"https:\/\/carpathiacenter.ro\/wp-content\/uploads\/2024\/08\/mircea-geoana-scaled-1.jpg\",\"contentUrl\":\"https:\/\/carpathiacenter.ro\/wp-content\/uploads\/2024\/08\/mircea-geoana-scaled-1.jpg\",\"width\":2560,\"height\":1707},{\"@type\":\"BreadcrumbList\",\"@id\":\"https:\/\/carpathiacenter.ro\/geoana-despre-candidatura-la-prezidentiale-voi-anunta-oficial-in-clipa-in-care-voi-termina-mandatul-la-nato\/#breadcrumb\",\"itemListElement\":[{\"@type\":\"ListItem\",\"position\":1,\"name\":\"Prima pagin\u0103\",\"item\":\"https:\/\/carpathiacenter.ro\/\"},{\"@type\":\"ListItem\",\"position\":2,\"name\":\"Geoan\u0103 despre candidatura la preziden\u0163iale: Voi anun\u0163a oficial \u00een clipa \u00een care voi termina mandatul la NATO\"}]},{\"@type\":\"WebSite\",\"@id\":\"https:\/\/carpathiacenter.ro\/#website\",\"url\":\"https:\/\/carpathiacenter.ro\/\",\"name\":\"Carpathia Center Romania\",\"description\":\"Impossible made possible!\",\"publisher\":{\"@id\":\"https:\/\/carpathiacenter.ro\/#organization\"},\"potentialAction\":[{\"@type\":\"SearchAction\",\"target\":{\"@type\":\"EntryPoint\",\"urlTemplate\":\"https:\/\/carpathiacenter.ro\/?s={search_term_string}\"},\"query-input\":{\"@type\":\"PropertyValueSpecification\",\"valueRequired\":true,\"valueName\":\"search_term_string\"}}],\"inLanguage\":\"en-GB\"},{\"@type\":\"Organization\",\"@id\":\"https:\/\/carpathiacenter.ro\/#organization\",\"name\":\"Carpathia Center Romania\",\"url\":\"https:\/\/carpathiacenter.ro\/\",\"logo\":{\"@type\":\"ImageObject\",\"inLanguage\":\"en-GB\",\"@id\":\"https:\/\/carpathiacenter.ro\/#\/schema\/logo\/image\/\",\"url\":\"https:\/\/carpathiacenter.ro\/wp-content\/uploads\/2024\/07\/logo-carpathia_bg_white-1024x941.png\",\"contentUrl\":\"https:\/\/carpathiacenter.ro\/wp-content\/uploads\/2024\/07\/logo-carpathia_bg_white-1024x941.png\",\"width\":1024,\"height\":941,\"caption\":\"Carpathia Center Romania\"},\"image\":{\"@id\":\"https:\/\/carpathiacenter.ro\/#\/schema\/logo\/image\/\"},\"sameAs\":[\"https:\/\/www.facebook.com\/fdpscarpathia\/\"]},{\"@type\":\"Person\",\"@id\":\"https:\/\/carpathiacenter.ro\/#\/schema\/person\/03d9f58202fee8379268f34afa195006\",\"name\":\"creativebitsolutions\",\"image\":{\"@type\":\"ImageObject\",\"inLanguage\":\"en-GB\",\"@id\":\"https:\/\/carpathiacenter.ro\/#\/schema\/person\/image\/\",\"url\":\"https:\/\/secure.gravatar.com\/avatar\/1b1a13e37f847c635dab78348f1dff2f07651ee2a3d77a5c355a4b8c75f9165a?s=96&d=mm&r=g\",\"contentUrl\":\"https:\/\/secure.gravatar.com\/avatar\/1b1a13e37f847c635dab78348f1dff2f07651ee2a3d77a5c355a4b8c75f9165a?s=96&d=mm&r=g\",\"caption\":\"creativebitsolutions\"},\"url\":\"https:\/\/carpathiacenter.ro\/en\/author\/creativebitsolutions\/\"}]}<\/script>\n<!-- \/ Yoast SEO plugin. -->","yoast_head_json":{"title":"Geoan\u0103 despre candidatura la preziden\u0163iale: Voi anun\u0163a oficial \u00een clipa \u00een care voi termina mandatul la NATO - Carpathia Center Romania","robots":{"index":"index","follow":"follow","max-snippet":"max-snippet:-1","max-image-preview":"max-image-preview:large","max-video-preview":"max-video-preview:-1"},"canonical":"https:\/\/carpathiacenter.ro\/en\/geoana-despre-candidatura-la-prezidentiale-voi-anunta-oficial-in-clipa-in-care-voi-termina-mandatul-la-nato\/","og_locale":"en_GB","og_type":"article","og_title":"Geoan\u0103 despre candidatura la preziden\u0163iale: Voi anun\u0163a oficial \u00een clipa \u00een care voi termina mandatul la NATO - Carpathia Center Romania","og_description":"Secretarul general adjunct al Alian\u0163ei Nord-Atlantice, Mircea Geoan\u0103, a declarat c\u0103 decizia sa privind candidatura la preziden\u0163ial\u0103 este luat\u0103 la nivel personal, \u00eens\u0103 anun\u0163ul oficial va fi f\u0103cut \u00een momentul \u00eencet\u0103rii mandatului la NATO, adic\u0103 \u00een zilele urm\u0103toare. &#8221;Pot s\u0103 spun ceva &#8211; (&#8230;) trebuie s\u0103 fii onest cu oamenii, nu trebuie s\u0103 te \u00eenv\u00e2r\u0163i...","og_url":"https:\/\/carpathiacenter.ro\/en\/geoana-despre-candidatura-la-prezidentiale-voi-anunta-oficial-in-clipa-in-care-voi-termina-mandatul-la-nato\/","og_site_name":"Carpathia Center Romania","article_publisher":"https:\/\/www.facebook.com\/fdpscarpathia\/","article_published_time":"2024-08-26T13:43:56+00:00","article_modified_time":"2024-08-26T15:27:35+00:00","og_image":[{"width":2560,"height":1707,"url":"https:\/\/carpathiacenter.ro\/wp-content\/uploads\/2024\/08\/mircea-geoana-scaled-1.jpg","type":"image\/jpeg"}],"author":"creativebitsolutions","twitter_card":"summary_large_image","twitter_misc":{"Written by":"creativebitsolutions","Estimated reading time":"3 minutes"},"schema":{"@context":"https:\/\/schema.org","@graph":[{"@type":"Article","@id":"https:\/\/carpathiacenter.ro\/geoana-despre-candidatura-la-prezidentiale-voi-anunta-oficial-in-clipa-in-care-voi-termina-mandatul-la-nato\/#article","isPartOf":{"@id":"https:\/\/carpathiacenter.ro\/geoana-despre-candidatura-la-prezidentiale-voi-anunta-oficial-in-clipa-in-care-voi-termina-mandatul-la-nato\/"},"author":{"name":"creativebitsolutions","@id":"https:\/\/carpathiacenter.ro\/#\/schema\/person\/03d9f58202fee8379268f34afa195006"},"headline":"Geoan\u0103 despre candidatura la preziden\u0163iale: Voi anun\u0163a oficial \u00een clipa \u00een care voi termina mandatul la NATO","datePublished":"2024-08-26T13:43:56+00:00","dateModified":"2024-08-26T15:27:35+00:00","mainEntityOfPage":{"@id":"https:\/\/carpathiacenter.ro\/geoana-despre-candidatura-la-prezidentiale-voi-anunta-oficial-in-clipa-in-care-voi-termina-mandatul-la-nato\/"},"wordCount":600,"commentCount":0,"publisher":{"@id":"https:\/\/carpathiacenter.ro\/#organization"},"image":{"@id":"https:\/\/carpathiacenter.ro\/geoana-despre-candidatura-la-prezidentiale-voi-anunta-oficial-in-clipa-in-care-voi-termina-mandatul-la-nato\/#primaryimage"},"thumbnailUrl":"https:\/\/carpathiacenter.ro\/wp-content\/uploads\/2024\/08\/mircea-geoana-scaled-1.jpg","articleSection":["Uncategorized"],"inLanguage":"en-GB","potentialAction":[{"@type":"CommentAction","name":"Comment","target":["https:\/\/carpathiacenter.ro\/geoana-despre-candidatura-la-prezidentiale-voi-anunta-oficial-in-clipa-in-care-voi-termina-mandatul-la-nato\/#respond"]}]},{"@type":"WebPage","@id":"https:\/\/carpathiacenter.ro\/geoana-despre-candidatura-la-prezidentiale-voi-anunta-oficial-in-clipa-in-care-voi-termina-mandatul-la-nato\/","url":"https:\/\/carpathiacenter.ro\/geoana-despre-candidatura-la-prezidentiale-voi-anunta-oficial-in-clipa-in-care-voi-termina-mandatul-la-nato\/","name":"Geoan\u0103 despre candidatura la preziden\u0163iale: Voi anun\u0163a oficial \u00een clipa \u00een care voi termina mandatul la NATO - Carpathia Center Romania","isPartOf":{"@id":"https:\/\/carpathiacenter.ro\/#website"},"primaryImageOfPage":{"@id":"https:\/\/carpathiacenter.ro\/geoana-despre-candidatura-la-prezidentiale-voi-anunta-oficial-in-clipa-in-care-voi-termina-mandatul-la-nato\/#primaryimage"},"image":{"@id":"https:\/\/carpathiacenter.ro\/geoana-despre-candidatura-la-prezidentiale-voi-anunta-oficial-in-clipa-in-care-voi-termina-mandatul-la-nato\/#primaryimage"},"thumbnailUrl":"https:\/\/carpathiacenter.ro\/wp-content\/uploads\/2024\/08\/mircea-geoana-scaled-1.jpg","datePublished":"2024-08-26T13:43:56+00:00","dateModified":"2024-08-26T15:27:35+00:00","breadcrumb":{"@id":"https:\/\/carpathiacenter.ro\/geoana-despre-candidatura-la-prezidentiale-voi-anunta-oficial-in-clipa-in-care-voi-termina-mandatul-la-nato\/#breadcrumb"},"inLanguage":"en-GB","potentialAction":[{"@type":"ReadAction","target":["https:\/\/carpathiacenter.ro\/geoana-despre-candidatura-la-prezidentiale-voi-anunta-oficial-in-clipa-in-care-voi-termina-mandatul-la-nato\/"]}]},{"@type":"ImageObject","inLanguage":"en-GB","@id":"https:\/\/carpathiacenter.ro\/geoana-despre-candidatura-la-prezidentiale-voi-anunta-oficial-in-clipa-in-care-voi-termina-mandatul-la-nato\/#primaryimage","url":"https:\/\/carpathiacenter.ro\/wp-content\/uploads\/2024\/08\/mircea-geoana-scaled-1.jpg","contentUrl":"https:\/\/carpathiacenter.ro\/wp-content\/uploads\/2024\/08\/mircea-geoana-scaled-1.jpg","width":2560,"height":1707},{"@type":"BreadcrumbList","@id":"https:\/\/carpathiacenter.ro\/geoana-despre-candidatura-la-prezidentiale-voi-anunta-oficial-in-clipa-in-care-voi-termina-mandatul-la-nato\/#breadcrumb","itemListElement":[{"@type":"ListItem","position":1,"name":"Prima pagin\u0103","item":"https:\/\/carpathiacenter.ro\/"},{"@type":"ListItem","position":2,"name":"Geoan\u0103 despre candidatura la preziden\u0163iale: Voi anun\u0163a oficial \u00een clipa \u00een care voi termina mandatul la NATO"}]},{"@type":"WebSite","@id":"https:\/\/carpathiacenter.ro\/#website","url":"https:\/\/carpathiacenter.ro\/","name":"Carpathia Center Romania","description":"Impossible made possible!","publisher":{"@id":"https:\/\/carpathiacenter.ro\/#organization"},"potentialAction":[{"@type":"SearchAction","target":{"@type":"EntryPoint","urlTemplate":"https:\/\/carpathiacenter.ro\/?s={search_term_string}"},"query-input":{"@type":"PropertyValueSpecification","valueRequired":true,"valueName":"search_term_string"}}],"inLanguage":"en-GB"},{"@type":"Organization","@id":"https:\/\/carpathiacenter.ro\/#organization","name":"Carpathia Center Romania","url":"https:\/\/carpathiacenter.ro\/","logo":{"@type":"ImageObject","inLanguage":"en-GB","@id":"https:\/\/carpathiacenter.ro\/#\/schema\/logo\/image\/","url":"https:\/\/carpathiacenter.ro\/wp-content\/uploads\/2024\/07\/logo-carpathia_bg_white-1024x941.png","contentUrl":"https:\/\/carpathiacenter.ro\/wp-content\/uploads\/2024\/07\/logo-carpathia_bg_white-1024x941.png","width":1024,"height":941,"caption":"Carpathia Center Romania"},"image":{"@id":"https:\/\/carpathiacenter.ro\/#\/schema\/logo\/image\/"},"sameAs":["https:\/\/www.facebook.com\/fdpscarpathia\/"]},{"@type":"Person","@id":"https:\/\/carpathiacenter.ro\/#\/schema\/person\/03d9f58202fee8379268f34afa195006","name":"creativebitsolutions","image":{"@type":"ImageObject","inLanguage":"en-GB","@id":"https:\/\/carpathiacenter.ro\/#\/schema\/person\/image\/","url":"https:\/\/secure.gravatar.com\/avatar\/1b1a13e37f847c635dab78348f1dff2f07651ee2a3d77a5c355a4b8c75f9165a?s=96&d=mm&r=g","contentUrl":"https:\/\/secure.gravatar.com\/avatar\/1b1a13e37f847c635dab78348f1dff2f07651ee2a3d77a5c355a4b8c75f9165a?s=96&d=mm&r=g","caption":"creativebitsolutions"},"url":"https:\/\/carpathiacenter.ro\/en\/author\/creativebitsolutions\/"}]}},"_links":{"self":[{"href":"https:\/\/carpathiacenter.ro\/en\/wp-json\/wp\/v2\/posts\/1090","targetHints":{"allow":["GET"]}}],"collection":[{"href":"https:\/\/carpathiacenter.ro\/en\/wp-json\/wp\/v2\/posts"}],"about":[{"href":"https:\/\/carpathiacenter.ro\/en\/wp-json\/wp\/v2\/types\/post"}],"author":[{"embeddable":true,"href":"https:\/\/carpathiacenter.ro\/en\/wp-json\/wp\/v2\/users\/4"}],"replies":[{"embeddable":true,"href":"https:\/\/carpathiacenter.ro\/en\/wp-json\/wp\/v2\/comments?post=1090"}],"version-history":[{"count":2,"href":"https:\/\/carpathiacenter.ro\/en\/wp-json\/wp\/v2\/posts\/1090\/revisions"}],"predecessor-version":[{"id":1093,"href":"https:\/\/carpathiacenter.ro\/en\/wp-json\/wp\/v2\/posts\/1090\/revisions\/1093"}],"wp:featuredmedia":[{"embeddable":true,"href":"https:\/\/carpathiacenter.ro\/en\/wp-json\/wp\/v2\/media\/1091"}],"wp:attachment":[{"href":"https:\/\/carpathiacenter.ro\/en\/wp-json\/wp\/v2\/media?parent=1090"}],"wp:term":[{"taxonomy":"category","embeddable":true,"href":"https:\/\/carpathiacenter.ro\/en\/wp-json\/wp\/v2\/categories?post=1090"},{"taxonomy":"post_tag","embeddable":true,"href":"https:\/\/carpathiacenter.ro\/en\/wp-json\/wp\/v2\/tags?post=1090"}],"curies":[{"name":"wp","href":"https:\/\/api.w.org\/{rel}","templated":true}]}}