{"id":1067,"date":"2024-08-21T09:06:23","date_gmt":"2024-08-21T09:06:23","guid":{"rendered":"https:\/\/carpathiacenter.ro\/?p=1067"},"modified":"2024-08-28T10:36:57","modified_gmt":"2024-08-28T10:36:57","slug":"primarul-daniel-baluta-a-semnat-contractul-de-finantare-pentru-refacerea-din-temelii-a-planseului-unirii","status":"publish","type":"post","link":"https:\/\/carpathiacenter.ro\/en\/primarul-daniel-baluta-a-semnat-contractul-de-finantare-pentru-refacerea-din-temelii-a-planseului-unirii\/","title":{"rendered":"Primarul Daniel B\u0103lu\u021b\u0103 a semnat contractul de finan\u021bare pentru refacerea din temelii a Plan\u0219eului Unirii"},"content":{"rendered":"<div class=\"entry-content\">\n<\/p>\n<p>Proiectul de reconstruc\u021bie total\u0103 a Plan\u0219eului Unirii \u2013 placa uria\u0219\u0103 de beton ce acoper\u0103 Pia\u021ba Unirii din centrul Bucure\u0219tiului \u2013 intr\u0103 pe ultima sut\u0103 de metri. \u00cen timp ce documentele pentru autorizarea lucr\u0103rilor de construire au fost depuse deja at\u00e2t la Prim\u0103ria Capitalei, c\u00e2t \u0219i la Prim\u0103ria Sectorului 3, primarul Daniel B\u0103lu\u021b\u0103 a semnat ast\u0103zi, 19 august a.c., la sediul Guvernului Rom\u00e2niei, contractul de finan\u021bare \u00een valoare de aproximativ 750 de milioane de lei.&nbsp;<\/p>\n<p><\/p>\n<p>Documenta\u021bia a fost semnat\u0103, \u00een prezen\u021ba prim-ministrului Marcel Ciolacu \u0219i a viceprim-mistrului Marian Nea\u0219cu, al\u0103turi de Adrian-Ioan Ve\u0219tea, ministrul Dezvolt\u0103rii, Lucr\u0103rilor Publice \u0219i Administra\u021biei \u0219i reprezint\u0103 o dovad\u0103 de necontestat a faptului c\u0103, Bucure\u0219tiul poate fi cu adev\u0103rat o capital\u0103 european\u0103 modern\u0103, \u00een care siguran\u021ba cet\u0103\u021benilor ei este pe primul loc, mai ales atunci c\u00e2nd autorit\u0103\u021bile lucreaz\u0103 \u00eempreun\u0103.&nbsp;<\/p>\n<p><\/p>\n<p>Anterior semn\u0103rii propriu-zise a contractului de finan\u021bare pentru reconstruc\u021bia Plan\u0219eului Unirii, prim-ministrul Marcel Ciolacu a punctat faptul c\u0103 aceast\u0103 investi\u021bie este neap\u0103rat necesar\u0103&nbsp; pentru siguran\u021ba milioanelor de oameni care traverseaz\u0103, zilnic, centrul Bucure\u0219tiului.&nbsp;<\/p>\n<p><\/p>\n<p><em>\u201e\u00cei mul\u0163umesc mult domnului Daniel B\u0103lu\u0163\u0103, primarul Sectorului 4, una dintre cele mai active administra\u0163ii locale din Rom\u00e2nia. Al\u0103turi de speciali\u015fti, Prim\u0103ria Sectorului 4 a identificat cele mai bune variante pentru refacerea unui nod de infrastructur\u0103 complex din inima Capitalei, un nod vital pentru siguran\u0163a celor afla\u0163i \u00een trafic, dar \u015fi a \u00eentregii zone. \u015etiu c\u0103 nu este un proiect u\u015for. \u00cen plus pe parcursul lucr\u0103rilor vom avea o perioad\u0103 de restric\u0163ii de trafic. De aceea este esen\u0163ial ca lucr\u0103rile s\u0103 fie realizate rapid \u015fi \u00een termenele stabilite\u201d<\/em>, a sus\u021binut Marcel Ciolacu.&nbsp;<\/p>\n<p><\/p>\n<p>La r\u00e2ndul s\u0103u, edilul Sectorului 4 a precizat importan\u021ba proiectului de regenerare urban\u0103 a \u00eentregii zone aferente Pie\u021bei Unirii.&nbsp;<\/p>\n<p><\/p>\n<p><em>\u201ePrin alocarea resurselor financiare de c\u0103tre Guvern, rezolv\u0103m, dup\u0103 aproape un secol, una dintre cele mai mari provoc\u0103ri ale infrastructurii Bucure\u0219tiului, din chiar centrul Capitalei. Exper\u021bii au semnalat, la timp, c\u00e2t de grav\u0103 este provocarea generat\u0103 de starea Plan\u0219eului Unirii, iar responsabilitatea noastr\u0103 este de a g\u0103si rapid cea mai bun\u0103 \u0219i mai durabil\u0103 solu\u021bie. De aceea m\u0103 bucur c\u0103 \u00eempreun\u0103, noi, autorit\u0103\u021bile locale ale Sectorului 4 \u0219i Executivul, putem pune \u00een siguran\u021b\u0103 centrul Bucure\u0219tiului, printr-o investi\u021bie important\u0103, care rezolv\u0103 una dintre cele mai complexe lucr\u0103ri de infrastructur\u0103 de dup\u0103 Revolu\u021bie. De acum, intr\u0103m \u00eentr-o scurt\u0103 etap\u0103 birocratic\u0103, a documentelor de autorizare a lucr\u0103rilor, \u00eens\u0103 sunt convins c\u0103 vom putea \u00eencepe aceste activit\u0103\u021bi cel t\u00e2rziu, la 1 octombrie\u201d, <\/em>a declarat Daniel B\u0103lu\u021b\u0103.&nbsp;<\/p>\n<p><\/p>\n<p>Primarul Sectorului 4 a men\u021bionat \u0219i faptul c\u0103, p\u00e2n\u0103 la finalul anului \u00een curs, nu vor fi restric\u021bionate, din cauza lucr\u0103rilor, nici circula\u021bia auto, nici cea pietonal\u0103, \u00een zona Pia\u021ba Unirii. <em>\u201eIndiferent de momentul de debut al lucr\u0103rilor, nu vom restric\u021biona, cel pu\u021bin p\u00e2n\u0103 la finalul anului, circula\u021bia auto \u0219i cea pietonal\u0103, \u00eentruc\u00e2t, mai \u00eent\u00e2i, utilajele vor ajunge \u00een zona f\u00e2nt\u00e2nilor arteziene \u0219i a spa\u021biior verzi adiacente acestora. Se va lucra \u00een trei schimburi, pentru ca proiectul s\u0103 fie finalizat la termen\u201d<\/em>,&nbsp; a sus\u021binut edilul.&nbsp;<\/p>\n<p><\/p>\n<p>Reamintim faptul c\u0103 Sectorul 4 al Municipiului Bucure\u0219ti \u0219i-a asumat proiectul de refacere din temelii a Plan\u0219eului Unirii, obiectiv de infrastructur\u0103 strategic\u0103 a Capitalei, inclus de c\u0103tre speciali\u0219ti \u00een clasa tehnic\u0103 IV, nesatisf\u0103c\u0103tor.&nbsp;<\/p>\n<p><\/p>\n<p>Proiectul ce urmeaz\u0103 s\u0103 debuteze cel t\u00e2rziu pe data de 1 octombrie a.c. vizeaz\u0103 \u00eenlocuirea structurii existente, care a suferit modific\u0103ri\/degrad\u0103ri structurale semnificative \u00een cei aproape 100 de ani de existen\u021b\u0103, cu una nou\u0103, modern\u0103 \u0219i performant\u0103, care s\u0103 r\u0103spund\u0103 tuturor cerin\u021belor de trafic \u0219i fiabilitate, dar \u0219i capacit\u0103\u021bii de tranzit a debitelor de ap\u0103 de pe r\u00e2ul D\u00e2mbovi\u021ba.<\/p>\n<p><\/p>\n<p>Pentru aceasta, speciali\u0219tii vor implementa solu\u021bii tehnice prin care s\u0103 elimine deficien\u021bele grave identificate \u00een urma expertizelor tehnice efectuate \u00een cursul anului trecut \u0219i anume:&nbsp;<\/p>\n<p><\/p>\n<p>\u2022 arm\u0103turi corodate, beton exfoliat, reduceri de sec\u021biune, vegeta\u021bie acvatic\u0103 pe fa\u021ba betonului \u0219i defecte de fa\u021b\u0103 v\u0103zut\u0103 la riglele cadrelor;<\/p>\n<p><\/p>\n<p>\u2022 grinzi secundare (nervuri) demolate, zone care se presupune c\u0103 au fost ref\u0103cute \u00een cofraj metalic nerecuperat \u0219i care sunt \u00eentr-o stare avansat\u0103 de coroziune;<\/p>\n<p><\/p>\n<p>\u2022 grinzi secundare (nervuri) cu sec\u021biune de rezisten\u021b\u0101 puternic afectat\u0103, console scurte la cadrele de rost distruse \u00een \u00eentregime ca urmare a infiltra\u021biilor de ap\u0103 \u00een rosturi;<\/p>\n<p><\/p>\n<p>\u2022 beton exfoliat, arm\u0103turi corodate \u0219i infiltra\u021bii locale \u00een placa de beton a plan\u015feului; defecte de execu\u021bie \u0219i lucr\u0103ri executate necorespunz\u0103tor efectuate cu ocazia diverselor interven\u021bii la plan\u0219eu;<\/p>\n<p><\/p>\n<p>\u2022 degrad\u0103ri la partea carosabil\u0103 a str\u0103zilor de deasupra plan\u015feului, guri de scurgere, borduri, trotuare pietonale \u0219i parapete.&nbsp;<\/p>\n<p><\/p>\n<p>\u00cen acelasi timp, speciali\u0219tii angrena\u021bi \u00een derularea acestui proiect, vor proiecta \u0219i lucr\u0103rile necesare pentru consolidarea Pasajului Unirii, \u00eencadrat, de asemenea, \u00een clasa tehnic\u0103 IV \u2013 nesatisf\u0103c\u0103tor, din cinci posibile.&nbsp; Solu\u021biile tehnice vor avea \u00een vedere reabilitarea structurii de rezisten\u021b\u0103 a tunelului rutier, prin c\u0103m\u0103\u0219uirea \u0219i armarea pere\u021bilor existen\u021bi, precum \u0219i refacerea integral\u0103 a suprastructurii prezente.&nbsp;<\/p>\n<p><\/p>\n<p>De la luarea \u00een administrare, \u00een aprilie 2022, Pasajul Unirii a fost pus \u00een siguran\u021b\u0103 \u00een cadrul primei etape a lucr\u0103rilor de consolidare a acestui obiectiv de infrastructur\u0103, folosit zilnic de peste 60.000 de autoturisme. Astfel, a fost \u00eenl\u0103turat pericolul ca buc\u0103\u021bi de beton din plafonul tunelului rutier s\u0103 se mai desprind\u0103 \u0219i s\u0103 cad\u0103 peste autoturismele care circulau prin pasaj. Totodat\u0103, constructorii au izolat infiltra\u021biile de la nivelul carosabilului, au \u00eenchis fisurile din pere\u021bii interiori ai pasajului, prin injectarea unor mortare speciale, pe care, ulterior, i-au \u00eembr\u0103cat cu peste 3.000 de panouri metalice.&nbsp; Mai mult, pentru a cre\u0219te vizibilitatea \u00een tunel, au fost montate 498 de corpuri de iluminat, band\u0103 LED pe o suprafa\u021b\u0103 de 4 kilometri, \u0219i 150 de proiectoare (pe ramp\u0103). Tunelul rutier a fost dotat \u0219i cu un performant sistem de ventila\u021bie, compus din 60 de ventilatoare, pentru evacuarea de \u00eendat\u0103 a noxelor \u0219i a fumului, cu dou\u0103 defibrilatoare automate pentru situa\u021bii de urgen\u021b\u0103, precum \u0219i cu amplificatoare pentru semnalul de telefonie mobil\u0103.<\/p>\n<p><\/p>\n<p>Toate aceste elemente, componente ale sistemului de siguran\u021b\u0103 montat \u00een Pasajul Unirii, urmeaz\u0103 a fi demontate odat\u0103 cu debutul lucr\u0103rilor de consolidare, conservate \u0219i rea\u0219ezate pe pozi\u021biile actuale, dup\u0103 ce constructorii vor finaliza acest proiect.&nbsp;<\/p>\n<p><\/p>\n<p>Totodat\u0103, \u00een paralel, \u00een cadrul lucr\u0103rilor mai sus men\u021bionate, \u00eentreaga zon\u0103 de suprafa\u021b\u0103 din Pia\u021ba Unirii va fi reamenajat\u0103 peisagistic, cu spa\u021bii verzi, pia\u021bete, zone pietonale \u0219i alte solu\u021bii inovative, care s\u0103 transforme arealul \u00eentr-un reper urban pentru Bucure\u0219ti, c\u00e2t mai atractiv, at\u00e2t din punct de vedere al interac\u021biunii sociale \u0219i al petrecerii timpului liber, c\u00e2t \u0219i turistic.<\/p>\n<p><\/p>\n<p><em>Articol sus\u021binut de Prim\u0103ria Sectorului 4<\/em><\/p>\n<p><a target=\"_blank\" href=\"https:\/\/hotnews.ro\/primarul-daniel-baluta-a-semnat-contractul-de-finantare-pentru-refacerea-din-temelii-a-planseului-unirii-1774435\" rel=\"noopener\">Sursa articolului<\/a><\/p>\n<\/p><\/div>","protected":false},"excerpt":{"rendered":"<p>Proiectul de reconstruc\u021bie total\u0103 a Plan\u0219eului Unirii \u2013 placa uria\u0219\u0103 de beton ce acoper\u0103 Pia\u021ba Unirii din centrul Bucure\u0219tiului \u2013 intr\u0103 pe ultima sut\u0103 de metri. \u00cen timp ce documentele pentru autorizarea lucr\u0103rilor de construire au fost depuse deja at\u00e2t la Prim\u0103ria Capitalei, c\u00e2t \u0219i la Prim\u0103ria Sectorului 3, primarul Daniel B\u0103lu\u021b\u0103 a semnat ast\u0103zi,&#8230;<\/p>","protected":false},"author":4,"featured_media":1068,"comment_status":"open","ping_status":"open","sticky":false,"template":"","format":"standard","meta":{"footnotes":""},"categories":[1],"tags":[],"class_list":["post-1067","post","type-post","status-publish","format-standard","has-post-thumbnail","hentry","category-uncategorized"],"yoast_head":"<!-- This site is optimized with the Yoast SEO plugin v26.1.1 - https:\/\/yoast.com\/wordpress\/plugins\/seo\/ -->\n<title>Primarul Daniel B\u0103lu\u021b\u0103 a semnat contractul de finan\u021bare pentru refacerea din temelii a Plan\u0219eului Unirii - Carpathia Center Romania<\/title>\n<meta name=\"robots\" content=\"index, follow, max-snippet:-1, max-image-preview:large, max-video-preview:-1\" \/>\n<link rel=\"canonical\" href=\"https:\/\/carpathiacenter.ro\/en\/primarul-daniel-baluta-a-semnat-contractul-de-finantare-pentru-refacerea-din-temelii-a-planseului-unirii\/\" \/>\n<meta property=\"og:locale\" content=\"en_GB\" \/>\n<meta property=\"og:type\" content=\"article\" \/>\n<meta property=\"og:title\" content=\"Primarul Daniel B\u0103lu\u021b\u0103 a semnat contractul de finan\u021bare pentru refacerea din temelii a Plan\u0219eului Unirii - Carpathia Center Romania\" \/>\n<meta property=\"og:description\" content=\"Proiectul de reconstruc\u021bie total\u0103 a Plan\u0219eului Unirii \u2013 placa uria\u0219\u0103 de beton ce acoper\u0103 Pia\u021ba Unirii din centrul Bucure\u0219tiului \u2013 intr\u0103 pe ultima sut\u0103 de metri. \u00cen timp ce documentele pentru autorizarea lucr\u0103rilor de construire au fost depuse deja at\u00e2t la Prim\u0103ria Capitalei, c\u00e2t \u0219i la Prim\u0103ria Sectorului 3, primarul Daniel B\u0103lu\u021b\u0103 a semnat ast\u0103zi,...\" \/>\n<meta property=\"og:url\" content=\"https:\/\/carpathiacenter.ro\/en\/primarul-daniel-baluta-a-semnat-contractul-de-finantare-pentru-refacerea-din-temelii-a-planseului-unirii\/\" \/>\n<meta property=\"og:site_name\" content=\"Carpathia Center Romania\" \/>\n<meta property=\"article:publisher\" content=\"https:\/\/www.facebook.com\/fdpscarpathia\/\" \/>\n<meta property=\"article:published_time\" content=\"2024-08-21T09:06:23+00:00\" \/>\n<meta property=\"article:modified_time\" content=\"2024-08-28T10:36:57+00:00\" \/>\n<meta property=\"og:image\" content=\"https:\/\/carpathiacenter.ro\/wp-content\/uploads\/2024\/08\/baluta-candidatura-primar-sector-4-18895048.jpg\" \/>\n\t<meta property=\"og:image:width\" content=\"820\" \/>\n\t<meta property=\"og:image:height\" content=\"580\" \/>\n\t<meta property=\"og:image:type\" content=\"image\/jpeg\" \/>\n<meta name=\"author\" content=\"creativebitsolutions\" \/>\n<meta name=\"twitter:card\" content=\"summary_large_image\" \/>\n<meta name=\"twitter:label1\" content=\"Written by\" \/>\n\t<meta name=\"twitter:data1\" content=\"creativebitsolutions\" \/>\n\t<meta name=\"twitter:label2\" content=\"Estimated reading time\" \/>\n\t<meta name=\"twitter:data2\" content=\"6 minutes\" \/>\n<script type=\"application\/ld+json\" class=\"yoast-schema-graph\">{\"@context\":\"https:\/\/schema.org\",\"@graph\":[{\"@type\":\"Article\",\"@id\":\"https:\/\/carpathiacenter.ro\/primarul-daniel-baluta-a-semnat-contractul-de-finantare-pentru-refacerea-din-temelii-a-planseului-unirii\/#article\",\"isPartOf\":{\"@id\":\"https:\/\/carpathiacenter.ro\/primarul-daniel-baluta-a-semnat-contractul-de-finantare-pentru-refacerea-din-temelii-a-planseului-unirii\/\"},\"author\":{\"name\":\"creativebitsolutions\",\"@id\":\"https:\/\/carpathiacenter.ro\/#\/schema\/person\/03d9f58202fee8379268f34afa195006\"},\"headline\":\"Primarul Daniel B\u0103lu\u021b\u0103 a semnat contractul de finan\u021bare pentru refacerea din temelii a Plan\u0219eului Unirii\",\"datePublished\":\"2024-08-21T09:06:23+00:00\",\"dateModified\":\"2024-08-28T10:36:57+00:00\",\"mainEntityOfPage\":{\"@id\":\"https:\/\/carpathiacenter.ro\/primarul-daniel-baluta-a-semnat-contractul-de-finantare-pentru-refacerea-din-temelii-a-planseului-unirii\/\"},\"wordCount\":1214,\"commentCount\":0,\"publisher\":{\"@id\":\"https:\/\/carpathiacenter.ro\/#organization\"},\"image\":{\"@id\":\"https:\/\/carpathiacenter.ro\/primarul-daniel-baluta-a-semnat-contractul-de-finantare-pentru-refacerea-din-temelii-a-planseului-unirii\/#primaryimage\"},\"thumbnailUrl\":\"https:\/\/carpathiacenter.ro\/wp-content\/uploads\/2024\/08\/baluta-candidatura-primar-sector-4-18895048.jpg\",\"articleSection\":[\"Uncategorized\"],\"inLanguage\":\"en-GB\",\"potentialAction\":[{\"@type\":\"CommentAction\",\"name\":\"Comment\",\"target\":[\"https:\/\/carpathiacenter.ro\/primarul-daniel-baluta-a-semnat-contractul-de-finantare-pentru-refacerea-din-temelii-a-planseului-unirii\/#respond\"]}]},{\"@type\":\"WebPage\",\"@id\":\"https:\/\/carpathiacenter.ro\/primarul-daniel-baluta-a-semnat-contractul-de-finantare-pentru-refacerea-din-temelii-a-planseului-unirii\/\",\"url\":\"https:\/\/carpathiacenter.ro\/primarul-daniel-baluta-a-semnat-contractul-de-finantare-pentru-refacerea-din-temelii-a-planseului-unirii\/\",\"name\":\"Primarul Daniel B\u0103lu\u021b\u0103 a semnat contractul de finan\u021bare pentru refacerea din temelii a Plan\u0219eului Unirii - Carpathia Center Romania\",\"isPartOf\":{\"@id\":\"https:\/\/carpathiacenter.ro\/#website\"},\"primaryImageOfPage\":{\"@id\":\"https:\/\/carpathiacenter.ro\/primarul-daniel-baluta-a-semnat-contractul-de-finantare-pentru-refacerea-din-temelii-a-planseului-unirii\/#primaryimage\"},\"image\":{\"@id\":\"https:\/\/carpathiacenter.ro\/primarul-daniel-baluta-a-semnat-contractul-de-finantare-pentru-refacerea-din-temelii-a-planseului-unirii\/#primaryimage\"},\"thumbnailUrl\":\"https:\/\/carpathiacenter.ro\/wp-content\/uploads\/2024\/08\/baluta-candidatura-primar-sector-4-18895048.jpg\",\"datePublished\":\"2024-08-21T09:06:23+00:00\",\"dateModified\":\"2024-08-28T10:36:57+00:00\",\"breadcrumb\":{\"@id\":\"https:\/\/carpathiacenter.ro\/primarul-daniel-baluta-a-semnat-contractul-de-finantare-pentru-refacerea-din-temelii-a-planseului-unirii\/#breadcrumb\"},\"inLanguage\":\"en-GB\",\"potentialAction\":[{\"@type\":\"ReadAction\",\"target\":[\"https:\/\/carpathiacenter.ro\/primarul-daniel-baluta-a-semnat-contractul-de-finantare-pentru-refacerea-din-temelii-a-planseului-unirii\/\"]}]},{\"@type\":\"ImageObject\",\"inLanguage\":\"en-GB\",\"@id\":\"https:\/\/carpathiacenter.ro\/primarul-daniel-baluta-a-semnat-contractul-de-finantare-pentru-refacerea-din-temelii-a-planseului-unirii\/#primaryimage\",\"url\":\"https:\/\/carpathiacenter.ro\/wp-content\/uploads\/2024\/08\/baluta-candidatura-primar-sector-4-18895048.jpg\",\"contentUrl\":\"https:\/\/carpathiacenter.ro\/wp-content\/uploads\/2024\/08\/baluta-candidatura-primar-sector-4-18895048.jpg\",\"width\":820,\"height\":580},{\"@type\":\"BreadcrumbList\",\"@id\":\"https:\/\/carpathiacenter.ro\/primarul-daniel-baluta-a-semnat-contractul-de-finantare-pentru-refacerea-din-temelii-a-planseului-unirii\/#breadcrumb\",\"itemListElement\":[{\"@type\":\"ListItem\",\"position\":1,\"name\":\"Prima pagin\u0103\",\"item\":\"https:\/\/carpathiacenter.ro\/\"},{\"@type\":\"ListItem\",\"position\":2,\"name\":\"Primarul Daniel B\u0103lu\u021b\u0103 a semnat contractul de finan\u021bare pentru refacerea din temelii a Plan\u0219eului Unirii\"}]},{\"@type\":\"WebSite\",\"@id\":\"https:\/\/carpathiacenter.ro\/#website\",\"url\":\"https:\/\/carpathiacenter.ro\/\",\"name\":\"Carpathia Center Romania\",\"description\":\"Impossible made possible!\",\"publisher\":{\"@id\":\"https:\/\/carpathiacenter.ro\/#organization\"},\"potentialAction\":[{\"@type\":\"SearchAction\",\"target\":{\"@type\":\"EntryPoint\",\"urlTemplate\":\"https:\/\/carpathiacenter.ro\/?s={search_term_string}\"},\"query-input\":{\"@type\":\"PropertyValueSpecification\",\"valueRequired\":true,\"valueName\":\"search_term_string\"}}],\"inLanguage\":\"en-GB\"},{\"@type\":\"Organization\",\"@id\":\"https:\/\/carpathiacenter.ro\/#organization\",\"name\":\"Carpathia Center Romania\",\"url\":\"https:\/\/carpathiacenter.ro\/\",\"logo\":{\"@type\":\"ImageObject\",\"inLanguage\":\"en-GB\",\"@id\":\"https:\/\/carpathiacenter.ro\/#\/schema\/logo\/image\/\",\"url\":\"https:\/\/carpathiacenter.ro\/wp-content\/uploads\/2024\/07\/logo-carpathia_bg_white-1024x941.png\",\"contentUrl\":\"https:\/\/carpathiacenter.ro\/wp-content\/uploads\/2024\/07\/logo-carpathia_bg_white-1024x941.png\",\"width\":1024,\"height\":941,\"caption\":\"Carpathia Center Romania\"},\"image\":{\"@id\":\"https:\/\/carpathiacenter.ro\/#\/schema\/logo\/image\/\"},\"sameAs\":[\"https:\/\/www.facebook.com\/fdpscarpathia\/\"]},{\"@type\":\"Person\",\"@id\":\"https:\/\/carpathiacenter.ro\/#\/schema\/person\/03d9f58202fee8379268f34afa195006\",\"name\":\"creativebitsolutions\",\"image\":{\"@type\":\"ImageObject\",\"inLanguage\":\"en-GB\",\"@id\":\"https:\/\/carpathiacenter.ro\/#\/schema\/person\/image\/\",\"url\":\"https:\/\/secure.gravatar.com\/avatar\/1b1a13e37f847c635dab78348f1dff2f07651ee2a3d77a5c355a4b8c75f9165a?s=96&d=mm&r=g\",\"contentUrl\":\"https:\/\/secure.gravatar.com\/avatar\/1b1a13e37f847c635dab78348f1dff2f07651ee2a3d77a5c355a4b8c75f9165a?s=96&d=mm&r=g\",\"caption\":\"creativebitsolutions\"},\"url\":\"https:\/\/carpathiacenter.ro\/en\/author\/creativebitsolutions\/\"}]}<\/script>\n<!-- \/ Yoast SEO plugin. -->","yoast_head_json":{"title":"Primarul Daniel B\u0103lu\u021b\u0103 a semnat contractul de finan\u021bare pentru refacerea din temelii a Plan\u0219eului Unirii - Carpathia Center Romania","robots":{"index":"index","follow":"follow","max-snippet":"max-snippet:-1","max-image-preview":"max-image-preview:large","max-video-preview":"max-video-preview:-1"},"canonical":"https:\/\/carpathiacenter.ro\/en\/primarul-daniel-baluta-a-semnat-contractul-de-finantare-pentru-refacerea-din-temelii-a-planseului-unirii\/","og_locale":"en_GB","og_type":"article","og_title":"Primarul Daniel B\u0103lu\u021b\u0103 a semnat contractul de finan\u021bare pentru refacerea din temelii a Plan\u0219eului Unirii - Carpathia Center Romania","og_description":"Proiectul de reconstruc\u021bie total\u0103 a Plan\u0219eului Unirii \u2013 placa uria\u0219\u0103 de beton ce acoper\u0103 Pia\u021ba Unirii din centrul Bucure\u0219tiului \u2013 intr\u0103 pe ultima sut\u0103 de metri. \u00cen timp ce documentele pentru autorizarea lucr\u0103rilor de construire au fost depuse deja at\u00e2t la Prim\u0103ria Capitalei, c\u00e2t \u0219i la Prim\u0103ria Sectorului 3, primarul Daniel B\u0103lu\u021b\u0103 a semnat ast\u0103zi,...","og_url":"https:\/\/carpathiacenter.ro\/en\/primarul-daniel-baluta-a-semnat-contractul-de-finantare-pentru-refacerea-din-temelii-a-planseului-unirii\/","og_site_name":"Carpathia Center Romania","article_publisher":"https:\/\/www.facebook.com\/fdpscarpathia\/","article_published_time":"2024-08-21T09:06:23+00:00","article_modified_time":"2024-08-28T10:36:57+00:00","og_image":[{"width":820,"height":580,"url":"https:\/\/carpathiacenter.ro\/wp-content\/uploads\/2024\/08\/baluta-candidatura-primar-sector-4-18895048.jpg","type":"image\/jpeg"}],"author":"creativebitsolutions","twitter_card":"summary_large_image","twitter_misc":{"Written by":"creativebitsolutions","Estimated reading time":"6 minutes"},"schema":{"@context":"https:\/\/schema.org","@graph":[{"@type":"Article","@id":"https:\/\/carpathiacenter.ro\/primarul-daniel-baluta-a-semnat-contractul-de-finantare-pentru-refacerea-din-temelii-a-planseului-unirii\/#article","isPartOf":{"@id":"https:\/\/carpathiacenter.ro\/primarul-daniel-baluta-a-semnat-contractul-de-finantare-pentru-refacerea-din-temelii-a-planseului-unirii\/"},"author":{"name":"creativebitsolutions","@id":"https:\/\/carpathiacenter.ro\/#\/schema\/person\/03d9f58202fee8379268f34afa195006"},"headline":"Primarul Daniel B\u0103lu\u021b\u0103 a semnat contractul de finan\u021bare pentru refacerea din temelii a Plan\u0219eului Unirii","datePublished":"2024-08-21T09:06:23+00:00","dateModified":"2024-08-28T10:36:57+00:00","mainEntityOfPage":{"@id":"https:\/\/carpathiacenter.ro\/primarul-daniel-baluta-a-semnat-contractul-de-finantare-pentru-refacerea-din-temelii-a-planseului-unirii\/"},"wordCount":1214,"commentCount":0,"publisher":{"@id":"https:\/\/carpathiacenter.ro\/#organization"},"image":{"@id":"https:\/\/carpathiacenter.ro\/primarul-daniel-baluta-a-semnat-contractul-de-finantare-pentru-refacerea-din-temelii-a-planseului-unirii\/#primaryimage"},"thumbnailUrl":"https:\/\/carpathiacenter.ro\/wp-content\/uploads\/2024\/08\/baluta-candidatura-primar-sector-4-18895048.jpg","articleSection":["Uncategorized"],"inLanguage":"en-GB","potentialAction":[{"@type":"CommentAction","name":"Comment","target":["https:\/\/carpathiacenter.ro\/primarul-daniel-baluta-a-semnat-contractul-de-finantare-pentru-refacerea-din-temelii-a-planseului-unirii\/#respond"]}]},{"@type":"WebPage","@id":"https:\/\/carpathiacenter.ro\/primarul-daniel-baluta-a-semnat-contractul-de-finantare-pentru-refacerea-din-temelii-a-planseului-unirii\/","url":"https:\/\/carpathiacenter.ro\/primarul-daniel-baluta-a-semnat-contractul-de-finantare-pentru-refacerea-din-temelii-a-planseului-unirii\/","name":"Primarul Daniel B\u0103lu\u021b\u0103 a semnat contractul de finan\u021bare pentru refacerea din temelii a Plan\u0219eului Unirii - Carpathia Center Romania","isPartOf":{"@id":"https:\/\/carpathiacenter.ro\/#website"},"primaryImageOfPage":{"@id":"https:\/\/carpathiacenter.ro\/primarul-daniel-baluta-a-semnat-contractul-de-finantare-pentru-refacerea-din-temelii-a-planseului-unirii\/#primaryimage"},"image":{"@id":"https:\/\/carpathiacenter.ro\/primarul-daniel-baluta-a-semnat-contractul-de-finantare-pentru-refacerea-din-temelii-a-planseului-unirii\/#primaryimage"},"thumbnailUrl":"https:\/\/carpathiacenter.ro\/wp-content\/uploads\/2024\/08\/baluta-candidatura-primar-sector-4-18895048.jpg","datePublished":"2024-08-21T09:06:23+00:00","dateModified":"2024-08-28T10:36:57+00:00","breadcrumb":{"@id":"https:\/\/carpathiacenter.ro\/primarul-daniel-baluta-a-semnat-contractul-de-finantare-pentru-refacerea-din-temelii-a-planseului-unirii\/#breadcrumb"},"inLanguage":"en-GB","potentialAction":[{"@type":"ReadAction","target":["https:\/\/carpathiacenter.ro\/primarul-daniel-baluta-a-semnat-contractul-de-finantare-pentru-refacerea-din-temelii-a-planseului-unirii\/"]}]},{"@type":"ImageObject","inLanguage":"en-GB","@id":"https:\/\/carpathiacenter.ro\/primarul-daniel-baluta-a-semnat-contractul-de-finantare-pentru-refacerea-din-temelii-a-planseului-unirii\/#primaryimage","url":"https:\/\/carpathiacenter.ro\/wp-content\/uploads\/2024\/08\/baluta-candidatura-primar-sector-4-18895048.jpg","contentUrl":"https:\/\/carpathiacenter.ro\/wp-content\/uploads\/2024\/08\/baluta-candidatura-primar-sector-4-18895048.jpg","width":820,"height":580},{"@type":"BreadcrumbList","@id":"https:\/\/carpathiacenter.ro\/primarul-daniel-baluta-a-semnat-contractul-de-finantare-pentru-refacerea-din-temelii-a-planseului-unirii\/#breadcrumb","itemListElement":[{"@type":"ListItem","position":1,"name":"Prima pagin\u0103","item":"https:\/\/carpathiacenter.ro\/"},{"@type":"ListItem","position":2,"name":"Primarul Daniel B\u0103lu\u021b\u0103 a semnat contractul de finan\u021bare pentru refacerea din temelii a Plan\u0219eului Unirii"}]},{"@type":"WebSite","@id":"https:\/\/carpathiacenter.ro\/#website","url":"https:\/\/carpathiacenter.ro\/","name":"Carpathia Center Romania","description":"Impossible made possible!","publisher":{"@id":"https:\/\/carpathiacenter.ro\/#organization"},"potentialAction":[{"@type":"SearchAction","target":{"@type":"EntryPoint","urlTemplate":"https:\/\/carpathiacenter.ro\/?s={search_term_string}"},"query-input":{"@type":"PropertyValueSpecification","valueRequired":true,"valueName":"search_term_string"}}],"inLanguage":"en-GB"},{"@type":"Organization","@id":"https:\/\/carpathiacenter.ro\/#organization","name":"Carpathia Center Romania","url":"https:\/\/carpathiacenter.ro\/","logo":{"@type":"ImageObject","inLanguage":"en-GB","@id":"https:\/\/carpathiacenter.ro\/#\/schema\/logo\/image\/","url":"https:\/\/carpathiacenter.ro\/wp-content\/uploads\/2024\/07\/logo-carpathia_bg_white-1024x941.png","contentUrl":"https:\/\/carpathiacenter.ro\/wp-content\/uploads\/2024\/07\/logo-carpathia_bg_white-1024x941.png","width":1024,"height":941,"caption":"Carpathia Center Romania"},"image":{"@id":"https:\/\/carpathiacenter.ro\/#\/schema\/logo\/image\/"},"sameAs":["https:\/\/www.facebook.com\/fdpscarpathia\/"]},{"@type":"Person","@id":"https:\/\/carpathiacenter.ro\/#\/schema\/person\/03d9f58202fee8379268f34afa195006","name":"creativebitsolutions","image":{"@type":"ImageObject","inLanguage":"en-GB","@id":"https:\/\/carpathiacenter.ro\/#\/schema\/person\/image\/","url":"https:\/\/secure.gravatar.com\/avatar\/1b1a13e37f847c635dab78348f1dff2f07651ee2a3d77a5c355a4b8c75f9165a?s=96&d=mm&r=g","contentUrl":"https:\/\/secure.gravatar.com\/avatar\/1b1a13e37f847c635dab78348f1dff2f07651ee2a3d77a5c355a4b8c75f9165a?s=96&d=mm&r=g","caption":"creativebitsolutions"},"url":"https:\/\/carpathiacenter.ro\/en\/author\/creativebitsolutions\/"}]}},"_links":{"self":[{"href":"https:\/\/carpathiacenter.ro\/en\/wp-json\/wp\/v2\/posts\/1067","targetHints":{"allow":["GET"]}}],"collection":[{"href":"https:\/\/carpathiacenter.ro\/en\/wp-json\/wp\/v2\/posts"}],"about":[{"href":"https:\/\/carpathiacenter.ro\/en\/wp-json\/wp\/v2\/types\/post"}],"author":[{"embeddable":true,"href":"https:\/\/carpathiacenter.ro\/en\/wp-json\/wp\/v2\/users\/4"}],"replies":[{"embeddable":true,"href":"https:\/\/carpathiacenter.ro\/en\/wp-json\/wp\/v2\/comments?post=1067"}],"version-history":[{"count":4,"href":"https:\/\/carpathiacenter.ro\/en\/wp-json\/wp\/v2\/posts\/1067\/revisions"}],"predecessor-version":[{"id":1130,"href":"https:\/\/carpathiacenter.ro\/en\/wp-json\/wp\/v2\/posts\/1067\/revisions\/1130"}],"wp:featuredmedia":[{"embeddable":true,"href":"https:\/\/carpathiacenter.ro\/en\/wp-json\/wp\/v2\/media\/1068"}],"wp:attachment":[{"href":"https:\/\/carpathiacenter.ro\/en\/wp-json\/wp\/v2\/media?parent=1067"}],"wp:term":[{"taxonomy":"category","embeddable":true,"href":"https:\/\/carpathiacenter.ro\/en\/wp-json\/wp\/v2\/categories?post=1067"},{"taxonomy":"post_tag","embeddable":true,"href":"https:\/\/carpathiacenter.ro\/en\/wp-json\/wp\/v2\/tags?post=1067"}],"curies":[{"name":"wp","href":"https:\/\/api.w.org\/{rel}","templated":true}]}}