{"id":1064,"date":"2024-08-20T08:39:59","date_gmt":"2024-08-20T08:39:59","guid":{"rendered":"https:\/\/carpathiacenter.ro\/?p=1064"},"modified":"2024-08-28T10:41:43","modified_gmt":"2024-08-28T10:41:43","slug":"bursa-de-la-bucuresti-a-inchis-in-crestere-prima-sedinta-a-acestei-saptamani","status":"publish","type":"post","link":"https:\/\/carpathiacenter.ro\/en\/bursa-de-la-bucuresti-a-inchis-in-crestere-prima-sedinta-a-acestei-saptamani\/","title":{"rendered":"Bursa de la Bucure\u015fti a \u00eenchis \u00een cre\u015ftere prima \u015fedin\u0163\u0103 a acestei s\u0103pt\u0103m\u00e2ni"},"content":{"rendered":"<div class=\"description_articol\">\n<p><span style=\"font-size:18px;\"><strong>Bursa de la Bucure\u015fti a \u00eenchis \u00een cre\u015ftere \u015fedin\u0163a de luni, iar valoarea tranzac\u0163iilor s-a cifrat la 48,99 milioane lei (9,84 milioane euro).<\/strong><\/p>\n<p>Principalul indice al Bursei, <strong>BET<\/strong>, care include cele mai tranzac\u0163ionate 20 de companii listate pe Pia\u0163a Reglementat\u0103, a \u00eenregistrat o apreciere de 0,29%, p\u00e2n\u0103 la 18.191,96 puncte, iar <strong>BET-Plus<\/strong>, care arat\u0103 evolu\u0163ia celor mai lichide 43 de ac\u0163iuni de la Burs\u0103, a \u00eenchis cu un avans de 0,31%.<\/p>\n<p>Indicele blue-chip extins <strong>BET-XT<\/strong>, al celor mai lichide 25 de titluri, a consemnat o cre\u015ftere de 0,20%, \u00een timp ce indicele SIF-urilor, <strong>BET-FI<\/strong>, a \u00eenchis cu o apreciere de 0,49%.<\/p>\n<p>Indicele <strong>BET-BK<\/strong>, reperul de randament al fondurilor de investi\u0163ii, a urcat cu 0,10%, iar <strong>BET-NG<\/strong>, care m\u0103soar\u0103 evolu\u0163ia celor zece companii energetice \u015fi de utilit\u0103\u0163i, a \u00eenchis \u00een cobor\u00e2re cu 0,14%.<\/p>\n<p>Indicele <strong>BET AeRO<\/strong>, care include 20 de companii reprezentative de pe pia\u0163a AeRO, a consemnat o depreciere de 0,42%.<\/p>\n<p><strong>Cele mai lichide titluri<\/strong> au fost cele ale OMV Petrom, cu tranzac\u0163ii de 16,09 milioane de lei, urmate de ac\u0163iunile B\u0103ncii Transilvania &#8211; 11,28 milioane de lei \u015fi ale Hidroelectrica &#8211; 1,83 milioane de lei.<\/p>\n<p><strong>Cele mai bune evolu\u0163ii<\/strong> au fost \u00eenregistrate de ac\u0163iunile Societ\u0103\u0163ii de Construc\u0163ii Napoca (+12,33%), Electromagnetica (+6,37%) \u015fi Carbochim (+4,08%).<\/p>\n<p>Pe de alt\u0103 parte, <strong>cele mai importante sc\u0103deri <\/strong>au fost consemnate de ac\u0163iunile Altur (-7,47%), Turism Felix (-3,33%) \u015fi Turism, Hoteluri, Restaurante Marea Neagr\u0103 (-3,23%).<br \/>\n<br \/>\nAGERPRES\/(AS &#8211; editor: Oana Tilic\u0103, editor online: Gabriela Badea)&nbsp;<\/span><\/p>\n<p><a target=\"_blank\" href=\"https:\/\/www.agerpres.ro\/economic-intern\/2024\/08\/19\/bursa-de-la-bucuresti-a-inchis-in-crestere-prima-sedinta-a-acestei-saptamani--1342843\" rel=\"noopener\">Sursa articolului<\/a><\/p>\n<\/div>","protected":false},"excerpt":{"rendered":"<p>Bursa de la Bucure\u015fti a \u00eenchis \u00een cre\u015ftere \u015fedin\u0163a de luni, iar valoarea tranzac\u0163iilor s-a cifrat la 48,99 milioane lei (9,84 milioane euro). Principalul indice al Bursei, BET, care include cele mai tranzac\u0163ionate 20 de companii listate pe Pia\u0163a Reglementat\u0103, a \u00eenregistrat o apreciere de 0,29%, p\u00e2n\u0103 la 18.191,96 puncte, iar BET-Plus, care arat\u0103 evolu\u0163ia&#8230;<\/p>","protected":false},"author":4,"featured_media":1065,"comment_status":"open","ping_status":"open","sticky":false,"template":"","format":"standard","meta":{"footnotes":""},"categories":[1],"tags":[],"class_list":["post-1064","post","type-post","status-publish","format-standard","has-post-thumbnail","hentry","category-uncategorized"],"yoast_head":"<!-- This site is optimized with the Yoast SEO plugin v26.1.1 - https:\/\/yoast.com\/wordpress\/plugins\/seo\/ -->\n<title>Bursa de la Bucure\u015fti a \u00eenchis \u00een cre\u015ftere prima \u015fedin\u0163\u0103 a acestei s\u0103pt\u0103m\u00e2ni - Carpathia Center Romania<\/title>\n<meta name=\"robots\" content=\"index, follow, max-snippet:-1, max-image-preview:large, max-video-preview:-1\" \/>\n<link rel=\"canonical\" href=\"https:\/\/carpathiacenter.ro\/en\/bursa-de-la-bucuresti-a-inchis-in-crestere-prima-sedinta-a-acestei-saptamani\/\" \/>\n<meta property=\"og:locale\" content=\"en_GB\" \/>\n<meta property=\"og:type\" content=\"article\" \/>\n<meta property=\"og:title\" content=\"Bursa de la Bucure\u015fti a \u00eenchis \u00een cre\u015ftere prima \u015fedin\u0163\u0103 a acestei s\u0103pt\u0103m\u00e2ni - Carpathia Center Romania\" \/>\n<meta property=\"og:description\" content=\"Bursa de la Bucure\u015fti a \u00eenchis \u00een cre\u015ftere \u015fedin\u0163a de luni, iar valoarea tranzac\u0163iilor s-a cifrat la 48,99 milioane lei (9,84 milioane euro). Principalul indice al Bursei, BET, care include cele mai tranzac\u0163ionate 20 de companii listate pe Pia\u0163a Reglementat\u0103, a \u00eenregistrat o apreciere de 0,29%, p\u00e2n\u0103 la 18.191,96 puncte, iar BET-Plus, care arat\u0103 evolu\u0163ia...\" \/>\n<meta property=\"og:url\" content=\"https:\/\/carpathiacenter.ro\/en\/bursa-de-la-bucuresti-a-inchis-in-crestere-prima-sedinta-a-acestei-saptamani\/\" \/>\n<meta property=\"og:site_name\" content=\"Carpathia Center Romania\" \/>\n<meta property=\"article:publisher\" content=\"https:\/\/www.facebook.com\/fdpscarpathia\/\" \/>\n<meta property=\"article:published_time\" content=\"2024-08-20T08:39:59+00:00\" \/>\n<meta property=\"article:modified_time\" content=\"2024-08-28T10:41:43+00:00\" \/>\n<meta property=\"og:image\" content=\"https:\/\/carpathiacenter.ro\/wp-content\/uploads\/2024\/08\/media-171881302324481800.jpg\" \/>\n\t<meta property=\"og:image:width\" content=\"1200\" \/>\n\t<meta property=\"og:image:height\" content=\"800\" \/>\n\t<meta property=\"og:image:type\" content=\"image\/jpeg\" \/>\n<meta name=\"author\" content=\"creativebitsolutions\" \/>\n<meta name=\"twitter:card\" content=\"summary_large_image\" \/>\n<meta name=\"twitter:label1\" content=\"Written by\" \/>\n\t<meta name=\"twitter:data1\" content=\"creativebitsolutions\" \/>\n\t<meta name=\"twitter:label2\" content=\"Estimated reading time\" \/>\n\t<meta name=\"twitter:data2\" content=\"1 minute\" \/>\n<script type=\"application\/ld+json\" class=\"yoast-schema-graph\">{\"@context\":\"https:\/\/schema.org\",\"@graph\":[{\"@type\":\"Article\",\"@id\":\"https:\/\/carpathiacenter.ro\/bursa-de-la-bucuresti-a-inchis-in-crestere-prima-sedinta-a-acestei-saptamani\/#article\",\"isPartOf\":{\"@id\":\"https:\/\/carpathiacenter.ro\/bursa-de-la-bucuresti-a-inchis-in-crestere-prima-sedinta-a-acestei-saptamani\/\"},\"author\":{\"name\":\"creativebitsolutions\",\"@id\":\"https:\/\/carpathiacenter.ro\/#\/schema\/person\/03d9f58202fee8379268f34afa195006\"},\"headline\":\"Bursa de la Bucure\u015fti a \u00eenchis \u00een cre\u015ftere prima \u015fedin\u0163\u0103 a acestei s\u0103pt\u0103m\u00e2ni\",\"datePublished\":\"2024-08-20T08:39:59+00:00\",\"dateModified\":\"2024-08-28T10:41:43+00:00\",\"mainEntityOfPage\":{\"@id\":\"https:\/\/carpathiacenter.ro\/bursa-de-la-bucuresti-a-inchis-in-crestere-prima-sedinta-a-acestei-saptamani\/\"},\"wordCount\":266,\"commentCount\":0,\"publisher\":{\"@id\":\"https:\/\/carpathiacenter.ro\/#organization\"},\"image\":{\"@id\":\"https:\/\/carpathiacenter.ro\/bursa-de-la-bucuresti-a-inchis-in-crestere-prima-sedinta-a-acestei-saptamani\/#primaryimage\"},\"thumbnailUrl\":\"https:\/\/carpathiacenter.ro\/wp-content\/uploads\/2024\/08\/media-171881302324481800.jpg\",\"articleSection\":[\"Uncategorized\"],\"inLanguage\":\"en-GB\",\"potentialAction\":[{\"@type\":\"CommentAction\",\"name\":\"Comment\",\"target\":[\"https:\/\/carpathiacenter.ro\/bursa-de-la-bucuresti-a-inchis-in-crestere-prima-sedinta-a-acestei-saptamani\/#respond\"]}]},{\"@type\":\"WebPage\",\"@id\":\"https:\/\/carpathiacenter.ro\/bursa-de-la-bucuresti-a-inchis-in-crestere-prima-sedinta-a-acestei-saptamani\/\",\"url\":\"https:\/\/carpathiacenter.ro\/bursa-de-la-bucuresti-a-inchis-in-crestere-prima-sedinta-a-acestei-saptamani\/\",\"name\":\"Bursa de la Bucure\u015fti a \u00eenchis \u00een cre\u015ftere prima \u015fedin\u0163\u0103 a acestei s\u0103pt\u0103m\u00e2ni - Carpathia Center Romania\",\"isPartOf\":{\"@id\":\"https:\/\/carpathiacenter.ro\/#website\"},\"primaryImageOfPage\":{\"@id\":\"https:\/\/carpathiacenter.ro\/bursa-de-la-bucuresti-a-inchis-in-crestere-prima-sedinta-a-acestei-saptamani\/#primaryimage\"},\"image\":{\"@id\":\"https:\/\/carpathiacenter.ro\/bursa-de-la-bucuresti-a-inchis-in-crestere-prima-sedinta-a-acestei-saptamani\/#primaryimage\"},\"thumbnailUrl\":\"https:\/\/carpathiacenter.ro\/wp-content\/uploads\/2024\/08\/media-171881302324481800.jpg\",\"datePublished\":\"2024-08-20T08:39:59+00:00\",\"dateModified\":\"2024-08-28T10:41:43+00:00\",\"breadcrumb\":{\"@id\":\"https:\/\/carpathiacenter.ro\/bursa-de-la-bucuresti-a-inchis-in-crestere-prima-sedinta-a-acestei-saptamani\/#breadcrumb\"},\"inLanguage\":\"en-GB\",\"potentialAction\":[{\"@type\":\"ReadAction\",\"target\":[\"https:\/\/carpathiacenter.ro\/bursa-de-la-bucuresti-a-inchis-in-crestere-prima-sedinta-a-acestei-saptamani\/\"]}]},{\"@type\":\"ImageObject\",\"inLanguage\":\"en-GB\",\"@id\":\"https:\/\/carpathiacenter.ro\/bursa-de-la-bucuresti-a-inchis-in-crestere-prima-sedinta-a-acestei-saptamani\/#primaryimage\",\"url\":\"https:\/\/carpathiacenter.ro\/wp-content\/uploads\/2024\/08\/media-171881302324481800.jpg\",\"contentUrl\":\"https:\/\/carpathiacenter.ro\/wp-content\/uploads\/2024\/08\/media-171881302324481800.jpg\",\"width\":1200,\"height\":800},{\"@type\":\"BreadcrumbList\",\"@id\":\"https:\/\/carpathiacenter.ro\/bursa-de-la-bucuresti-a-inchis-in-crestere-prima-sedinta-a-acestei-saptamani\/#breadcrumb\",\"itemListElement\":[{\"@type\":\"ListItem\",\"position\":1,\"name\":\"Prima pagin\u0103\",\"item\":\"https:\/\/carpathiacenter.ro\/\"},{\"@type\":\"ListItem\",\"position\":2,\"name\":\"Bursa de la Bucure\u015fti a \u00eenchis \u00een cre\u015ftere prima \u015fedin\u0163\u0103 a acestei s\u0103pt\u0103m\u00e2ni\"}]},{\"@type\":\"WebSite\",\"@id\":\"https:\/\/carpathiacenter.ro\/#website\",\"url\":\"https:\/\/carpathiacenter.ro\/\",\"name\":\"Carpathia Center Romania\",\"description\":\"Impossible made possible!\",\"publisher\":{\"@id\":\"https:\/\/carpathiacenter.ro\/#organization\"},\"potentialAction\":[{\"@type\":\"SearchAction\",\"target\":{\"@type\":\"EntryPoint\",\"urlTemplate\":\"https:\/\/carpathiacenter.ro\/?s={search_term_string}\"},\"query-input\":{\"@type\":\"PropertyValueSpecification\",\"valueRequired\":true,\"valueName\":\"search_term_string\"}}],\"inLanguage\":\"en-GB\"},{\"@type\":\"Organization\",\"@id\":\"https:\/\/carpathiacenter.ro\/#organization\",\"name\":\"Carpathia Center Romania\",\"url\":\"https:\/\/carpathiacenter.ro\/\",\"logo\":{\"@type\":\"ImageObject\",\"inLanguage\":\"en-GB\",\"@id\":\"https:\/\/carpathiacenter.ro\/#\/schema\/logo\/image\/\",\"url\":\"https:\/\/carpathiacenter.ro\/wp-content\/uploads\/2024\/07\/logo-carpathia_bg_white-1024x941.png\",\"contentUrl\":\"https:\/\/carpathiacenter.ro\/wp-content\/uploads\/2024\/07\/logo-carpathia_bg_white-1024x941.png\",\"width\":1024,\"height\":941,\"caption\":\"Carpathia Center Romania\"},\"image\":{\"@id\":\"https:\/\/carpathiacenter.ro\/#\/schema\/logo\/image\/\"},\"sameAs\":[\"https:\/\/www.facebook.com\/fdpscarpathia\/\"]},{\"@type\":\"Person\",\"@id\":\"https:\/\/carpathiacenter.ro\/#\/schema\/person\/03d9f58202fee8379268f34afa195006\",\"name\":\"creativebitsolutions\",\"image\":{\"@type\":\"ImageObject\",\"inLanguage\":\"en-GB\",\"@id\":\"https:\/\/carpathiacenter.ro\/#\/schema\/person\/image\/\",\"url\":\"https:\/\/secure.gravatar.com\/avatar\/1b1a13e37f847c635dab78348f1dff2f07651ee2a3d77a5c355a4b8c75f9165a?s=96&d=mm&r=g\",\"contentUrl\":\"https:\/\/secure.gravatar.com\/avatar\/1b1a13e37f847c635dab78348f1dff2f07651ee2a3d77a5c355a4b8c75f9165a?s=96&d=mm&r=g\",\"caption\":\"creativebitsolutions\"},\"url\":\"https:\/\/carpathiacenter.ro\/en\/author\/creativebitsolutions\/\"}]}<\/script>\n<!-- \/ Yoast SEO plugin. -->","yoast_head_json":{"title":"Bursa de la Bucure\u015fti a \u00eenchis \u00een cre\u015ftere prima \u015fedin\u0163\u0103 a acestei s\u0103pt\u0103m\u00e2ni - Carpathia Center Romania","robots":{"index":"index","follow":"follow","max-snippet":"max-snippet:-1","max-image-preview":"max-image-preview:large","max-video-preview":"max-video-preview:-1"},"canonical":"https:\/\/carpathiacenter.ro\/en\/bursa-de-la-bucuresti-a-inchis-in-crestere-prima-sedinta-a-acestei-saptamani\/","og_locale":"en_GB","og_type":"article","og_title":"Bursa de la Bucure\u015fti a \u00eenchis \u00een cre\u015ftere prima \u015fedin\u0163\u0103 a acestei s\u0103pt\u0103m\u00e2ni - Carpathia Center Romania","og_description":"Bursa de la Bucure\u015fti a \u00eenchis \u00een cre\u015ftere \u015fedin\u0163a de luni, iar valoarea tranzac\u0163iilor s-a cifrat la 48,99 milioane lei (9,84 milioane euro). Principalul indice al Bursei, BET, care include cele mai tranzac\u0163ionate 20 de companii listate pe Pia\u0163a Reglementat\u0103, a \u00eenregistrat o apreciere de 0,29%, p\u00e2n\u0103 la 18.191,96 puncte, iar BET-Plus, care arat\u0103 evolu\u0163ia...","og_url":"https:\/\/carpathiacenter.ro\/en\/bursa-de-la-bucuresti-a-inchis-in-crestere-prima-sedinta-a-acestei-saptamani\/","og_site_name":"Carpathia Center Romania","article_publisher":"https:\/\/www.facebook.com\/fdpscarpathia\/","article_published_time":"2024-08-20T08:39:59+00:00","article_modified_time":"2024-08-28T10:41:43+00:00","og_image":[{"width":1200,"height":800,"url":"https:\/\/carpathiacenter.ro\/wp-content\/uploads\/2024\/08\/media-171881302324481800.jpg","type":"image\/jpeg"}],"author":"creativebitsolutions","twitter_card":"summary_large_image","twitter_misc":{"Written by":"creativebitsolutions","Estimated reading time":"1 minute"},"schema":{"@context":"https:\/\/schema.org","@graph":[{"@type":"Article","@id":"https:\/\/carpathiacenter.ro\/bursa-de-la-bucuresti-a-inchis-in-crestere-prima-sedinta-a-acestei-saptamani\/#article","isPartOf":{"@id":"https:\/\/carpathiacenter.ro\/bursa-de-la-bucuresti-a-inchis-in-crestere-prima-sedinta-a-acestei-saptamani\/"},"author":{"name":"creativebitsolutions","@id":"https:\/\/carpathiacenter.ro\/#\/schema\/person\/03d9f58202fee8379268f34afa195006"},"headline":"Bursa de la Bucure\u015fti a \u00eenchis \u00een cre\u015ftere prima \u015fedin\u0163\u0103 a acestei s\u0103pt\u0103m\u00e2ni","datePublished":"2024-08-20T08:39:59+00:00","dateModified":"2024-08-28T10:41:43+00:00","mainEntityOfPage":{"@id":"https:\/\/carpathiacenter.ro\/bursa-de-la-bucuresti-a-inchis-in-crestere-prima-sedinta-a-acestei-saptamani\/"},"wordCount":266,"commentCount":0,"publisher":{"@id":"https:\/\/carpathiacenter.ro\/#organization"},"image":{"@id":"https:\/\/carpathiacenter.ro\/bursa-de-la-bucuresti-a-inchis-in-crestere-prima-sedinta-a-acestei-saptamani\/#primaryimage"},"thumbnailUrl":"https:\/\/carpathiacenter.ro\/wp-content\/uploads\/2024\/08\/media-171881302324481800.jpg","articleSection":["Uncategorized"],"inLanguage":"en-GB","potentialAction":[{"@type":"CommentAction","name":"Comment","target":["https:\/\/carpathiacenter.ro\/bursa-de-la-bucuresti-a-inchis-in-crestere-prima-sedinta-a-acestei-saptamani\/#respond"]}]},{"@type":"WebPage","@id":"https:\/\/carpathiacenter.ro\/bursa-de-la-bucuresti-a-inchis-in-crestere-prima-sedinta-a-acestei-saptamani\/","url":"https:\/\/carpathiacenter.ro\/bursa-de-la-bucuresti-a-inchis-in-crestere-prima-sedinta-a-acestei-saptamani\/","name":"Bursa de la Bucure\u015fti a \u00eenchis \u00een cre\u015ftere prima \u015fedin\u0163\u0103 a acestei s\u0103pt\u0103m\u00e2ni - Carpathia Center Romania","isPartOf":{"@id":"https:\/\/carpathiacenter.ro\/#website"},"primaryImageOfPage":{"@id":"https:\/\/carpathiacenter.ro\/bursa-de-la-bucuresti-a-inchis-in-crestere-prima-sedinta-a-acestei-saptamani\/#primaryimage"},"image":{"@id":"https:\/\/carpathiacenter.ro\/bursa-de-la-bucuresti-a-inchis-in-crestere-prima-sedinta-a-acestei-saptamani\/#primaryimage"},"thumbnailUrl":"https:\/\/carpathiacenter.ro\/wp-content\/uploads\/2024\/08\/media-171881302324481800.jpg","datePublished":"2024-08-20T08:39:59+00:00","dateModified":"2024-08-28T10:41:43+00:00","breadcrumb":{"@id":"https:\/\/carpathiacenter.ro\/bursa-de-la-bucuresti-a-inchis-in-crestere-prima-sedinta-a-acestei-saptamani\/#breadcrumb"},"inLanguage":"en-GB","potentialAction":[{"@type":"ReadAction","target":["https:\/\/carpathiacenter.ro\/bursa-de-la-bucuresti-a-inchis-in-crestere-prima-sedinta-a-acestei-saptamani\/"]}]},{"@type":"ImageObject","inLanguage":"en-GB","@id":"https:\/\/carpathiacenter.ro\/bursa-de-la-bucuresti-a-inchis-in-crestere-prima-sedinta-a-acestei-saptamani\/#primaryimage","url":"https:\/\/carpathiacenter.ro\/wp-content\/uploads\/2024\/08\/media-171881302324481800.jpg","contentUrl":"https:\/\/carpathiacenter.ro\/wp-content\/uploads\/2024\/08\/media-171881302324481800.jpg","width":1200,"height":800},{"@type":"BreadcrumbList","@id":"https:\/\/carpathiacenter.ro\/bursa-de-la-bucuresti-a-inchis-in-crestere-prima-sedinta-a-acestei-saptamani\/#breadcrumb","itemListElement":[{"@type":"ListItem","position":1,"name":"Prima pagin\u0103","item":"https:\/\/carpathiacenter.ro\/"},{"@type":"ListItem","position":2,"name":"Bursa de la Bucure\u015fti a \u00eenchis \u00een cre\u015ftere prima \u015fedin\u0163\u0103 a acestei s\u0103pt\u0103m\u00e2ni"}]},{"@type":"WebSite","@id":"https:\/\/carpathiacenter.ro\/#website","url":"https:\/\/carpathiacenter.ro\/","name":"Carpathia Center Romania","description":"Impossible made possible!","publisher":{"@id":"https:\/\/carpathiacenter.ro\/#organization"},"potentialAction":[{"@type":"SearchAction","target":{"@type":"EntryPoint","urlTemplate":"https:\/\/carpathiacenter.ro\/?s={search_term_string}"},"query-input":{"@type":"PropertyValueSpecification","valueRequired":true,"valueName":"search_term_string"}}],"inLanguage":"en-GB"},{"@type":"Organization","@id":"https:\/\/carpathiacenter.ro\/#organization","name":"Carpathia Center Romania","url":"https:\/\/carpathiacenter.ro\/","logo":{"@type":"ImageObject","inLanguage":"en-GB","@id":"https:\/\/carpathiacenter.ro\/#\/schema\/logo\/image\/","url":"https:\/\/carpathiacenter.ro\/wp-content\/uploads\/2024\/07\/logo-carpathia_bg_white-1024x941.png","contentUrl":"https:\/\/carpathiacenter.ro\/wp-content\/uploads\/2024\/07\/logo-carpathia_bg_white-1024x941.png","width":1024,"height":941,"caption":"Carpathia Center Romania"},"image":{"@id":"https:\/\/carpathiacenter.ro\/#\/schema\/logo\/image\/"},"sameAs":["https:\/\/www.facebook.com\/fdpscarpathia\/"]},{"@type":"Person","@id":"https:\/\/carpathiacenter.ro\/#\/schema\/person\/03d9f58202fee8379268f34afa195006","name":"creativebitsolutions","image":{"@type":"ImageObject","inLanguage":"en-GB","@id":"https:\/\/carpathiacenter.ro\/#\/schema\/person\/image\/","url":"https:\/\/secure.gravatar.com\/avatar\/1b1a13e37f847c635dab78348f1dff2f07651ee2a3d77a5c355a4b8c75f9165a?s=96&d=mm&r=g","contentUrl":"https:\/\/secure.gravatar.com\/avatar\/1b1a13e37f847c635dab78348f1dff2f07651ee2a3d77a5c355a4b8c75f9165a?s=96&d=mm&r=g","caption":"creativebitsolutions"},"url":"https:\/\/carpathiacenter.ro\/en\/author\/creativebitsolutions\/"}]}},"_links":{"self":[{"href":"https:\/\/carpathiacenter.ro\/en\/wp-json\/wp\/v2\/posts\/1064","targetHints":{"allow":["GET"]}}],"collection":[{"href":"https:\/\/carpathiacenter.ro\/en\/wp-json\/wp\/v2\/posts"}],"about":[{"href":"https:\/\/carpathiacenter.ro\/en\/wp-json\/wp\/v2\/types\/post"}],"author":[{"embeddable":true,"href":"https:\/\/carpathiacenter.ro\/en\/wp-json\/wp\/v2\/users\/4"}],"replies":[{"embeddable":true,"href":"https:\/\/carpathiacenter.ro\/en\/wp-json\/wp\/v2\/comments?post=1064"}],"version-history":[{"count":4,"href":"https:\/\/carpathiacenter.ro\/en\/wp-json\/wp\/v2\/posts\/1064\/revisions"}],"predecessor-version":[{"id":1133,"href":"https:\/\/carpathiacenter.ro\/en\/wp-json\/wp\/v2\/posts\/1064\/revisions\/1133"}],"wp:featuredmedia":[{"embeddable":true,"href":"https:\/\/carpathiacenter.ro\/en\/wp-json\/wp\/v2\/media\/1065"}],"wp:attachment":[{"href":"https:\/\/carpathiacenter.ro\/en\/wp-json\/wp\/v2\/media?parent=1064"}],"wp:term":[{"taxonomy":"category","embeddable":true,"href":"https:\/\/carpathiacenter.ro\/en\/wp-json\/wp\/v2\/categories?post=1064"},{"taxonomy":"post_tag","embeddable":true,"href":"https:\/\/carpathiacenter.ro\/en\/wp-json\/wp\/v2\/tags?post=1064"}],"curies":[{"name":"wp","href":"https:\/\/api.w.org\/{rel}","templated":true}]}}